{"id":199992,"date":"2025-09-01T13:26:26","date_gmt":"2025-09-01T10:26:26","guid":{"rendered":"https:\/\/www.enerjigazetesi.ist\/?p=199992"},"modified":"2025-09-01T13:26:40","modified_gmt":"2025-09-01T10:26:40","slug":"enerji-dolu-fikirler-yarismasina-basvurular-1-ekime-kadar-uzatildi","status":"publish","type":"post","link":"https:\/\/www.enerjigazetesi.ist\/en\/enerji-dolu-fikirler-yarismasina-basvurular-1-ekime-kadar-uzatildi\/","title":{"rendered":"(Turkish) Enerji Dolu Fikirler Yar\u0131\u015fmas\u0131na Ba\u015fvurular 1 Ekim\u2019e Kadar Uzat\u0131ld\u0131"},"content":{"rendered":"<p class=\"qtranxs-available-languages-message qtranxs-available-languages-message-en\">Sorry, this entry is only available in <a href=\"https:\/\/www.enerjigazetesi.ist\/tr\/wp-json\/wp\/v2\/posts\/199992\" class=\"qtranxs-available-language-link qtranxs-available-language-link-tr\" title=\"Turkish\">Turkish<\/a>. For the sake of viewer convenience, the content is shown below in the alternative language. You may click the link to switch the active language.<\/p><p><\/p>\n<h2><strong>Elektrik da\u011f\u0131t\u0131m \u015firketi OEDA\u015e\u2019\u0131n Ar-Ge departman\u0131 taraf\u0131ndan enerji sekt\u00f6r\u00fcnde yenilik\u00e7i fikirlerin ortaya \u00e7\u0131kmas\u0131na katk\u0131 sa\u011flamak amac\u0131yla d\u00fczenlenen \u201cEnerji Dolu F2rler: Watt\u2019s Next\u201d yar\u0131\u015fmas\u0131n\u0131n ba\u015fvurular\u0131, gelen talepler \u00fczerine 1 Ekim 2025 tarihine kadar uzat\u0131ld\u0131.<\/strong><\/h2>\n<p><strong> <img loading=\"lazy\" class=\"aligncenter wp-image-199993\" src=\"https:\/\/www.enerjigazetesi.ist\/wp-content\/uploads\/2025\/09\/OEDAS_Gorsel.jpg\" alt=\"\" width=\"550\" height=\"541\" srcset=\"https:\/\/www.enerjigazetesi.ist\/wp-content\/uploads\/2025\/09\/OEDAS_Gorsel.jpg 488w, https:\/\/www.enerjigazetesi.ist\/wp-content\/uploads\/2025\/09\/OEDAS_Gorsel-300x295.jpg 300w, https:\/\/www.enerjigazetesi.ist\/wp-content\/uploads\/2025\/09\/OEDAS_Gorsel-407x400.jpg 407w, https:\/\/www.enerjigazetesi.ist\/wp-content\/uploads\/2025\/09\/OEDAS_Gorsel-51x50.jpg 51w\" sizes=\"(max-width: 550px) 100vw, 550px\" \/><\/strong><\/p>\n<p>Enerji sekt\u00f6r\u00fcn\u00fcn gelece\u011fine y\u00f6n verecek teknolojik, \u00e7evresel ve operasyonel \u00e7\u00f6z\u00fcmlerin geli\u015ftirilmesine katk\u0131 sunmak \u00fczere \u201cEnerji Dolu F2rler: Watt\u2019s Next\u201d isimli bir yar\u0131\u015fma d\u00fczenleyen <strong>Osmangazi Elektrik Da\u011f\u0131t\u0131m A\u015e (OEDA\u015e) Ar-Ge departman\u0131,<\/strong> gelen talepler \u00fczerine son ba\u015fvuru tarihini 1 Eyl\u00fcl\u2019den 1 Ekim\u2019e uzatt\u0131.<\/p>\n<p>Yar\u0131\u015fmaya; enerji, \u00e7evre teknolojileri, s\u00fcrd\u00fcr\u00fclebilirlik ve dijital d\u00f6n\u00fc\u015f\u00fcm alanlar\u0131nda fikri veya giri\u015fimi olan \u015fah\u0131s firmalar\u0131, \u015firketler, teknokent firmalar\u0131 ve \u00fcniversite kulu\u00e7ka giri\u015fimleri ba\u015fvurabiliyor.<\/p>\n<p>Yar\u0131\u015fmada kurum d\u0131\u015f\u0131 kategorinin birincisi 700 bin TL, ikincisi 500 bin TL, \u00fc\u00e7\u00fcnc\u00fcs\u00fc ise 300 bin TL\u2019lik \u00f6d\u00fcl\u00fcn sahibi olacak. Kurum i\u00e7i kategoride ise \u00f6d\u00fcller s\u0131ras\u0131yla 100 bin, 75 bin ve 50 bin TL olarak belirlendi.<\/p>\n<p>Ayr\u0131nt\u0131l\u0131 Bilgi \u0130\u00e7in:\u00a0<a href=\"https:\/\/enerjidolufikirler.oedas.com.tr\/\">enerjidolufikirler.oedas.com.tr<\/a><\/p>\n<p>Yay\u0131na Alan: Alperen ERTA\u015e-<a href=\"http:\/\/alperen.ertas@enerjigazetesi.ist\">alperen.ertas@enerjigazetesi.ist<\/a><\/p>","protected":false},"excerpt":{"rendered":"<p>Sorry, this entry is only available in Turkish. For the sake of viewer convenience, the content is shown below in the alternative language. You may click the link to switch the active language. Elektrik da\u011f\u0131t\u0131m \u015firketi OEDA\u015e\u2019\u0131n Ar-Ge departman\u0131 taraf\u0131ndan enerji sekt\u00f6r\u00fcnde yenilik\u00e7i fikirlerin ortaya \u00e7\u0131kmas\u0131na katk\u0131 sa\u011flamak amac\u0131yla d\u00fczenlenen \u201cEnerji Dolu F2rler: Watt\u2019s Next\u201d [&hellip;]<\/p>\n","protected":false},"author":19,"featured_media":199993,"comment_status":"open","ping_status":"open","sticky":false,"template":"","format":"standard","meta":[],"categories":[51,53],"tags":[117068,117069],"views":15,"_links":{"self":[{"href":"https:\/\/www.enerjigazetesi.ist\/en\/wp-json\/wp\/v2\/posts\/199992"}],"collection":[{"href":"https:\/\/www.enerjigazetesi.ist\/en\/wp-json\/wp\/v2\/posts"}],"about":[{"href":"https:\/\/www.enerjigazetesi.ist\/en\/wp-json\/wp\/v2\/types\/post"}],"author":[{"embeddable":true,"href":"https:\/\/www.enerjigazetesi.ist\/en\/wp-json\/wp\/v2\/users\/19"}],"replies":[{"embeddable":true,"href":"https:\/\/www.enerjigazetesi.ist\/en\/wp-json\/wp\/v2\/comments?post=199992"}],"version-history":[{"count":0,"href":"https:\/\/www.enerjigazetesi.ist\/en\/wp-json\/wp\/v2\/posts\/199992\/revisions"}],"wp:featuredmedia":[{"embeddable":true,"href":"https:\/\/www.enerjigazetesi.ist\/en\/wp-json\/wp\/v2\/media\/199993"}],"wp:attachment":[{"href":"https:\/\/www.enerjigazetesi.ist\/en\/wp-json\/wp\/v2\/media?parent=199992"}],"wp:term":[{"taxonomy":"category","embeddable":true,"href":"https:\/\/www.enerjigazetesi.ist\/en\/wp-json\/wp\/v2\/categories?post=199992"},{"taxonomy":"post_tag","embeddable":true,"href":"https:\/\/www.enerjigazetesi.ist\/en\/wp-json\/wp\/v2\/tags?post=199992"}],"curies":[{"name":"wp","href":"https:\/\/api.w.org\/{rel}","templated":true}]}}