{"id":199989,"date":"2025-09-01T13:20:59","date_gmt":"2025-09-01T10:20:59","guid":{"rendered":"https:\/\/www.enerjigazetesi.ist\/?p=199989"},"modified":"2025-09-01T13:20:59","modified_gmt":"2025-09-01T10:20:59","slug":"saha-calisanlarina-yuksekte-guvenli-calisma-egitimi-verildi","status":"publish","type":"post","link":"https:\/\/www.enerjigazetesi.ist\/en\/saha-calisanlarina-yuksekte-guvenli-calisma-egitimi-verildi\/","title":{"rendered":"(Turkish) Saha \u00c7al\u0131\u015fanlar\u0131na \u201cY\u00fcksekte G\u00fcvenli \u00c7al\u0131\u015fma E\u011fitimi\u201d Verildi"},"content":{"rendered":"<p class=\"qtranxs-available-languages-message qtranxs-available-languages-message-en\">Sorry, this entry is only available in <a href=\"https:\/\/www.enerjigazetesi.ist\/tr\/wp-json\/wp\/v2\/posts\/199989\" class=\"qtranxs-available-language-link qtranxs-available-language-link-tr\" title=\"Turkish\">Turkish<\/a>. For the sake of viewer convenience, the content is shown below in the alternative language. You may click the link to switch the active language.<\/p><p><\/p>\n<h2><strong>Do\u011fu Karadeniz B\u00f6lgesi\u2019nde kaliteli ve kesintisiz elektrik da\u011f\u0131t\u0131m hizmeti sunan \u00c7oruh Elektrik Da\u011f\u0131t\u0131m A.\u015e. (\u00c7oruh EDA\u015e),\u00a0<\/strong><strong>y\u00fcksekte \u00e7al\u0131\u015fman\u0131n olu\u015fturdu\u011fu riskleri azaltmak ve i\u015f g\u00fcvenli\u011fini art\u0131rmak amac\u0131yla bug\u00fcne kadar 765 saha \u00e7al\u0131\u015fan\u0131na \u201cElektrik Da\u011f\u0131t\u0131m Sekt\u00f6r\u00fcne \u00d6zel Y\u00fcksekte G\u00fcvenli \u00c7al\u0131\u015fma E\u011fitimi\u201d verdi.<\/strong><\/h2>\n<p><img loading=\"lazy\" class=\"aligncenter wp-image-199990 size-full\" src=\"https:\/\/www.enerjigazetesi.ist\/wp-content\/uploads\/2025\/09\/1756376816_oruh_EDA___Y__ksekte___al____ma_min.jpg\" alt=\"\" width=\"550\" height=\"413\" srcset=\"https:\/\/www.enerjigazetesi.ist\/wp-content\/uploads\/2025\/09\/1756376816_oruh_EDA___Y__ksekte___al____ma_min.jpg 550w, https:\/\/www.enerjigazetesi.ist\/wp-content\/uploads\/2025\/09\/1756376816_oruh_EDA___Y__ksekte___al____ma_min-300x225.jpg 300w, https:\/\/www.enerjigazetesi.ist\/wp-content\/uploads\/2025\/09\/1756376816_oruh_EDA___Y__ksekte___al____ma_min-500x375.jpg 500w, https:\/\/www.enerjigazetesi.ist\/wp-content\/uploads\/2025\/09\/1756376816_oruh_EDA___Y__ksekte___al____ma_min-67x50.jpg 67w\" sizes=\"(max-width: 550px) 100vw, 550px\" \/><\/p>\n<p>\u00c7al\u0131\u015fan sa\u011fl\u0131\u011f\u0131n\u0131 birinci plana alan kurum k\u00fclt\u00fcr\u00fcyle i\u015f g\u00fcvenli\u011fi bilincini yayg\u0131nla\u015ft\u0131ran\u00a0\u00c7oruh EDA\u015e, i\u015f sa\u011fl\u0131\u011f\u0131 ve g\u00fcvenli\u011fi k\u00fclt\u00fcr\u00fcn\u00fc geli\u015ftirmek amac\u0131yla saha \u00e7al\u0131\u015fanlar\u0131na y\u00f6nelik \u201cY\u00fcksekte G\u00fcvenli \u00c7al\u0131\u015fma E\u011fitimi\u201d ger\u00e7ekle\u015ftirdi. \u00c7ok tehlikeli s\u0131n\u0131fta yer alan i\u015f kolunda faaliyet g\u00f6steren \u00c7oruh EDA\u015e \u00e7al\u0131\u015fanlar\u0131, toplamda 6.120 saatlik e\u011fitimleri tamamlayarak sahada kar\u015f\u0131la\u015fabilecekleri risklere kar\u015f\u0131 daha bilin\u00e7li ve donan\u0131ml\u0131 hale geldi.<\/p>\n<p>E\u011fitimlerde, y\u00fcksekte \u00e7al\u0131\u015fma s\u0131ras\u0131nda kar\u015f\u0131la\u015f\u0131lan riskler, emniyet kemeri, konumland\u0131rma halatlar\u0131 gibi ki\u015fisel koruyucu donan\u0131mlar\u0131n do\u011fru kullan\u0131m\u0131 ve g\u00fcvenli ba\u011flanma y\u00f6ntemleri ele al\u0131nd\u0131. Kat\u0131l\u0131mc\u0131lar ayr\u0131ca; direk, platformlu ara\u00e7 ve farkl\u0131 yap\u0131 tiplerinde g\u00fcvenli \u00e7al\u0131\u015fma teknikleri konusunda bilgilendirildi.<\/p>\n<p>Elektrik da\u011f\u0131t\u0131m i\u015f kolunda y\u00fcksekte yap\u0131lan \u00e7al\u0131\u015fmalar, en \u00f6nemli i\u015f sa\u011fl\u0131\u011f\u0131 ve g\u00fcvenli\u011fi riskleri aras\u0131nda yer al\u0131yor. \u00a0Bu nedenle \u00c7oruh EDA\u015e, saha \u00e7al\u0131\u015fanlar\u0131n\u0131n g\u00fcvenli\u011fini sa\u011flamak ve i\u015f kazalar\u0131n\u0131 \u00f6nlemek i\u00e7in d\u00fczenli e\u011fitim programlar\u0131 uygulamaya devam ediyor.<\/p>\n<p>Yay\u0131na Alan: Alperen ERTA\u015e-<a href=\"http:\/\/alperen.ertas@enerjigazetesi.ist\">alperen.ertas@enerjigazetesi.ist<\/a><\/p>","protected":false},"excerpt":{"rendered":"<p>Sorry, this entry is only available in Turkish. For the sake of viewer convenience, the content is shown below in the alternative language. You may click the link to switch the active language. Do\u011fu Karadeniz B\u00f6lgesi\u2019nde kaliteli ve kesintisiz elektrik da\u011f\u0131t\u0131m hizmeti sunan \u00c7oruh Elektrik Da\u011f\u0131t\u0131m A.\u015e. (\u00c7oruh EDA\u015e),\u00a0y\u00fcksekte \u00e7al\u0131\u015fman\u0131n olu\u015fturdu\u011fu riskleri azaltmak ve i\u015f [&hellip;]<\/p>\n","protected":false},"author":19,"featured_media":199990,"comment_status":"open","ping_status":"open","sticky":false,"template":"","format":"standard","meta":[],"categories":[51,53],"tags":[117067,82091],"views":16,"_links":{"self":[{"href":"https:\/\/www.enerjigazetesi.ist\/en\/wp-json\/wp\/v2\/posts\/199989"}],"collection":[{"href":"https:\/\/www.enerjigazetesi.ist\/en\/wp-json\/wp\/v2\/posts"}],"about":[{"href":"https:\/\/www.enerjigazetesi.ist\/en\/wp-json\/wp\/v2\/types\/post"}],"author":[{"embeddable":true,"href":"https:\/\/www.enerjigazetesi.ist\/en\/wp-json\/wp\/v2\/users\/19"}],"replies":[{"embeddable":true,"href":"https:\/\/www.enerjigazetesi.ist\/en\/wp-json\/wp\/v2\/comments?post=199989"}],"version-history":[{"count":0,"href":"https:\/\/www.enerjigazetesi.ist\/en\/wp-json\/wp\/v2\/posts\/199989\/revisions"}],"wp:featuredmedia":[{"embeddable":true,"href":"https:\/\/www.enerjigazetesi.ist\/en\/wp-json\/wp\/v2\/media\/199990"}],"wp:attachment":[{"href":"https:\/\/www.enerjigazetesi.ist\/en\/wp-json\/wp\/v2\/media?parent=199989"}],"wp:term":[{"taxonomy":"category","embeddable":true,"href":"https:\/\/www.enerjigazetesi.ist\/en\/wp-json\/wp\/v2\/categories?post=199989"},{"taxonomy":"post_tag","embeddable":true,"href":"https:\/\/www.enerjigazetesi.ist\/en\/wp-json\/wp\/v2\/tags?post=199989"}],"curies":[{"name":"wp","href":"https:\/\/api.w.org\/{rel}","templated":true}]}}