{"id":199986,"date":"2025-09-01T13:16:55","date_gmt":"2025-09-01T10:16:55","guid":{"rendered":"https:\/\/www.enerjigazetesi.ist\/?p=199986"},"modified":"2025-09-01T16:21:39","modified_gmt":"2025-09-01T13:21:39","slug":"orman-yanginlarina-karsi-drone-destekli-denetimler-artirildi","status":"publish","type":"post","link":"https:\/\/www.enerjigazetesi.ist\/en\/orman-yanginlarina-karsi-drone-destekli-denetimler-artirildi\/","title":{"rendered":"(Turkish) Orman Yang\u0131nlar\u0131na Kar\u015f\u0131 Drone Destekli Denetimler Art\u0131r\u0131ld\u0131"},"content":{"rendered":"<p class=\"qtranxs-available-languages-message qtranxs-available-languages-message-en\">Sorry, this entry is only available in <a href=\"https:\/\/www.enerjigazetesi.ist\/tr\/wp-json\/wp\/v2\/posts\/199986\" class=\"qtranxs-available-language-link qtranxs-available-language-link-tr\" title=\"Turkish\">Turkish<\/a>. For the sake of viewer convenience, the content is shown below in the alternative language. You may click the link to switch the active language.<\/p><p><\/p>\n<h2>Son g\u00fcnlerde artan orman yang\u0131nlar\u0131na kar\u015f\u0131 tedbirlerini g\u00fc\u00e7lendiren Sakarya Elektrik Da\u011f\u0131t\u0131m A.\u015e. (SEDA\u015e), ormanl\u0131k alanlardan ge\u00e7en enerji da\u011f\u0131t\u0131m hatlar\u0131nda drone ile hava denetimleri ger\u00e7ekle\u015ftiriyor. Tespit edilen riskli b\u00f6lgelerde e\u015f zamanl\u0131 bak\u0131m \u00e7al\u0131\u015fmalar\u0131 yap\u0131larak hem kesintisiz enerji hem de do\u011fa dostu altyap\u0131 hedefleniyor.<\/h2>\n<p><img loading=\"lazy\" class=\"aligncenter wp-image-199987\" src=\"https:\/\/www.enerjigazetesi.ist\/wp-content\/uploads\/2025\/09\/5.jpg\" alt=\"\" width=\"500\" height=\"334\" srcset=\"https:\/\/www.enerjigazetesi.ist\/wp-content\/uploads\/2025\/09\/5.jpg 550w, https:\/\/www.enerjigazetesi.ist\/wp-content\/uploads\/2025\/09\/5-300x200.jpg 300w, https:\/\/www.enerjigazetesi.ist\/wp-content\/uploads\/2025\/09\/5-500x334.jpg 500w, https:\/\/www.enerjigazetesi.ist\/wp-content\/uploads\/2025\/09\/5-75x50.jpg 75w, https:\/\/www.enerjigazetesi.ist\/wp-content\/uploads\/2025\/09\/5-450x300.jpg 450w\" sizes=\"(max-width: 500px) 100vw, 500px\" \/><\/p>\n<p>Sakarya, Kocaeli, Bolu ve D\u00fczce illerinde ba\u015flat\u0131lan drone destekli hava denetimleri kapsam\u0131nda, enerji hatlar\u0131na yak\u0131n a\u011fa\u00e7 dallar\u0131 olas\u0131 ar\u0131za ve yang\u0131n riskine yol a\u00e7madan tespit ediliyor. Ekipler, belirlenen noktalarda; a\u011fa\u00e7 budama, iletken yenileme, klemens, ma\u015fon, s\u0131k\u0131 ba\u011f, parafudr ve travers de\u011fi\u015fimi, ku\u015f \u00e7arp\u0131lmalar\u0131n\u0131 \u00f6nleyici camper ge\u00e7i\u015f izolasyonlar\u0131, akustik ve termal kamera ile tespit edilen y\u0131pranm\u0131\u015f izolat\u00f6rlerin de\u011fi\u015fimi ve trafo \u00fczeri izolasyon i\u015flemleri gibi kapsaml\u0131 bak\u0131m faaliyetleri y\u00fcr\u00fct\u00fcyor.<\/p>\n<p>Teknolojik donan\u0131ma sahip dronelar taraf\u0131ndan g\u00f6zlemlenen eksiklikler, ikinci seviye bak\u0131m ekipleri taraf\u0131ndan i\u015f sa\u011fl\u0131\u011f\u0131 ve g\u00fcvenli\u011fi \u00f6nceliklendirilerek h\u0131zl\u0131ca gideriliyor. Ormanl\u0131k alan veya riskli b\u00f6lgelerde bulunan sigortal\u0131 toprakl\u0131 seksiyoner (STS) direklerin etraf\u0131na yang\u0131n \u00f6nleyici setler in\u015fa ediliyor.<\/p>\n<p>SEDA\u015e y\u00f6neticileri, \u00e7al\u0131\u015fmalar\u0131n 15 sepetli ara\u00e7, 3 panelvan ve 39 saha \u00e7al\u0131\u015fan\u0131 ile s\u00fcrd\u00fc\u011f\u00fcn\u00fc belirterek; \u201cEnerji arz\u0131nda s\u00fcreklili\u011fi sa\u011flamak kadar, do\u011fay\u0131 ve ekosistemi korumak da \u00f6nceli\u011fimiz. Drone destekli denetimler sayesinde hem orman yang\u0131n\u0131 riskini hem de enerji da\u011f\u0131t\u0131m hatlar\u0131ndaki ar\u0131za olas\u0131l\u0131\u011f\u0131n\u0131 en aza indiriyoruz. B\u00f6lge halk\u0131na kesintisiz, g\u00fcvenli ve \u00e7evreye duyarl\u0131 bir enerji hizmeti sunmak i\u00e7in \u00e7al\u0131\u015fmalar\u0131m\u0131za aral\u0131ks\u0131z devam ediyoruz\u201d \u015feklinde a\u00e7\u0131klama yapt\u0131.<\/p>\n<p>Yay\u0131na Alan: Alperen ERTA\u015e- <a href=\"http:\/\/alperen.ertas@enerjigazetesi.ist\">alperen.ertas@enerjigazetesi.ist<\/a><\/p>","protected":false},"excerpt":{"rendered":"<p>Sorry, this entry is only available in Turkish. For the sake of viewer convenience, the content is shown below in the alternative language. You may click the link to switch the active language. Son g\u00fcnlerde artan orman yang\u0131nlar\u0131na kar\u015f\u0131 tedbirlerini g\u00fc\u00e7lendiren Sakarya Elektrik Da\u011f\u0131t\u0131m A.\u015e. (SEDA\u015e), ormanl\u0131k alanlardan ge\u00e7en enerji da\u011f\u0131t\u0131m hatlar\u0131nda drone ile hava [&hellip;]<\/p>\n","protected":false},"author":19,"featured_media":199987,"comment_status":"open","ping_status":"open","sticky":false,"template":"","format":"standard","meta":[],"categories":[51,53],"tags":[117066,117065],"views":9,"_links":{"self":[{"href":"https:\/\/www.enerjigazetesi.ist\/en\/wp-json\/wp\/v2\/posts\/199986"}],"collection":[{"href":"https:\/\/www.enerjigazetesi.ist\/en\/wp-json\/wp\/v2\/posts"}],"about":[{"href":"https:\/\/www.enerjigazetesi.ist\/en\/wp-json\/wp\/v2\/types\/post"}],"author":[{"embeddable":true,"href":"https:\/\/www.enerjigazetesi.ist\/en\/wp-json\/wp\/v2\/users\/19"}],"replies":[{"embeddable":true,"href":"https:\/\/www.enerjigazetesi.ist\/en\/wp-json\/wp\/v2\/comments?post=199986"}],"version-history":[{"count":0,"href":"https:\/\/www.enerjigazetesi.ist\/en\/wp-json\/wp\/v2\/posts\/199986\/revisions"}],"wp:featuredmedia":[{"embeddable":true,"href":"https:\/\/www.enerjigazetesi.ist\/en\/wp-json\/wp\/v2\/media\/199987"}],"wp:attachment":[{"href":"https:\/\/www.enerjigazetesi.ist\/en\/wp-json\/wp\/v2\/media?parent=199986"}],"wp:term":[{"taxonomy":"category","embeddable":true,"href":"https:\/\/www.enerjigazetesi.ist\/en\/wp-json\/wp\/v2\/categories?post=199986"},{"taxonomy":"post_tag","embeddable":true,"href":"https:\/\/www.enerjigazetesi.ist\/en\/wp-json\/wp\/v2\/tags?post=199986"}],"curies":[{"name":"wp","href":"https:\/\/api.w.org\/{rel}","templated":true}]}}