{"id":199951,"date":"2025-08-28T20:53:57","date_gmt":"2025-08-28T17:53:57","guid":{"rendered":"https:\/\/www.enerjigazetesi.ist\/?p=199951"},"modified":"2025-08-28T20:53:57","modified_gmt":"2025-08-28T17:53:57","slug":"verimli-klima-kullaniminin-puf-noktalari","status":"publish","type":"post","link":"https:\/\/www.enerjigazetesi.ist\/en\/verimli-klima-kullaniminin-puf-noktalari\/","title":{"rendered":"(Turkish) Verimli Klima Kullan\u0131m\u0131n\u0131n P\u00fcf Noktalar\u0131"},"content":{"rendered":"<p class=\"qtranxs-available-languages-message qtranxs-available-languages-message-en\">Sorry, this entry is only available in <a href=\"https:\/\/www.enerjigazetesi.ist\/tr\/wp-json\/wp\/v2\/posts\/199951\" class=\"qtranxs-available-language-link qtranxs-available-language-link-tr\" title=\"Turkish\">Turkish<\/a>. For the sake of viewer convenience, the content is shown below in the alternative language. You may click the link to switch the active language.<\/p><p><\/p>\n<h2><strong>Mitsubishi Electric T\u00fcrkiye Klima Sistemleri, do\u011fru klima kullan\u0131m\u0131 ile hem ya\u015fam alanlar\u0131nda konfor sa\u011flanabilece\u011fini hem de enerji tasarrufu ve \u00e7evresel s\u00fcrd\u00fcr\u00fclebilirli\u011fe katk\u0131da bulunulabilece\u011fini hat\u0131rlat\u0131yor. Enerji verimlili\u011fi ve konforu dengelemek i\u00e7in klima s\u0131cakl\u0131k ayar\u0131n\u0131n 24\u201326 \u00b0C aras\u0131nda olmas\u0131n\u0131, i\u00e7 ve d\u0131\u015f ortam s\u0131cakl\u0131klar\u0131 aras\u0131ndaki fark\u0131n ise 6\u20137 \u00b0C\u2019yi a\u015fmamas\u0131 gerekti\u011fini vurguluyor.<\/strong><\/h2>\n<p><strong> <img loading=\"lazy\" class=\"size-full wp-image-199952 aligncenter\" src=\"https:\/\/www.enerjigazetesi.ist\/wp-content\/uploads\/2025\/08\/1756279648_Mitsubishi_Electric_Klima.jpg\" alt=\"\" width=\"550\" height=\"309\" srcset=\"https:\/\/www.enerjigazetesi.ist\/wp-content\/uploads\/2025\/08\/1756279648_Mitsubishi_Electric_Klima.jpg 550w, https:\/\/www.enerjigazetesi.ist\/wp-content\/uploads\/2025\/08\/1756279648_Mitsubishi_Electric_Klima-300x169.jpg 300w, https:\/\/www.enerjigazetesi.ist\/wp-content\/uploads\/2025\/08\/1756279648_Mitsubishi_Electric_Klima-500x281.jpg 500w, https:\/\/www.enerjigazetesi.ist\/wp-content\/uploads\/2025\/08\/1756279648_Mitsubishi_Electric_Klima-80x45.jpg 80w\" sizes=\"(max-width: 550px) 100vw, 550px\" \/><\/strong><\/p>\n<p>Verimli klima kullan\u0131m\u0131na y\u00f6nelik \u00f6nemli ipu\u00e7lar\u0131 payla\u015fan Mitsubishi Electric T\u00fcrkiye Klima Sistemleri, klima s\u0131cakl\u0131k ayar\u0131n\u0131n 24\u201326 \u00b0C aras\u0131nda tutulmas\u0131n\u0131 ve i\u00e7-d\u0131\u015f ortam s\u0131cakl\u0131k fark\u0131n\u0131n 6\u20137 \u00b0C\u2019yi a\u015fmamas\u0131n\u0131 \u00f6neriyor. Kliman\u0131n tavsiye edilen ayarlarda kesintisiz \u00e7al\u0131\u015ft\u0131r\u0131lmas\u0131, k\u0131sa s\u00fcreli ve d\u00fc\u015f\u00fck s\u0131cakl\u0131kta a\u00e7-kapa kullan\u0131m\u0131na g\u00f6re daha verimli sonu\u00e7lar do\u011furuyor. Kullan\u0131lmayan saatlerde cihaz\u0131n kapal\u0131 tutulmas\u0131, enerji tasarrufuna katk\u0131 sa\u011fl\u0131yor. Wi-Fi \u00f6zellikli klimalara sahip kullan\u0131c\u0131lar, eve gelmeden 30\u201360 dakika \u00f6nce cihaz\u0131 uzaktan \u00e7al\u0131\u015ft\u0131rarak kendileri i\u00e7in ideal ortam s\u0131cakl\u0131\u011f\u0131n\u0131 sa\u011flayabiliyor.<\/p>\n<h3><strong>Do\u011frudan Hava Ak\u0131m\u0131ndan Ka\u00e7\u0131n\u0131n<\/strong><\/h3>\n<p>Klima konumland\u0131rmas\u0131n\u0131n \u00f6nemine dikkat \u00e7eken marka yetkilileri, do\u011frudan insan \u00fczerine \u00fcflemenin \u00fc\u015f\u00fcme hissi yaratabilece\u011fini, uzun s\u00fcreli maruz kal\u0131nmas\u0131n\u0131n sorunlara yol a\u00e7abilece\u011fini belirtiyor. Cihaz\u0131n, cam ve balkon gibi d\u0131\u015f mek\u00e2n ge\u00e7i\u015flerine yak\u0131n konumland\u0131r\u0131lmas\u0131 ve hava ak\u0131\u015f\u0131n\u0131n dolayl\u0131 olarak y\u00f6nlendirilmesi \u00f6neriliyor.<\/p>\n<h3><strong>\u00c7ocuklar ve Ya\u015fl\u0131lar i\u00e7in Hassas Ayarlar<\/strong><\/h3>\n<p>Mitsubishi Electric T\u00fcrkiye Klima Sistemleri, \u00e7ocuklar ve ya\u015fl\u0131lar ani s\u0131cakl\u0131k de\u011fi\u015fimlerine daha duyarl\u0131 olduklar\u0131 i\u00e7in bu gruplar\u0131n bulundu\u011fu ortamlarda daha y\u00fcksek s\u0131cakl\u0131k tercih edilmesi ve do\u011frudan hava ak\u0131m\u0131na maruz kalmamalar\u0131 gerekti\u011fini vurguluyor. Ayr\u0131ca hava temizleme \u00f6zelli\u011fine sahip klimalar i\u00e7 ortam kalitesini art\u0131rarak bu gruplar i\u00e7in ek bir fayda sa\u011fl\u0131yor.<\/p>\n<h3><strong>Uyku Konforu i\u00e7in Ak\u0131ll\u0131 Kullan\u0131m<\/strong><\/h3>\n<p>Gece saatlerinde kliman\u0131n tamamen kapat\u0131lmas\u0131 yerine s\u0131cakl\u0131\u011f\u0131n 1\u20132 \u00b0C y\u00fckseltilmesi ve hava ak\u0131\u015f\u0131n\u0131n d\u00fc\u015f\u00fck h\u0131zda, ki\u015fiden uza\u011fa y\u00f6nlendirilmesi \u00f6neriliyor. Bu sayede hem uyku konforu korunuyor hem de nem art\u0131\u015f\u0131n\u0131n olumsuz etkileri \u00f6nleniyor.<\/p>\n<h3><strong>Klima Se\u00e7iminde Tek Kriter Oda B\u00fcy\u00fckl\u00fc\u011f\u00fc Olmamal\u0131<\/strong><\/h3>\n<p>Marka yetkililerine g\u00f6re klima se\u00e7iminde yaln\u0131zca oda b\u00fcy\u00fckl\u00fc\u011f\u00fc yeterli bir kriter olmuyor. G\u00fcne\u015f almayan bir odan\u0131n so\u011futma ihtiyac\u0131, yar\u0131 b\u00fcy\u00fckl\u00fc\u011f\u00fcnde ama yo\u011fun g\u00fcne\u015f alan bir odan\u0131n ihtiyac\u0131yla ayn\u0131 olabiliyor. Bu nedenle mek\u00e2n\u0131n g\u00fcne\u015f ald\u0131\u011f\u0131 y\u00f6n, g\u00fcne\u015flenme s\u00fcresi, elektronik cihazlar\u0131n varl\u0131\u011f\u0131, kullan\u0131c\u0131 say\u0131s\u0131 ve konfor beklentileri gibi fakt\u00f6rlerin de dikkate al\u0131nmas\u0131 gerekiyor.<\/p>\n<h3><strong>Klima Se\u00e7imi ve Bak\u0131m\u0131nda Profesyonel Destek \u00d6nem Ta\u015f\u0131yor<\/strong><\/h3>\n<p>Mitsubishi Electric T\u00fcrkiye Klima Sistemleri, klima se\u00e7iminde sadece oda b\u00fcy\u00fckl\u00fc\u011f\u00fcn\u00fcn de\u011fil, g\u00fcne\u015f alma s\u00fcresi, y\u00f6n, kullan\u0131lan elektronik cihazlar ve kullan\u0131c\u0131 say\u0131s\u0131n\u0131n da dikkate al\u0131nmas\u0131 gerekti\u011fini belirtiyor. Ayr\u0131ca klima gaz\u0131 de\u011fi\u015fiminin mutlaka yetkin teknisyenler taraf\u0131ndan yap\u0131lmas\u0131, \u00e7evresel etkilerin azalt\u0131lmas\u0131 a\u00e7\u0131s\u0131ndan da kritik \u00f6nem ta\u015f\u0131yor.<\/p>\n<p>Farkl\u0131 enerji s\u0131n\u0131flar\u0131ndaki geni\u015f \u00fcr\u00fcn yelpazesiyle kullan\u0131c\u0131lar\u0131n \u00e7e\u015fitli ihtiya\u00e7lar\u0131na cevap veren Mitsubishi Electric T\u00fcrkiye Klima Sistemleri, y\u00fcksek kalite standartlar\u0131na g\u00f6re \u00fcretilen, uzun \u00f6m\u00fcrl\u00fc ve enerji verimli modelleriyle klima se\u00e7iminde ideal bir se\u00e7enek olu\u015fturuyor.<\/p>\n<p>Yay\u0131na Alan: Alperen ERTA\u015e-<a href=\"http:\/\/alperen.ertas@enerjigazetesi.ist\">alperen.ertas@enerjigazetesi.ist<\/a><\/p>","protected":false},"excerpt":{"rendered":"<p>Sorry, this entry is only available in Turkish. For the sake of viewer convenience, the content is shown below in the alternative language. You may click the link to switch the active language. Mitsubishi Electric T\u00fcrkiye Klima Sistemleri, do\u011fru klima kullan\u0131m\u0131 ile hem ya\u015fam alanlar\u0131nda konfor sa\u011flanabilece\u011fini hem de enerji tasarrufu ve \u00e7evresel s\u00fcrd\u00fcr\u00fclebilirli\u011fe katk\u0131da [&hellip;]<\/p>\n","protected":false},"author":19,"featured_media":199952,"comment_status":"open","ping_status":"open","sticky":false,"template":"","format":"standard","meta":[],"categories":[53,52],"tags":[15738,117058],"views":17,"_links":{"self":[{"href":"https:\/\/www.enerjigazetesi.ist\/en\/wp-json\/wp\/v2\/posts\/199951"}],"collection":[{"href":"https:\/\/www.enerjigazetesi.ist\/en\/wp-json\/wp\/v2\/posts"}],"about":[{"href":"https:\/\/www.enerjigazetesi.ist\/en\/wp-json\/wp\/v2\/types\/post"}],"author":[{"embeddable":true,"href":"https:\/\/www.enerjigazetesi.ist\/en\/wp-json\/wp\/v2\/users\/19"}],"replies":[{"embeddable":true,"href":"https:\/\/www.enerjigazetesi.ist\/en\/wp-json\/wp\/v2\/comments?post=199951"}],"version-history":[{"count":0,"href":"https:\/\/www.enerjigazetesi.ist\/en\/wp-json\/wp\/v2\/posts\/199951\/revisions"}],"wp:featuredmedia":[{"embeddable":true,"href":"https:\/\/www.enerjigazetesi.ist\/en\/wp-json\/wp\/v2\/media\/199952"}],"wp:attachment":[{"href":"https:\/\/www.enerjigazetesi.ist\/en\/wp-json\/wp\/v2\/media?parent=199951"}],"wp:term":[{"taxonomy":"category","embeddable":true,"href":"https:\/\/www.enerjigazetesi.ist\/en\/wp-json\/wp\/v2\/categories?post=199951"},{"taxonomy":"post_tag","embeddable":true,"href":"https:\/\/www.enerjigazetesi.ist\/en\/wp-json\/wp\/v2\/tags?post=199951"}],"curies":[{"name":"wp","href":"https:\/\/api.w.org\/{rel}","templated":true}]}}