{"id":199936,"date":"2025-08-28T16:24:09","date_gmt":"2025-08-28T13:24:09","guid":{"rendered":"https:\/\/www.enerjigazetesi.ist\/?p=199936"},"modified":"2025-08-28T16:24:34","modified_gmt":"2025-08-28T13:24:34","slug":"petrol-ofisi-turkiye-genelindeki-16nci-marina-istasyonunu-hizmete-acti","status":"publish","type":"post","link":"https:\/\/www.enerjigazetesi.ist\/en\/petrol-ofisi-turkiye-genelindeki-16nci-marina-istasyonunu-hizmete-acti\/","title":{"rendered":"(Turkish) &#8217;Petrol Ofisi&#8217; T\u00fcrkiye Genelindeki 16&#8217;nc\u0131 Marina \u0130stasyonunu Hizmete A\u00e7t\u0131"},"content":{"rendered":"<p class=\"qtranxs-available-languages-message qtranxs-available-languages-message-en\">Sorry, this entry is only available in <a href=\"https:\/\/www.enerjigazetesi.ist\/tr\/wp-json\/wp\/v2\/posts\/199936\" class=\"qtranxs-available-language-link qtranxs-available-language-link-tr\" title=\"Turkish\">Turkish<\/a>. For the sake of viewer convenience, the content is shown below in the alternative language. You may click the link to switch the active language.<\/p><p><\/p>\n<h2><strong>T\u00fcrkiye akaryak\u0131t sekt\u00f6r\u00fcn\u00fcn geleneksel lideri Petrol Ofisi Grubu, As Grup i\u015f birli\u011fiyle Milta Bodrum Marina\u2019daki istasyonunu hizmete sundu. \u0130stasyon, T\u00fcrkiye\u2019deki yat ba\u011flama kapasitesinin ve ikmalinin yakla\u015f\u0131k y\u00fczde 40\u2019\u0131n\u0131n ger\u00e7ekle\u015fti\u011fi Bodrum\u2019da, 40 metreye kadar yana\u015fan yatlar ba\u015fta olmak \u00fczere t\u00fcm deniz ta\u015f\u0131tlar\u0131na yak\u0131t sa\u011flayarak b\u00f6lgedeki operasyonlara \u00f6nemli katk\u0131da bulunacak.<\/strong><\/h2>\n<p><img loading=\"lazy\" class=\"aligncenter wp-image-199943 size-full\" src=\"https:\/\/www.enerjigazetesi.ist\/wp-content\/uploads\/2025\/08\/Petrol_Ofisi_Acilis_1.jpg\" alt=\"\" width=\"550\" height=\"367\" srcset=\"https:\/\/www.enerjigazetesi.ist\/wp-content\/uploads\/2025\/08\/Petrol_Ofisi_Acilis_1.jpg 550w, https:\/\/www.enerjigazetesi.ist\/wp-content\/uploads\/2025\/08\/Petrol_Ofisi_Acilis_1-300x200.jpg 300w, https:\/\/www.enerjigazetesi.ist\/wp-content\/uploads\/2025\/08\/Petrol_Ofisi_Acilis_1-500x334.jpg 500w, https:\/\/www.enerjigazetesi.ist\/wp-content\/uploads\/2025\/08\/Petrol_Ofisi_Acilis_1-75x50.jpg 75w, https:\/\/www.enerjigazetesi.ist\/wp-content\/uploads\/2025\/08\/Petrol_Ofisi_Acilis_1-450x300.jpg 450w\" sizes=\"(max-width: 550px) 100vw, 550px\" \/><\/p>\n<p>T\u00fcrkiye akaryak\u0131t sekt\u00f6r\u00fcn\u00fcn geleneksel lideri Petrol Ofisi Grubu, As Grup i\u015f birli\u011fiyle hizmete sundu\u011fu Milta Bodrum Marina\u2019daki yeni istasyonunun a\u00e7\u0131l\u0131\u015f\u0131n\u0131 \u00f6zel bir etkinlikle ger\u00e7ekle\u015ftirdi. A\u00e7\u0131l\u0131\u015fa, Petrol Ofisi Grubu CEO\u2019su Mehmet Abbaso\u011flu, As Grup \u0130cra Kurulu Ba\u015fkan\u0131 Mert Aslan, P\u00dc\u0130S &#8211; Petrol \u00dcr\u00fcnleri \u0130\u015fverenler Sendikas\u0131 Genel Ba\u015fkan\u0131 \u0130mran Okumu\u015f da kat\u0131ld\u0131.<\/p>\n<p>Petrol Ofisi Grubu\u2019nun T\u00fcrkiye genelindeki marina a\u011f\u0131n\u0131n 16\u2019nc\u0131 istasyonu olan Milta Bodrum Marina, denizcilik sekt\u00f6r\u00fc a\u00e7\u0131s\u0131ndan hem en prestijli b\u00f6lgelerden biri kabul edilen hem de yat kapasitesi y\u00f6n\u00fcnden en yo\u011fun lokasyonlardan birinde hizmet veriyor. \u0130stasyonda, ger\u00e7ek ve t\u00fczel ki\u015filere ait teknelerin yan\u0131 s\u0131ra sahil g\u00fcvenlik ve deniz polisi gibi kamu kurumlar\u0131na ait ara\u00e7lar da olmak \u00fczere 40 metreye kadar yakla\u015fan t\u00fcm deniz ta\u015f\u0131tlar\u0131na yak\u0131t tedariki sa\u011flan\u0131yor.<\/p>\n<p>Yeni istasyonla birlikte Petrol Ofisi Grubu\u2019nun Mu\u011fla ilindeki marina istasyonu say\u0131s\u0131 7\u2019ye ula\u015ft\u0131. Bodrum\u2019da 2, Marmaris\u2019te 2 ve G\u00f6cek\u2019te 3 marina istasyonu bulunan \u015firket, PO\/Marine markas\u0131yla denizcilik sekt\u00f6r\u00fcnde \u00fcst \u00fcste alt\u0131 y\u0131ld\u0131r liderli\u011fini koruyor.<\/p>\n<h3><strong>Denizcilikte yaln\u0131zca Ege ve Akdeniz\u2019de de\u011fil, Karadeniz\u2019de de sekt\u00f6r\u00fcn geli\u015fimine katk\u0131 sa\u011flamaya devam edece\u011fiz<\/strong><\/h3>\n<p>Konuyla ilgili a\u00e7\u0131klama yapan <strong>Petrol Ofisi Grubu CEO\u2019su Mehmet Abbaso\u011flu<\/strong>; \u201c<em>As Grup i\u015f birli\u011fiyle Bodrum Kalesi\u2019nin hemen \u00f6n\u00fcnde, cennet vatan\u0131m\u0131z\u0131n bu \u00f6zel k\u00f6\u015fesinde, hizmet vermek bizler i\u00e7in son derece k\u0131ymetli. Mavi Vatan vizyonu kapsam\u0131nda denizcilik ikmali, hem gelir-gider dengesi hem de operasyonel hacmi ve dinamikleriyle stratejik bir \u00f6nem ta\u015f\u0131yor. Bu alana yat\u0131r\u0131m yapmay\u0131 s\u00fcrd\u00fcrece\u011fiz; yaln\u0131zca Ege ve Akdeniz\u2019de de\u011fil, Karadeniz\u2019de de sekt\u00f6r\u00fcn geli\u015fimine katk\u0131 sa\u011flamaya devam edece\u011fiz.\u201d<\/em> dedi.<\/p>\n<h3><strong>Bodrum\u2019un denizcilik k\u00fclt\u00fcr\u00fcne de\u011fer yaratacak bir yat\u0131r\u0131m<\/strong><\/h3>\n<p><strong>As Grup \u0130cra Kurulu Ba\u015fkan\u0131 Mert Aslan<\/strong> da konuyla ilgili olarak, <em>\u201cBodrum\u2019un denizcilik k\u00fclt\u00fcr\u00fcne katk\u0131 sunacak bu yat\u0131r\u0131m\u0131 yeniden Petrol Ofisi bayra\u011f\u0131 ve AQUAS markam\u0131z ile hayata ge\u00e7irmekten b\u00fcy\u00fck mutluluk duyuyoruz. Milta Marina istasyonumuzun konumu ve g\u00fcvenli hizmet anlay\u0131\u015f\u0131yla uzun y\u0131llar b\u00f6lgeye de\u011fer kataca\u011f\u0131na inan\u0131yoruz.\u201d<\/em> a\u00e7\u0131klamas\u0131nda bulundu.<\/p>\n<h3><strong>Markam\u0131z\u0131n g\u00fcc\u00fcyle istasyondaki sat\u0131\u015flar\u0131n iki kattan fazla artmas\u0131n\u0131 \u00f6ng\u00f6r\u00fcyoruz<\/strong><\/h3>\n<p><strong>Petrol Ofisi Grubu Denizcilik K\u0131demli M\u00fcd\u00fcr\u00fc Ayd\u0131n Y\u0131ld\u0131z<\/strong> ise konu\u015fmas\u0131nda \u015funlar\u0131 s\u00f6yledi: <em>\u201cPetrol Ofisi Grubu olarak hem markam\u0131z\u0131n g\u00fcc\u00fcn\u00fc Bodrum\u2019da g\u00f6stermekten hem de b\u00f6yle bir lokasyonda t\u00fcketicilerimize hizmet sunmaktan b\u00fcy\u00fck mutluluk duyuyoruz. Yat\u0131r\u0131m\u0131m\u0131zla istasyondaki sat\u0131\u015flar\u0131n iki kattan fazla artaca\u011f\u0131na ve Bodrum\u2019un turizm ile enerji alan\u0131ndaki b\u00fcy\u00fcmesine de destek olaca\u011f\u0131m\u0131za inan\u0131yoruz.\u201d<\/em> dedi.<\/p>\n<p>Yay\u0131na Alan: Alperen ERTA\u015e-<a href=\"http:\/\/alperen.ertas@enerjigazetesi.ist\">alperen.ertas@enerjigazetesi.ist<\/a><\/p>","protected":false},"excerpt":{"rendered":"<p>Sorry, this entry is only available in Turkish. For the sake of viewer convenience, the content is shown below in the alternative language. You may click the link to switch the active language. T\u00fcrkiye akaryak\u0131t sekt\u00f6r\u00fcn\u00fcn geleneksel lideri Petrol Ofisi Grubu, As Grup i\u015f birli\u011fiyle Milta Bodrum Marina\u2019daki istasyonunu hizmete sundu. \u0130stasyon, T\u00fcrkiye\u2019deki yat ba\u011flama [&hellip;]<\/p>\n","protected":false},"author":19,"featured_media":199943,"comment_status":"open","ping_status":"open","sticky":false,"template":"","format":"standard","meta":[],"categories":[53,44],"tags":[117056,108185,117055],"views":20,"_links":{"self":[{"href":"https:\/\/www.enerjigazetesi.ist\/en\/wp-json\/wp\/v2\/posts\/199936"}],"collection":[{"href":"https:\/\/www.enerjigazetesi.ist\/en\/wp-json\/wp\/v2\/posts"}],"about":[{"href":"https:\/\/www.enerjigazetesi.ist\/en\/wp-json\/wp\/v2\/types\/post"}],"author":[{"embeddable":true,"href":"https:\/\/www.enerjigazetesi.ist\/en\/wp-json\/wp\/v2\/users\/19"}],"replies":[{"embeddable":true,"href":"https:\/\/www.enerjigazetesi.ist\/en\/wp-json\/wp\/v2\/comments?post=199936"}],"version-history":[{"count":1,"href":"https:\/\/www.enerjigazetesi.ist\/en\/wp-json\/wp\/v2\/posts\/199936\/revisions"}],"predecessor-version":[{"id":199937,"href":"https:\/\/www.enerjigazetesi.ist\/en\/wp-json\/wp\/v2\/posts\/199936\/revisions\/199937"}],"wp:featuredmedia":[{"embeddable":true,"href":"https:\/\/www.enerjigazetesi.ist\/en\/wp-json\/wp\/v2\/media\/199943"}],"wp:attachment":[{"href":"https:\/\/www.enerjigazetesi.ist\/en\/wp-json\/wp\/v2\/media?parent=199936"}],"wp:term":[{"taxonomy":"category","embeddable":true,"href":"https:\/\/www.enerjigazetesi.ist\/en\/wp-json\/wp\/v2\/categories?post=199936"},{"taxonomy":"post_tag","embeddable":true,"href":"https:\/\/www.enerjigazetesi.ist\/en\/wp-json\/wp\/v2\/tags?post=199936"}],"curies":[{"name":"wp","href":"https:\/\/api.w.org\/{rel}","templated":true}]}}