{"id":199911,"date":"2025-08-26T21:06:38","date_gmt":"2025-08-26T18:06:38","guid":{"rendered":"https:\/\/www.enerjigazetesi.ist\/?p=199911"},"modified":"2025-08-26T21:34:32","modified_gmt":"2025-08-26T18:34:32","slug":"kullanilmis-elektrikli-arac-pillerinden-enerji-depolama-tesisi-acildi","status":"publish","type":"post","link":"https:\/\/www.enerjigazetesi.ist\/en\/kullanilmis-elektrikli-arac-pillerinden-enerji-depolama-tesisi-acildi\/","title":{"rendered":"(Turkish) Kullan\u0131lm\u0131\u015f Elektrikli Ara\u00e7 Pillerinden Enerji Depolama Tesisi A\u00e7\u0131ld\u0131"},"content":{"rendered":"<p class=\"qtranxs-available-languages-message qtranxs-available-languages-message-en\">Sorry, this entry is only available in <a href=\"https:\/\/www.enerjigazetesi.ist\/tr\/wp-json\/wp\/v2\/posts\/199911\" class=\"qtranxs-available-language-link qtranxs-available-language-link-tr\" title=\"Turkish\">Turkish<\/a>. For the sake of viewer convenience, the content is shown below in the alternative language. You may click the link to switch the active language.<\/p><p><\/p>\n<h2><strong>Almanya merkezli startup Voltfang, kullan\u0131lm\u0131\u015f elektrikli ara\u00e7 (EV) pillerinden enerji depolama \u00fcniteleri \u00fcretecek bir tesis a\u00e7t\u0131. \u015eirket, tesisin Avrupa\u2019n\u0131n bu alandaki en b\u00fcy\u00fc\u011f\u00fc oldu\u011funu ve 2026\u2019da y\u0131ll\u0131k 250 MWh \u00fcretim kapasitesine ula\u015faca\u011f\u0131n\u0131 duyurdu.<\/strong><\/h2>\n<p><img loading=\"lazy\" class=\"aligncenter wp-image-199914 size-full\" src=\"https:\/\/www.enerjigazetesi.ist\/wp-content\/uploads\/2025\/08\/ev-depolama-tesis-1200x1200-1.jpg\" alt=\"\" width=\"550\" height=\"367\" srcset=\"https:\/\/www.enerjigazetesi.ist\/wp-content\/uploads\/2025\/08\/ev-depolama-tesis-1200x1200-1.jpg 550w, https:\/\/www.enerjigazetesi.ist\/wp-content\/uploads\/2025\/08\/ev-depolama-tesis-1200x1200-1-300x200.jpg 300w, https:\/\/www.enerjigazetesi.ist\/wp-content\/uploads\/2025\/08\/ev-depolama-tesis-1200x1200-1-500x334.jpg 500w, https:\/\/www.enerjigazetesi.ist\/wp-content\/uploads\/2025\/08\/ev-depolama-tesis-1200x1200-1-75x50.jpg 75w, https:\/\/www.enerjigazetesi.ist\/wp-content\/uploads\/2025\/08\/ev-depolama-tesis-1200x1200-1-450x300.jpg 450w\" sizes=\"(max-width: 550px) 100vw, 550px\" \/><\/p>\n<p>Aachen kentinde a\u00e7\u0131lan tesis, ticari, end\u00fcstriyel ve b\u00fcy\u00fck \u00f6l\u00e7ekli uygulamalar i\u00e7in \u201cikinci \u00f6m\u00fcr\u201d batarya depolama sistemleri \u00fcretecek. \u015eirketin hedefi, 2030 y\u0131l\u0131na kadar \u00fcretimi 1 GWh\u2019ye \u00e7\u0131karmak.<\/p>\n<p>Tesiste buzdolab\u0131 boyutlar\u0131nda enerji depolama \u00fcniteleri montaj\u0131 yap\u0131lacak. Bu \u00fcniteler, hanelerin ve \u015firketlerin g\u00fcne\u015f panelleri veya r\u00fczgar t\u00fcrbinlerinden \u00fcrettikleri fazla elektri\u011fi depolamas\u0131na olanak tan\u0131yacak.<\/p>\n<p>Voltfang\u2019\u0131n bataryalar\u0131, g\u00fcne\u015f veya r\u00fczgar enerjisinden elde edilen elektri\u011fi depolamak isteyen evler ve i\u015fletmeler taraf\u0131ndan kullan\u0131labilecek.<\/p>\n<p>Yakla\u015f\u0131k 100 ki\u015fiye istihdam sa\u011flayan tesis, Voltfang\u2019a g\u00f6re Avrupa\u2019da lityum-iyon pillerin yeniden de\u011ferlendirilmesi i\u00e7in kurulan en b\u00fcy\u00fck \u00fcretim merkezi.<\/p>\n<p>\u015eirketin kurucu orta\u011f\u0131 ve CEO\u2019su David Oudsandji, hedeflerinin Alman ve Avrupa sanayisi i\u00e7in y\u00fcksek performansl\u0131 enerji depolama \u00e7\u00f6z\u00fcmleri geli\u015ftirmek oldu\u011funu belirtti.<\/p>\n<h3><strong>Kullan\u0131lm\u0131\u015f EV pillerinin arz\u0131 h\u00e2len s\u0131n\u0131rl\u0131<\/strong><\/h3>\n<p>Oudsandji, \u015firketin gelecek y\u0131l k\u00e2ra ge\u00e7meyi planlad\u0131\u011f\u0131n\u0131, ancak kullan\u0131lm\u0131\u015f elektrikli ara\u00e7 pillerinin h\u00e2l\u00e2 az oldu\u011funu vurgulad\u0131. \u00c7o\u011fu EV\u2019nin birka\u00e7 ya\u015f\u0131nda olmas\u0131 nedeniyle hurdaya \u00e7\u0131kan pil say\u0131s\u0131 s\u0131n\u0131rl\u0131.<\/p>\n<p>Bir di\u011fer zorluk ise, \u00c7in\u2019den gelen yeni bataryalar\u0131n giderek daha verimli ve ucuz hale gelmesi, buna kar\u015f\u0131n eski pilleri yenileme s\u00fcrecinin olduk\u00e7a karma\u015f\u0131k olmas\u0131.<\/p>\n<p>Buna ra\u011fmen, Oudsandji\u2019ye g\u00f6re, kullan\u0131lm\u0131\u015f pilleri yeniden de\u011ferlendirmek daha s\u00fcrd\u00fcr\u00fclebilir, d\u00f6ng\u00fcsel ekonomiyi destekliyor ve enerji ba\u011f\u0131ms\u0131zl\u0131\u011f\u0131na katk\u0131 sa\u011fl\u0131yor.<\/p>\n<p>\u00c7eviri: <a href=\"https:\/\/www.solar.ist\/alman-girisimci-voltfang-kullanilmis-ev-pillerinden-enerji-depolama-tesisi-acti\/\">solar.ist<\/a><\/p>\n<p>Yay\u0131na Alan: Alperen ERTA\u015e-<a href=\"http:\/\/alperen.ertas@enerjigazetesi.ist\">alperen.ertas@enerjigazetesi.ist<\/a><\/p>","protected":false},"excerpt":{"rendered":"<p>Sorry, this entry is only available in Turkish. For the sake of viewer convenience, the content is shown below in the alternative language. You may click the link to switch the active language. Almanya merkezli startup Voltfang, kullan\u0131lm\u0131\u015f elektrikli ara\u00e7 (EV) pillerinden enerji depolama \u00fcniteleri \u00fcretecek bir tesis a\u00e7t\u0131. \u015eirket, tesisin Avrupa\u2019n\u0131n bu alandaki en [&hellip;]<\/p>\n","protected":false},"author":19,"featured_media":199914,"comment_status":"open","ping_status":"open","sticky":false,"template":"","format":"standard","meta":[],"categories":[51,53],"tags":[117053,117054],"views":12,"_links":{"self":[{"href":"https:\/\/www.enerjigazetesi.ist\/en\/wp-json\/wp\/v2\/posts\/199911"}],"collection":[{"href":"https:\/\/www.enerjigazetesi.ist\/en\/wp-json\/wp\/v2\/posts"}],"about":[{"href":"https:\/\/www.enerjigazetesi.ist\/en\/wp-json\/wp\/v2\/types\/post"}],"author":[{"embeddable":true,"href":"https:\/\/www.enerjigazetesi.ist\/en\/wp-json\/wp\/v2\/users\/19"}],"replies":[{"embeddable":true,"href":"https:\/\/www.enerjigazetesi.ist\/en\/wp-json\/wp\/v2\/comments?post=199911"}],"version-history":[{"count":0,"href":"https:\/\/www.enerjigazetesi.ist\/en\/wp-json\/wp\/v2\/posts\/199911\/revisions"}],"wp:featuredmedia":[{"embeddable":true,"href":"https:\/\/www.enerjigazetesi.ist\/en\/wp-json\/wp\/v2\/media\/199914"}],"wp:attachment":[{"href":"https:\/\/www.enerjigazetesi.ist\/en\/wp-json\/wp\/v2\/media?parent=199911"}],"wp:term":[{"taxonomy":"category","embeddable":true,"href":"https:\/\/www.enerjigazetesi.ist\/en\/wp-json\/wp\/v2\/categories?post=199911"},{"taxonomy":"post_tag","embeddable":true,"href":"https:\/\/www.enerjigazetesi.ist\/en\/wp-json\/wp\/v2\/tags?post=199911"}],"curies":[{"name":"wp","href":"https:\/\/api.w.org\/{rel}","templated":true}]}}