{"id":199906,"date":"2025-08-26T21:01:14","date_gmt":"2025-08-26T18:01:14","guid":{"rendered":"https:\/\/www.enerjigazetesi.ist\/?p=199906"},"modified":"2025-08-26T21:31:26","modified_gmt":"2025-08-26T18:31:26","slug":"sogutma-kaynakli-elektrik-tuketimi-rekorunu-azaltmada-cozum-gunes-enerjisi","status":"publish","type":"post","link":"https:\/\/www.enerjigazetesi.ist\/en\/sogutma-kaynakli-elektrik-tuketimi-rekorunu-azaltmada-cozum-gunes-enerjisi\/","title":{"rendered":"(Turkish) So\u011futma Kaynakl\u0131 Elektrik T\u00fcketimi Rekorunu Azaltmada \u00c7\u00f6z\u00fcm G\u00fcne\u015f Enerjisi"},"content":{"rendered":"<p class=\"qtranxs-available-languages-message qtranxs-available-languages-message-en\">Sorry, this entry is only available in <a href=\"https:\/\/www.enerjigazetesi.ist\/tr\/wp-json\/wp\/v2\/posts\/199906\" class=\"qtranxs-available-language-link qtranxs-available-language-link-tr\" title=\"Turkish\">Turkish<\/a>. For the sake of viewer convenience, the content is shown below in the alternative language. You may click the link to switch the active language.<\/p><p><\/p>\n<h2><strong>K\u00fcresel iklim de\u011fi\u015fikli\u011finin etkisiyle y\u00fckselen s\u0131cakl\u0131klar ve klima kullan\u0131m\u0131n\u0131n yayg\u0131nla\u015fmas\u0131, T\u00fcrkiye\u2019nin elektrik t\u00fcketiminde so\u011futma talebini h\u0131zla art\u0131r\u0131yor. Ember T\u00fcrkiye\u2019nin haz\u0131rlad\u0131\u011f\u0131 son analiz, 2024 y\u0131l\u0131nda so\u011futma kaynakl\u0131 elektrik t\u00fcketiminin sadece son \u00fc\u00e7 y\u0131lda y\u00fczde 26 artarak 10 TWh\u2019e ula\u015ft\u0131\u011f\u0131n\u0131 ortaya koyuyor. Bu miktar, yaz aylar\u0131ndaki toplam t\u00fcketimin yakla\u015f\u0131k y\u00fczde 8\u2019ine denk geliyor.<\/strong><\/h2>\n<p><img loading=\"lazy\" class=\"size-full wp-image-199907 aligncenter\" src=\"https:\/\/www.enerjigazetesi.ist\/wp-content\/uploads\/2025\/08\/ember-sog\u0306utma-gu\u0308nes\u0327-enerjisi-raporu-1200x1200-1.jpg\" alt=\"\" width=\"550\" height=\"367\" srcset=\"https:\/\/www.enerjigazetesi.ist\/wp-content\/uploads\/2025\/08\/ember-sog\u0306utma-gu\u0308nes\u0327-enerjisi-raporu-1200x1200-1.jpg 550w, https:\/\/www.enerjigazetesi.ist\/wp-content\/uploads\/2025\/08\/ember-sog\u0306utma-gu\u0308nes\u0327-enerjisi-raporu-1200x1200-1-300x200.jpg 300w, https:\/\/www.enerjigazetesi.ist\/wp-content\/uploads\/2025\/08\/ember-sog\u0306utma-gu\u0308nes\u0327-enerjisi-raporu-1200x1200-1-500x334.jpg 500w, https:\/\/www.enerjigazetesi.ist\/wp-content\/uploads\/2025\/08\/ember-sog\u0306utma-gu\u0308nes\u0327-enerjisi-raporu-1200x1200-1-75x50.jpg 75w, https:\/\/www.enerjigazetesi.ist\/wp-content\/uploads\/2025\/08\/ember-sog\u0306utma-gu\u0308nes\u0327-enerjisi-raporu-1200x1200-1-450x300.jpg 450w\" sizes=\"(max-width: 550px) 100vw, 550px\" \/><\/p>\n<p>\u00d6zellikle yaz aylar\u0131nda, tek bir ayl\u0131k so\u011futma ihtiyac\u0131 zaman zaman 3 TWh\u2019e kadar \u00e7\u0131k\u0131yor. Bu seviye, \u0130stanbul\u2019daki t\u00fcm sanayi tesislerinin \u00fc\u00e7 ayl\u0131k elektrik t\u00fcketimine e\u015fde\u011fer. 2025 Temmuz\u2019unda ise T\u00fcrkiye\u2019nin en y\u00fcksek saatlik elektrik t\u00fcketimi 59 GWh ile rekor k\u0131rarken, bu talebin y\u00fczde 18\u2019i do\u011frudan so\u011futmadan kaynakland\u0131. G\u00fcn\u00fcn en s\u0131cak saatleri olan 12:00\u201318:00 aras\u0131nda so\u011futman\u0131n toplam elektrik t\u00fcketimindeki pay\u0131 y\u00fczde 10\u2019un \u00fczerinde seyrederken, hafta sonlar\u0131 ve tatillerde y\u00fczde 18\u2019i a\u015f\u0131yor.<\/p>\n<p>Ember T\u00fcrkiye\u2019nin raporuna g\u00f6re, elektrik t\u00fcketiminde tarihsel bir kayma da ya\u015fan\u0131yor. 2008\u2019den bu yana en y\u00fcksek elektrik talebi art\u0131k k\u0131\u015f aylar\u0131nda de\u011fil, yaz aylar\u0131nda g\u00f6r\u00fcl\u00fcyor. K\u0131\u015f ve yaz puantlar\u0131 aras\u0131ndaki fark 2008\u20132025 d\u00f6neminde 12 kat artarak 9 GWh\u2019i ge\u00e7ti. Bu durum, \u00fcretim ve iletim altyap\u0131s\u0131n\u0131n yaln\u0131zca birka\u00e7 haftal\u0131k zirve talebe g\u00f6re planlanmas\u0131n\u0131 zorunlu k\u0131l\u0131yor, kapasite kullan\u0131m oranlar\u0131n\u0131 d\u00fc\u015f\u00fcr\u00fcyor ve maliyetleri art\u0131r\u0131yor. Ayr\u0131ca \u015febekede anl\u0131k y\u00fcklenmelere yol a\u00e7arak ar\u0131za ve kesinti riskini y\u00fckseltiyor.<\/p>\n<p>Ara\u015ft\u0131rmaya g\u00f6re, her 1 \u00b0C s\u0131cakl\u0131k art\u0131\u015f\u0131 yakla\u015f\u0131k 0,77 GW ek \u00fcretim kapasitesi ihtiyac\u0131 do\u011furuyor. Bu trend devam ederse, 2035 y\u0131l\u0131na kadar so\u011futma kaynakl\u0131 elektrik t\u00fcketiminin 3,5 kat\u0131na \u00e7\u0131karak 35 TWh\u2019e ula\u015fabilece\u011fi, en y\u00fcksek saatlik elektrik talebinin ise 85 GWh\u2019i bulabilece\u011fi \u00f6ng\u00f6r\u00fcl\u00fcyor.<\/p>\n<h3><strong>Ember T\u00fcrkiye\u2019nin \u00e7al\u0131\u015fmas\u0131, \u00e7\u00f6z\u00fcm yollar\u0131na da i\u015faret ediyor<\/strong><\/h3>\n<p>&#8211; G\u00fcne\u015f enerjisi, so\u011futma talebinin en yo\u011fun oldu\u011fu saatlerde en y\u00fcksek \u00fcretimi sa\u011fl\u0131yor.<\/p>\n<p>&#8211; Enerji verimlili\u011fi politikalar\u0131 ve esneklik \u00e7\u00f6z\u00fcmleri \u015febeke \u00fczerindeki bask\u0131y\u0131 hafifletiyor.<\/p>\n<p>&#8211; Veri altyap\u0131s\u0131n\u0131n g\u00fc\u00e7lendirilmesi ve da\u011f\u0131t\u0131k \u00fcretimin yayg\u0131nla\u015ft\u0131r\u0131lmas\u0131 ise daha temiz, g\u00fcvenli ve s\u00fcrd\u00fcr\u00fclebilir bir sistemin \u00f6n\u00fcn\u00fc a\u00e7\u0131yor.<\/p>\n<p>&#8211; T\u00fcrkiye\u2019nin h\u0131zla artan so\u011futma talebini kar\u015f\u0131layabilmesi i\u00e7in g\u00fcne\u015f enerjisi ve verimlilik \u00e7\u00f6z\u00fcmleri art\u0131k hi\u00e7 olmad\u0131\u011f\u0131 kadar kritik.<\/p>\n<p>\u00c7eviri:<a href=\"https:\/\/www.solar.ist\/ember-turkiye-turkiyede-sogutma-kaynakli-elektrik-tuketimi-rekor-kiriyor-cozum-gunes-enerjisinde\/\">www.solar.ist<\/a><\/p>\n<p>Yay\u0131na Alan: Alperen ERTA\u015e-<a href=\"http:\/\/alperen.ertas@enerjigazetesi.ist\">alperen.ertas@enerjigazetesi.ist<\/a><\/p>","protected":false},"excerpt":{"rendered":"<p>Sorry, this entry is only available in Turkish. For the sake of viewer convenience, the content is shown below in the alternative language. You may click the link to switch the active language. K\u00fcresel iklim de\u011fi\u015fikli\u011finin etkisiyle y\u00fckselen s\u0131cakl\u0131klar ve klima kullan\u0131m\u0131n\u0131n yayg\u0131nla\u015fmas\u0131, T\u00fcrkiye\u2019nin elektrik t\u00fcketiminde so\u011futma talebini h\u0131zla art\u0131r\u0131yor. Ember T\u00fcrkiye\u2019nin haz\u0131rlad\u0131\u011f\u0131 son analiz, [&hellip;]<\/p>\n","protected":false},"author":19,"featured_media":199907,"comment_status":"open","ping_status":"open","sticky":false,"template":"","format":"standard","meta":[],"categories":[53,49],"tags":[6565,28829],"views":16,"_links":{"self":[{"href":"https:\/\/www.enerjigazetesi.ist\/en\/wp-json\/wp\/v2\/posts\/199906"}],"collection":[{"href":"https:\/\/www.enerjigazetesi.ist\/en\/wp-json\/wp\/v2\/posts"}],"about":[{"href":"https:\/\/www.enerjigazetesi.ist\/en\/wp-json\/wp\/v2\/types\/post"}],"author":[{"embeddable":true,"href":"https:\/\/www.enerjigazetesi.ist\/en\/wp-json\/wp\/v2\/users\/19"}],"replies":[{"embeddable":true,"href":"https:\/\/www.enerjigazetesi.ist\/en\/wp-json\/wp\/v2\/comments?post=199906"}],"version-history":[{"count":0,"href":"https:\/\/www.enerjigazetesi.ist\/en\/wp-json\/wp\/v2\/posts\/199906\/revisions"}],"wp:featuredmedia":[{"embeddable":true,"href":"https:\/\/www.enerjigazetesi.ist\/en\/wp-json\/wp\/v2\/media\/199907"}],"wp:attachment":[{"href":"https:\/\/www.enerjigazetesi.ist\/en\/wp-json\/wp\/v2\/media?parent=199906"}],"wp:term":[{"taxonomy":"category","embeddable":true,"href":"https:\/\/www.enerjigazetesi.ist\/en\/wp-json\/wp\/v2\/categories?post=199906"},{"taxonomy":"post_tag","embeddable":true,"href":"https:\/\/www.enerjigazetesi.ist\/en\/wp-json\/wp\/v2\/tags?post=199906"}],"curies":[{"name":"wp","href":"https:\/\/api.w.org\/{rel}","templated":true}]}}