{"id":199857,"date":"2025-08-25T17:02:06","date_gmt":"2025-08-25T14:02:06","guid":{"rendered":"https:\/\/www.enerjigazetesi.ist\/?p=199857"},"modified":"2025-08-25T17:02:06","modified_gmt":"2025-08-25T14:02:06","slug":"karadenize-ikinci-yuzer-uretim-platformu","status":"publish","type":"post","link":"https:\/\/www.enerjigazetesi.ist\/en\/karadenize-ikinci-yuzer-uretim-platformu\/","title":{"rendered":"(Turkish) Karadeniz\u2019e \u0130kinci Y\u00fczer \u00dcretim Platformu"},"content":{"rendered":"<p class=\"qtranxs-available-languages-message qtranxs-available-languages-message-en\">Sorry, this entry is only available in <a href=\"https:\/\/www.enerjigazetesi.ist\/tr\/wp-json\/wp\/v2\/posts\/199857\" class=\"qtranxs-available-language-link qtranxs-available-language-link-tr\" title=\"Turkish\">Turkish<\/a>. For the sake of viewer convenience, the content is shown below in the alternative language. You may click the link to switch the active language.<\/p><p><\/p>\n<h2>Do\u011fal gaz arama ve \u00fcretim \u00e7al\u0131\u015fmalar\u0131na h\u0131z veren T\u00fcrkiye, enerji filosunu daha da geni\u015fletmeye haz\u0131rlan\u0131yor. Karadeniz\u2019deki do\u011fal gaz \u00fcretimine destek verecek olan yeni y\u00fczer \u00fcretim platformunun in\u015fas\u0131 tam gaz devam ediyor. Enerji ve Tabii Kaynaklar Bakan\u0131 Alparslan Bayraktar, <em>\u201c2028 y\u0131l\u0131 ortas\u0131nda devreye almay\u0131 planlad\u0131\u011f\u0131m\u0131z yeni \u00fcretim platformu, Karadeniz\u2019de g\u00f6rev yapacak ve buradaki \u00fcretimimizde g\u00fcc\u00fcm\u00fcze g\u00fc\u00e7 katacak. Bizi faz-3 a\u015famas\u0131na ta\u015f\u0131yacak olan yeni platformumuz ile Sakarya Gaz Sahas\u0131\u2019ndaki \u00fcretimimiz, g\u00fcnl\u00fck 40 milyon metrek\u00fcpe \u00e7\u0131kacak.\u201d<\/em> dedi.<\/h2>\n<p><img loading=\"lazy\" class=\"aligncenter wp-image-199858 size-full\" src=\"https:\/\/www.enerjigazetesi.ist\/wp-content\/uploads\/2025\/08\/dynupload_202508231134.jpg\" alt=\"\" width=\"550\" height=\"362\" srcset=\"https:\/\/www.enerjigazetesi.ist\/wp-content\/uploads\/2025\/08\/dynupload_202508231134.jpg 550w, https:\/\/www.enerjigazetesi.ist\/wp-content\/uploads\/2025\/08\/dynupload_202508231134-300x197.jpg 300w, https:\/\/www.enerjigazetesi.ist\/wp-content\/uploads\/2025\/08\/dynupload_202508231134-500x329.jpg 500w, https:\/\/www.enerjigazetesi.ist\/wp-content\/uploads\/2025\/08\/dynupload_202508231134-76x50.jpg 76w\" sizes=\"(max-width: 550px) 100vw, 550px\" \/><\/p>\n<p>Karadeniz\u2019deki Sakarya Gaz Sahas\u0131 Geli\u015ftirme \u00c7al\u0131\u015fmalar\u0131n\u0131 Faz-3 a\u015famas\u0131na ta\u015f\u0131yacak \u00f6nemli bir ad\u0131m at\u0131ld\u0131. Karadeniz\u2019deki \u00fcretime destek verecek olan gemi formunda yeni bir Y\u00fczer \u00dcretim Platformunun (FPU) temini i\u00e7in \u00c7in men\u015feli bir firma ile anla\u015fmaya var\u0131ld\u0131. M\u00fchendislik, tedarik, imalat, kurulum ve devreye alma faaliyetlerini kapsayan s\u00f6zle\u015fme kapsam\u0131nda, \u00c7in\u2019de platformun \u00fcretimine ba\u015fland\u0131.<\/p>\n<h3><strong>273 Metre Uzunluk, 54 Metre Geni\u015flik<\/strong><\/h3>\n<p>T\u0131pk\u0131 Osman Gazi Y\u00fczer \u00dcretim Platformu gibi gemi formunda olan yeni platformun uzunlu\u011fu 273 metre, geni\u015fli\u011fi 54 metre, derinli\u011fi ise 26 metre olacak. Platform, karadan yakla\u015f\u0131k 180 kilometre a\u00e7\u0131kta, yakla\u015f\u0131k 2 bin 200 metre su derinli\u011fi olan b\u00f6lgede 4 grupta toplam 20 halat sistemi ile deniz zeminine demirlenecek ve sabit olarak kalacak. Platform, \u00fczerinde 150 personel i\u00e7in bar\u0131nma alanlar\u0131 sa\u011flayacak.<\/p>\n<h3><strong>Gaz Do\u011frudan Ulusal \u0130letim A\u011f\u0131na Verilecek<\/strong><\/h3>\n<p>Platform, kuyulardan yap\u0131lan ham do\u011fal gaz \u00fcretimini yerinde kar\u015f\u0131lay\u0131p kuyular\u0131n kontrol\u00fc, su ayr\u0131\u015f\u0131m\u0131, kurutma kompresyon, \u00f6l\u00e7\u00fcm ve benzeri operasyonlar\u0131n\u0131 ger\u00e7ekle\u015ftirecek. \u0130\u015flemlerin ard\u0131ndan do\u011fal gaz deniz alt\u0131 boru hatt\u0131 ile karaya ula\u015ft\u0131r\u0131lacak. Platformdan g\u00f6nderilen do\u011fal gaz do\u011frudan ulusal iletim a\u011f\u0131na verilecek.<\/p>\n<h3><strong>G\u00fcnl\u00fck 25 Milyon Metrek\u00fcp \u00dcretim Kapasitesi<\/strong><\/h3>\n<p>Platformun g\u00fcnl\u00fck gaz \u00fcretim kapasitesi, 25 milyon metrek\u00fcp olacak. \u0130lk etapta ise toplam 27 derin deniz kuyusundan 20 milyon metrek\u00fcp do\u011fal gaz \u00fcretilmesi planlan\u0131yor.<\/p>\n<h3><strong>Bakan Bayraktar: \u00dcretim 40 Milyon Metrek\u00fcpe \u00c7\u0131kacak<\/strong><\/h3>\n<p>Konuya ili\u015fkin a\u00e7\u0131klamalarda bulunan Enerji ve Tabii Kaynaklar Bakan\u0131 Alparslan Bayraktar, yeni y\u00fczer \u00fcretim platformunun Karadeniz\u2019deki g\u00fcnl\u00fck do\u011fal gaz \u00fcretimini 40 milyon metrek\u00fcpe \u00e7\u0131karaca\u011f\u0131n\u0131 s\u00f6yledi. \u015eu anda Karadeniz\u2019deki Sakarya Gaz Sahas\u0131&#8217;ndan g\u00fcnl\u00fck 9,5 milyon metrek\u00fcp gaz \u00fcretildi\u011fini ve 2026&#8217;n\u0131n ortas\u0131nda g\u00f6rev yapmaya ba\u015flayacak olan Osman Gazi Y\u00fczer \u00dcretim Platformu ile \u00fcretimin g\u00fcnl\u00fck 20 milyon metrek\u00fcpe ula\u015faca\u011f\u0131n\u0131 an\u0131msatan Bakan Bayraktar, <em>\u201cOsman Gazi Y\u00fczer \u00dcretim Platformumuza bir karde\u015f gelecek. \u0130n\u015fas\u0131 \u00c7in\u2019de devam eden yeni platformumuzun 2027 sonunda T\u00fcrkiye\u2019ye do\u011fru yola \u00e7\u0131kmas\u0131n\u0131 bekliyoruz. 2028 y\u0131l\u0131 ortas\u0131nda devreye almay\u0131 planlad\u0131\u011f\u0131m\u0131z yeni \u00fcretim platformu, Karadeniz\u2019de g\u00f6rev yapacak ve buradaki \u00fcretimimizde g\u00fcc\u00fcm\u00fcze g\u00fc\u00e7 katacak. Bizi faz-3 a\u015famas\u0131na ta\u015f\u0131yacak olan yeni platformumuz ile Sakarya Gaz Sahas\u0131\u2019ndaki \u00fcretimimiz, bug\u00fcne k\u0131yasla 4 kat\u0131na \u00e7\u0131karak g\u00fcnl\u00fck 40 milyon metrek\u00fcpe y\u00fckselecek.\u201d<\/em> dedi.<\/p>\n<p>Yay\u0131na Alan: Alperen ERTA\u015e-<a href=\"http:\/\/alperen.ertas@enerjigazetesi.ist\">alperen.ertas@enerjigazetesi.ist<\/a><\/p>","protected":false},"excerpt":{"rendered":"<p>Sorry, this entry is only available in Turkish. For the sake of viewer convenience, the content is shown below in the alternative language. You may click the link to switch the active language. Do\u011fal gaz arama ve \u00fcretim \u00e7al\u0131\u015fmalar\u0131na h\u0131z veren T\u00fcrkiye, enerji filosunu daha da geni\u015fletmeye haz\u0131rlan\u0131yor. Karadeniz\u2019deki do\u011fal gaz \u00fcretimine destek verecek olan [&hellip;]<\/p>\n","protected":false},"author":19,"featured_media":199858,"comment_status":"open","ping_status":"open","sticky":false,"template":"","format":"standard","meta":[],"categories":[46,53],"tags":[117044,117045],"views":7,"_links":{"self":[{"href":"https:\/\/www.enerjigazetesi.ist\/en\/wp-json\/wp\/v2\/posts\/199857"}],"collection":[{"href":"https:\/\/www.enerjigazetesi.ist\/en\/wp-json\/wp\/v2\/posts"}],"about":[{"href":"https:\/\/www.enerjigazetesi.ist\/en\/wp-json\/wp\/v2\/types\/post"}],"author":[{"embeddable":true,"href":"https:\/\/www.enerjigazetesi.ist\/en\/wp-json\/wp\/v2\/users\/19"}],"replies":[{"embeddable":true,"href":"https:\/\/www.enerjigazetesi.ist\/en\/wp-json\/wp\/v2\/comments?post=199857"}],"version-history":[{"count":0,"href":"https:\/\/www.enerjigazetesi.ist\/en\/wp-json\/wp\/v2\/posts\/199857\/revisions"}],"wp:featuredmedia":[{"embeddable":true,"href":"https:\/\/www.enerjigazetesi.ist\/en\/wp-json\/wp\/v2\/media\/199858"}],"wp:attachment":[{"href":"https:\/\/www.enerjigazetesi.ist\/en\/wp-json\/wp\/v2\/media?parent=199857"}],"wp:term":[{"taxonomy":"category","embeddable":true,"href":"https:\/\/www.enerjigazetesi.ist\/en\/wp-json\/wp\/v2\/categories?post=199857"},{"taxonomy":"post_tag","embeddable":true,"href":"https:\/\/www.enerjigazetesi.ist\/en\/wp-json\/wp\/v2\/tags?post=199857"}],"curies":[{"name":"wp","href":"https:\/\/api.w.org\/{rel}","templated":true}]}}