{"id":199853,"date":"2025-08-25T16:57:52","date_gmt":"2025-08-25T13:57:52","guid":{"rendered":"https:\/\/www.enerjigazetesi.ist\/?p=199853"},"modified":"2025-08-25T16:57:52","modified_gmt":"2025-08-25T13:57:52","slug":"oedasin-projesi-uluslararasi-odule-layik-goruldu","status":"publish","type":"post","link":"https:\/\/www.enerjigazetesi.ist\/en\/oedasin-projesi-uluslararasi-odule-layik-goruldu\/","title":{"rendered":"(Turkish) OEDA\u015e\u2019\u0131n Projesi Uluslararas\u0131 \u00d6d\u00fcle Lay\u0131k G\u00f6r\u00fcld\u00fc"},"content":{"rendered":"<p class=\"qtranxs-available-languages-message qtranxs-available-languages-message-en\">Sorry, this entry is only available in <a href=\"https:\/\/www.enerjigazetesi.ist\/tr\/wp-json\/wp\/v2\/posts\/199853\" class=\"qtranxs-available-language-link qtranxs-available-language-link-tr\" title=\"Turkish\">Turkish<\/a>. For the sake of viewer convenience, the content is shown below in the alternative language. You may click the link to switch the active language.<\/p><p><\/p>\n<h2><strong>Elektrik da\u011f\u0131t\u0131m \u015firketi OEDA\u015e\u2019\u0131n \u2018Radyo Frekans Emisyonlar\u0131 ile K\u0131smi De\u015farj Tespiti\u2019 projesi, Stevie Uluslararas\u0131 \u0130\u015f \u00d6d\u00fclleri\u2019nin \u2018Teknoloji \u0130novasyonunda Ba\u015far\u0131\u2019 kategorisinde \u00f6d\u00fcl ald\u0131. T\u00fcrkiye\u2019de ilk, d\u00fcnyada ise say\u0131l\u0131 olan proje, planl\u0131 elektrik kesinti s\u00fcrelerini yar\u0131 yar\u0131ya d\u00fc\u015f\u00fcr\u00fcrken y\u0131lda yakla\u015f\u0131k 42,7 ton sera gaz\u0131 sal\u0131m\u0131n\u0131n \u00f6n\u00fcne ge\u00e7erek 104 a\u011fac\u0131n kurtar\u0131lmas\u0131n\u0131 sa\u011fl\u0131yor. <\/strong><\/h2>\n<p><strong> <img loading=\"lazy\" class=\"aligncenter wp-image-199854\" src=\"https:\/\/www.enerjigazetesi.ist\/wp-content\/uploads\/2025\/08\/OEDAS_Gorsel.jpg\" alt=\"\" width=\"550\" height=\"541\" srcset=\"https:\/\/www.enerjigazetesi.ist\/wp-content\/uploads\/2025\/08\/OEDAS_Gorsel.jpg 488w, https:\/\/www.enerjigazetesi.ist\/wp-content\/uploads\/2025\/08\/OEDAS_Gorsel-300x295.jpg 300w, https:\/\/www.enerjigazetesi.ist\/wp-content\/uploads\/2025\/08\/OEDAS_Gorsel-407x400.jpg 407w, https:\/\/www.enerjigazetesi.ist\/wp-content\/uploads\/2025\/08\/OEDAS_Gorsel-51x50.jpg 51w\" sizes=\"(max-width: 550px) 100vw, 550px\" \/><\/strong><\/p>\n<p>Dijital d\u00fcnyayla uyumlu, s\u00fcrd\u00fcr\u00fclebilir ve kaliteli elektrik da\u011f\u0131t\u0131m hizmeti sa\u011flamak amac\u0131yla yenilik\u00e7i projeler geli\u015ftiren <strong>Osmangazi Elektrik Da\u011f\u0131t\u0131m A\u015e\u2019nin (OEDA\u015e)<\/strong> bu projeleri ulusal ve uluslararas\u0131 arenada \u00e7e\u015fitli \u00f6d\u00fcllere lay\u0131k g\u00f6r\u00fcl\u00fcyor. \u015eirket bu kapsamda son olarak, alan\u0131nda d\u00fcnyan\u0131n en prestijli programlar\u0131ndan biri olan Stevie Uluslararas\u0131 \u0130\u015f \u00d6d\u00fclleri\u2019nin \u2018Teknoloji \u0130novasyonunda Ba\u015far\u0131\u2019 kategorisinde, Radyo Frekans Emisyonlar\u0131 ile K\u0131smi De\u015farj Tespiti\u2019 projesi ile \u00f6d\u00fcl ald\u0131. 78 \u00fclkeden 3 bin 800\u2019den fazla ba\u015fvurunun yap\u0131ld\u0131\u011f\u0131 programda \u00f6d\u00fcllendirilen proje, ge\u00e7ti\u011fimiz y\u0131l da Best Business Awards ve D\u00fc\u015f\u00fck Karbon Kahraman\u0131 olmak \u00fczere iki \u00f6d\u00fcl kazanm\u0131\u015ft\u0131.<\/p>\n<h3><strong>K\u0131smi de\u015farj tespiti operasyonu iyile\u015ftirildi<\/strong><\/h3>\n<p>Elektrik da\u011f\u0131t\u0131m \u015febekelerinde, enerjinin hat boyunca d\u00fczensiz hareket etmesi anlam\u0131na gelen k\u0131smi de\u015farja m\u00fcdahale edilmedi\u011fi takdirde hatlarda olu\u015fan ar\u0131za nedeniyle enerji kesintileri meydana gelebiliyor. OEDA\u015e\u2019\u0131n hayata ge\u00e7irdi\u011fi \u00a0<strong>\u2018Radyo Frekans Emisyonlar\u0131 ile K\u0131smi De\u015farj Tespiti\u2019 <\/strong>projesi ile k\u0131smi de\u015farj\u0131n tespiti i\u00e7in her bir dire\u011fin tek tek kontrol edilmesine gerek kalmadan \u00f6zel olarak tasarlanan al\u0131c\u0131 anten ile s\u00fcre\u00e7 optimizasyonu sa\u011flan\u0131yor. Hizmet b\u00f6lgesindeki be\u015f \u015fehirde 261 bin 240 adet elektrik dire\u011fi bulunan \u015firket, 2023 y\u0131l\u0131nda hayata ge\u00e7irdi\u011fi projesiyle ara\u00e7 kullan\u0131m\u0131n\u0131 azaltarak hem karbon ayak izini azalt\u0131yor hem de verimlili\u011fi art\u0131r\u0131yor.<\/p>\n<p>Proje kapsam\u0131nda, \u00fczerine \u00f6zel anten monte edilen ara\u00e7 belirli bir h\u0131zda seyir halindeyken g\u00fczergah \u00fczerindeki direklerde k\u0131smi de\u015farj varsa bunlar\u0131n yayd\u0131\u011f\u0131 radyo frekans dalgalar\u0131n\u0131 tespit edebiliyor. B\u00f6ylece t\u00fcm direkler yerine yaln\u0131zca belirlenen direklerde kontrol yap\u0131l\u0131p onar\u0131m \u00e7al\u0131\u015fmalar\u0131 ger\u00e7ekle\u015ftiriliyor.<\/p>\n<div id=\"attachment_199855\" style=\"width: 500px\" class=\"wp-caption aligncenter\"><img aria-describedby=\"caption-attachment-199855\" loading=\"lazy\" class=\"wp-image-199855 size-full\" src=\"https:\/\/www.enerjigazetesi.ist\/wp-content\/uploads\/2025\/08\/qwertyuiopguislkjhgfdsazxcvbnmoooooc.jpg\" alt=\"\" width=\"490\" height=\"480\" srcset=\"https:\/\/www.enerjigazetesi.ist\/wp-content\/uploads\/2025\/08\/qwertyuiopguislkjhgfdsazxcvbnmoooooc.jpg 490w, https:\/\/www.enerjigazetesi.ist\/wp-content\/uploads\/2025\/08\/qwertyuiopguislkjhgfdsazxcvbnmoooooc-300x294.jpg 300w, https:\/\/www.enerjigazetesi.ist\/wp-content\/uploads\/2025\/08\/qwertyuiopguislkjhgfdsazxcvbnmoooooc-408x400.jpg 408w, https:\/\/www.enerjigazetesi.ist\/wp-content\/uploads\/2025\/08\/qwertyuiopguislkjhgfdsazxcvbnmoooooc-51x50.jpg 51w\" sizes=\"(max-width: 490px) 100vw, 490px\" \/><p id=\"caption-attachment-199855\" class=\"wp-caption-text\">OEDA\u015e Direkt\u00f6r\u00fc Muzaffer Yal\u00e7\u0131n<\/p><\/div>\n<h3><strong>Projemizle sekt\u00f6rdeki yeni standartlara temel haz\u0131rlad\u0131k<\/strong><\/h3>\n<p>Projenin \u00e7\u0131kt\u0131lar\u0131 hakk\u0131nda bilgi veren ve ald\u0131klar\u0131 \u00f6d\u00fcl\u00fc de\u011ferlendiren <strong>OEDA\u015e Direkt\u00f6r\u00fc Muzaffer Yal\u00e7\u0131n,<\/strong> <em>\u201cUluslararas\u0131 arenada ald\u0131\u011f\u0131 \u00f6d\u00fclle bize bir kez daha \u00f6d\u00fcl mutlulu\u011fu ya\u015fatan projemiz, farkl\u0131 alanlardaki s\u00fcrd\u00fcr\u00fclebilir ve sorumlu yakla\u015f\u0131m\u0131m\u0131z\u0131 ortaya koyuyor. \u00c7evresel sorumluluk taraf\u0131nda, ara\u00e7 kullan\u0131m\u0131m\u0131z\u0131 y\u00fczde 60 ila 70 civar\u0131nda azaltt\u0131\u011f\u0131m\u0131z i\u00e7in y\u0131lda yakla\u015f\u0131k 164 bin 340 km yoldan tasarruf sa\u011flad\u0131k ve 42 bin 712 ton sera gaz\u0131 sal\u0131m\u0131n\u0131 \u00f6nledik. Bu da yaln\u0131zca bu proje sayesinde y\u0131lda 104 a\u011fac\u0131 kurtard\u0131\u011f\u0131m\u0131z anlam\u0131na geliyor. T\u00fcketicilere fayda noktas\u0131nda, k\u0131smi de\u015farj olan direkleri \u00e7ok daha h\u0131zl\u0131 tespit etti\u011fimiz i\u00e7in planl\u0131 kesinti s\u00fcrelerinde y\u00fczde 50 civar\u0131 d\u00fc\u015f\u00fc\u015f yakalad\u0131k. \u00d6te yandan bu projede yerli \u00fcretim teknolojiler kullanarak \u00fclkemizin teknolojik ba\u011f\u0131ms\u0131zl\u0131\u011f\u0131n\u0131 art\u0131rmay\u0131 ve yerel \u00fcretime katk\u0131da bulunmay\u0131 hedefledik. Projemiz t\u00fcm bu y\u00f6nleriyle sekt\u00f6rde olu\u015fturulacak yeni standartlara da bir temel haz\u0131rlad\u0131. Uluslararas\u0131 alanda b\u00f6yle sayg\u0131n bir \u00f6d\u00fcle lay\u0131k g\u00f6r\u00fclmek ise projemizin de\u011ferini ve OEDA\u015e\u2019\u0131n inovasyona verdi\u011fi \u00f6nemi bir kez daha tescillemi\u015f oldu\u201d<\/em> dedi.<\/p>\n<p>Yay\u0131na Alan: Alperen ERTA\u015e-<a href=\"http:\/\/alperen.ertas@enerjigazetesi.ist\">alperen.ertas@enerjigazetesi.ist<\/a><\/p>","protected":false},"excerpt":{"rendered":"<p>Sorry, this entry is only available in Turkish. For the sake of viewer convenience, the content is shown below in the alternative language. You may click the link to switch the active language. Elektrik da\u011f\u0131t\u0131m \u015firketi OEDA\u015e\u2019\u0131n \u2018Radyo Frekans Emisyonlar\u0131 ile K\u0131smi De\u015farj Tespiti\u2019 projesi, Stevie Uluslararas\u0131 \u0130\u015f \u00d6d\u00fclleri\u2019nin \u2018Teknoloji \u0130novasyonunda Ba\u015far\u0131\u2019 kategorisinde \u00f6d\u00fcl ald\u0131. [&hellip;]<\/p>\n","protected":false},"author":19,"featured_media":199854,"comment_status":"open","ping_status":"open","sticky":false,"template":"","format":"standard","meta":[],"categories":[51,53],"tags":[117042,117043],"views":7,"_links":{"self":[{"href":"https:\/\/www.enerjigazetesi.ist\/en\/wp-json\/wp\/v2\/posts\/199853"}],"collection":[{"href":"https:\/\/www.enerjigazetesi.ist\/en\/wp-json\/wp\/v2\/posts"}],"about":[{"href":"https:\/\/www.enerjigazetesi.ist\/en\/wp-json\/wp\/v2\/types\/post"}],"author":[{"embeddable":true,"href":"https:\/\/www.enerjigazetesi.ist\/en\/wp-json\/wp\/v2\/users\/19"}],"replies":[{"embeddable":true,"href":"https:\/\/www.enerjigazetesi.ist\/en\/wp-json\/wp\/v2\/comments?post=199853"}],"version-history":[{"count":0,"href":"https:\/\/www.enerjigazetesi.ist\/en\/wp-json\/wp\/v2\/posts\/199853\/revisions"}],"wp:featuredmedia":[{"embeddable":true,"href":"https:\/\/www.enerjigazetesi.ist\/en\/wp-json\/wp\/v2\/media\/199854"}],"wp:attachment":[{"href":"https:\/\/www.enerjigazetesi.ist\/en\/wp-json\/wp\/v2\/media?parent=199853"}],"wp:term":[{"taxonomy":"category","embeddable":true,"href":"https:\/\/www.enerjigazetesi.ist\/en\/wp-json\/wp\/v2\/categories?post=199853"},{"taxonomy":"post_tag","embeddable":true,"href":"https:\/\/www.enerjigazetesi.ist\/en\/wp-json\/wp\/v2\/tags?post=199853"}],"curies":[{"name":"wp","href":"https:\/\/api.w.org\/{rel}","templated":true}]}}