{"id":19984,"date":"2013-12-26T15:12:23","date_gmt":"2013-12-26T12:12:23","guid":{"rendered":"https:\/\/www.enerjigazetesi.ist\/?p=19984"},"modified":"2013-12-26T15:12:23","modified_gmt":"2013-12-26T12:12:23","slug":"elektrik-kesintilerine-helikopterli-ozel-tim-mudahale-edecek","status":"publish","type":"post","link":"https:\/\/www.enerjigazetesi.ist\/en\/elektrik-kesintilerine-helikopterli-ozel-tim-mudahale-edecek\/","title":{"rendered":"(Turkish) Elektrik Kesintilerine Helikopterli \u00d6zel Tim M\u00fcdahale Edecek&#8230;"},"content":{"rendered":"<p class=\"qtranxs-available-languages-message qtranxs-available-languages-message-en\">Sorry, this entry is only available in <a href=\"https:\/\/www.enerjigazetesi.ist\/tr\/wp-json\/wp\/v2\/posts\/19984\" class=\"qtranxs-available-language-link qtranxs-available-language-link-tr\" title=\"Turkish\">Turkish<\/a>. For the sake of viewer convenience, the content is shown below in the alternative language. You may click the link to switch the active language.<\/p><p><strong>T\u00fcrkiye 51 bin kilometrelik hatla Avrupa\u2019n\u0131n en uzun elektrik iletim hatt\u0131na sahip. Devlet hatlardaki ar\u0131zalar\u0131 \u00f6nceden tespit etmek ve en h\u0131zl\u0131 \u015fekilde m\u00fcdahale etmek i\u00e7in helikopter filosu kurdu ve \u00f6zel bir ekip kiralad\u0131.<\/strong><\/p>\n<p>Elektrik t\u00fcketimi ekonomideki \u00f6nc\u00fc g\u00f6stergelerden birisidir. Sanayide \u00e7arklar\u0131n ne kadar h\u0131zl\u0131 d\u00f6nd\u00fc\u011f\u00fcn\u00fc ve toplumun refah d\u00fczeyini anlamak isteyenlere \u00e7ok \u00f6nemli bilgiler sunar. Ekonomistler b\u00fcy\u00fcme ile elektrik t\u00fcketimi aras\u0131nda do\u011frudan bir ili\u015fki oldu\u011funu inan\u0131r. Genelde de elektrik t\u00fcketi<a href=\"https:\/\/www.enerjigazetesi.ist\/wp-content\/uploads\/2013\/12\/elektrik-kesintilerine-helikopterli-ozel-tim-mudahale-edecek.jpg\"><img loading=\"lazy\" class=\"alignleft size-medium wp-image-19985\" title=\"elektrik-kesintilerine-helikopterli-ozel-tim-mudahale-edecek\" src=\"https:\/\/www.enerjigazetesi.ist\/wp-content\/uploads\/2013\/12\/elektrik-kesintilerine-helikopterli-ozel-tim-mudahale-edecek-300x196.jpg\" alt=\"\" width=\"300\" height=\"196\" srcset=\"https:\/\/www.enerjigazetesi.ist\/wp-content\/uploads\/2013\/12\/elektrik-kesintilerine-helikopterli-ozel-tim-mudahale-edecek-300x196.jpg 300w, https:\/\/www.enerjigazetesi.ist\/wp-content\/uploads\/2013\/12\/elektrik-kesintilerine-helikopterli-ozel-tim-mudahale-edecek-76x50.jpg 76w, https:\/\/www.enerjigazetesi.ist\/wp-content\/uploads\/2013\/12\/elektrik-kesintilerine-helikopterli-ozel-tim-mudahale-edecek.jpg 434w\" sizes=\"(max-width: 300px) 100vw, 300px\" \/><\/a>mi b\u00fcy\u00fcmeden 1.5 kat fazla ger\u00e7ekle\u015fir.<\/p>\n<p>Ancak bu y\u0131l ilgin\u00e7 bir tablo var kar\u015f\u0131m\u0131zda. T\u00fcrk ekonomisinin y\u00fczde 4 b\u00fcy\u00fcd\u00fc\u011f\u00fc bir ortamda elektrik t\u00fcketimi bunun olduk\u00e7a alt\u0131nda ger\u00e7ekle\u015fti. T\u00fcrkiye Elektrik \u0130letim A.\u015e (TE\u0130A\u015e) Genel M\u00fcd\u00fcr\u00fc Kemal Y\u0131ld\u0131r, \u201cBu y\u0131l ekonominin y\u00fczde 4 b\u00fcy\u00fcmesi bekleniyor. Ancak elektrik t\u00fcketimi y\u00fczde 1.2 d\u00fczeyinde ger\u00e7ekle\u015fecek\u201d dedi. Ge\u00e7en y\u0131l toplam elektrik t\u00fcketiminin 242 milyar kilovat oldu\u011funu hat\u0131rlatan Y\u0131ld\u0131r, \u201cBu y\u0131l hava ko\u015fullar\u0131n\u0131n mevsim normallerinden daha \u0131l\u0131ml\u0131 ge\u00e7mesi, enerji verimlili\u011fi ve ka\u00e7ak elektrikle m\u00fccadele gibi fakt\u00f6rler nedeniyle t\u00fcketim beklentilerin alt\u0131nda ger\u00e7ekle\u015fti. Bu nedenle y\u0131lsonunda 245 milyar kilovatl\u0131k bir t\u00fcketime ula\u015f\u0131lmas\u0131n\u0131 bekliyoruz.\u201d diye konu\u015ftu.<\/p>\n<p>T\u00fcrkiye 51 bin kilometre uzunlu\u011fundaki hatt\u0131yla Avrupa\u2019n\u0131n en uzun iletim hatt\u0131na sahip. 2800 metre y\u00fckseklikteki k\u00f6y ve kasabalara bile elektrik ta\u015f\u0131yan bu hat zaman zaman olumsuz hava \u015fartlar\u0131 ve d\u0131\u015f m\u00fcdahaleler nedeniyle devre d\u0131\u015f\u0131 kalabiliyor.<\/p>\n<h2>\u00d6zel timle m\u00fcdahale<\/h2>\n<p>Elektrik kesintilerine an\u0131nda m\u00fcdahale etmek ve daha \u00f6nemlisi hatlar\u0131 s\u00fcrekli denetleyerek \u2018olas\u0131 riskleri\u2019 \u00f6nceden bertaraf etmek isteyen TE\u0130A\u015e bu y\u0131ldan itibaren helikopterle denetime ba\u015fl\u0131yor. Genel M\u00fcd\u00fcr Kemal Y\u0131ld\u0131r, \u201c\u00d6nleyici hekim gibi hareket etmek istiyoruz. Bunun i\u00e7in de \u00f6n\u00fcm\u00fczdeki aydan itibaren \u00f6zel donan\u0131ml\u0131 bir helikopter filosuyla hatlar\u0131 havadan denetlemeye ba\u015fl\u0131yoruz\u201d dedi ve ekledi: \u201c 3 helikopterden olu\u015fan bu filoda her helikopterde 3 farkl\u0131 kamera s\u00fcrekli kay\u0131t yapacak. Termal, enferuj ve normal kamerayla yap\u0131lan \u00e7ekimler daha sonra izlenecek ve ona g\u00f6re b\u00f6lgeye ekipler sevk edilecek. Bunun i\u00e7in \u00f6zel bir \u015firketle anla\u015ft\u0131k\u201d<\/p>\n<h2>Elektrik borsas\u0131 ilk yar\u0131da tamam<\/h2>\n<p>Genel M\u00fcd\u00fcr Kemal Y\u0131ld\u0131r, Enerji Piyasalar\u0131 \u0130\u015fletme Anonim \u015eirketi\u2019nin (EP\u0130A\u015e) kurulu\u015f a\u015famalar\u0131 hakk\u0131ndaki son geli\u015fmeleri de payla\u015ft\u0131. EP\u0130A\u015e\u2019\u0131n y\u00fczde 30 hissesinin TE\u0130A\u015e\u2019e, y\u00fczde 30 hissesi Borsa \u0130stanbul\u2019a geri kalan y\u00fczde 40 hissesi ise EP\u0130A\u015e\u2019ta yer alacak \u00f6zel \u015firketlere ait olaca\u011f\u0131n\u0131 hat\u0131rlatt\u0131. Bu konudaki yasal d\u00fczenlemelerin tamamland\u0131\u011f\u0131n\u0131 aktaran Y\u0131ld\u0131r, \u201c\u015eu anda Y\u00fcksek Planlama Kurulu karar\u0131n\u0131 bekliyoruz. Zann\u0131mca en ge\u00e7 2014\u2019\u00fcn ikinci \u00e7eyre\u011fine kadar s\u00fcre\u00e7 tamamlan\u0131r. Ben daha da \u00f6nce olabilece\u011fini d\u00fc\u015f\u00fcn\u00fcyorum\u201d<\/p>\n<h2>G\u00fcrcistan\u2019dan elektrik gelecek<\/h2>\n<p>G\u00fcrcistan, T\u00fcrk yat\u0131r\u0131mc\u0131lar\u0131n yeni g\u00f6zdesi haline geldi. \u00c7oruh Nehri \u00fczerine in\u015fa edilen barajlarda \u00fcretilen elektri\u011fin T\u00fcrkiye\u2019ye g\u00fcvenli bir \u015fekilde aktar\u0131lmas\u0131 i\u00e7in altyap\u0131 \u00e7al\u0131\u015fmalar\u0131 tamamland\u0131. TE\u0130A\u015e Genel M\u00fcd\u00fcr\u00fc Kemal Y\u0131ld\u0131r, 700 megavatl\u0131k yeni iletim hatt\u0131n\u0131n ge\u00e7en hafta devreye al\u0131nd\u0131\u011f\u0131n\u0131 hat\u0131rlatarak, \u201cBu hatt\u0131n kapasitesini k\u0131sa zamanda 1100 megavata \u00e7\u0131karmay\u0131 planl\u0131yoruz. B\u00f6ylece \u00fcretilen elektrik Avrupa pazar\u0131na da ula\u015ft\u0131r\u0131lm\u0131\u015f olacak\u201d dedi.<\/p>\n<p>Yazan: Ufuk \u015eanl\u0131<\/p>\n<p>Kaynak: <a href=\"http:\/\/enerjienstitusu.com\/2013\/12\/26\/elektrik-kesintilerine-helikopterli-ozel-tim-mudahale-edecek\/\" target=\"_blank\">Enerji Enstit\u00fcs\u00fc<\/a><\/p>","protected":false},"excerpt":{"rendered":"<p>Sorry, this entry is only available in Turkish. For the sake of viewer convenience, the content is shown below in the alternative language. You may click the link to switch the active language.T\u00fcrkiye 51 bin kilometrelik hatla Avrupa\u2019n\u0131n en uzun elektrik iletim hatt\u0131na sahip. Devlet hatlardaki ar\u0131zalar\u0131 \u00f6nceden tespit etmek ve en h\u0131zl\u0131 \u015fekilde m\u00fcdahale [&hellip;]<\/p>\n","protected":false},"author":1,"featured_media":19985,"comment_status":"open","ping_status":"open","sticky":false,"template":"","format":"standard","meta":[],"categories":[51,53],"tags":[68,11628,4611,61,2479,11276,63,67,1009,165,3405,11629,11631,10542,11630,1582,4309],"views":895,"_links":{"self":[{"href":"https:\/\/www.enerjigazetesi.ist\/en\/wp-json\/wp\/v2\/posts\/19984"}],"collection":[{"href":"https:\/\/www.enerjigazetesi.ist\/en\/wp-json\/wp\/v2\/posts"}],"about":[{"href":"https:\/\/www.enerjigazetesi.ist\/en\/wp-json\/wp\/v2\/types\/post"}],"author":[{"embeddable":true,"href":"https:\/\/www.enerjigazetesi.ist\/en\/wp-json\/wp\/v2\/users\/1"}],"replies":[{"embeddable":true,"href":"https:\/\/www.enerjigazetesi.ist\/en\/wp-json\/wp\/v2\/comments?post=19984"}],"version-history":[{"count":2,"href":"https:\/\/www.enerjigazetesi.ist\/en\/wp-json\/wp\/v2\/posts\/19984\/revisions"}],"predecessor-version":[{"id":19987,"href":"https:\/\/www.enerjigazetesi.ist\/en\/wp-json\/wp\/v2\/posts\/19984\/revisions\/19987"}],"wp:featuredmedia":[{"embeddable":true,"href":"https:\/\/www.enerjigazetesi.ist\/en\/wp-json\/wp\/v2\/media\/19985"}],"wp:attachment":[{"href":"https:\/\/www.enerjigazetesi.ist\/en\/wp-json\/wp\/v2\/media?parent=19984"}],"wp:term":[{"taxonomy":"category","embeddable":true,"href":"https:\/\/www.enerjigazetesi.ist\/en\/wp-json\/wp\/v2\/categories?post=19984"},{"taxonomy":"post_tag","embeddable":true,"href":"https:\/\/www.enerjigazetesi.ist\/en\/wp-json\/wp\/v2\/tags?post=19984"}],"curies":[{"name":"wp","href":"https:\/\/api.w.org\/{rel}","templated":true}]}}