{"id":199823,"date":"2025-08-25T14:37:36","date_gmt":"2025-08-25T11:37:36","guid":{"rendered":"https:\/\/www.enerjigazetesi.ist\/?p=199823"},"modified":"2025-08-25T14:37:36","modified_gmt":"2025-08-25T11:37:36","slug":"akfen-yenilenebilir-enerji-802-mwlik-kurulu-guce-ulasti","status":"publish","type":"post","link":"https:\/\/www.enerjigazetesi.ist\/en\/akfen-yenilenebilir-enerji-802-mwlik-kurulu-guce-ulasti\/","title":{"rendered":"(Turkish) Akfen Yenilenebilir Enerji 802 MW\u2019l\u0131k Kurulu G\u00fcce Ula\u015ft\u0131"},"content":{"rendered":"<p class=\"qtranxs-available-languages-message qtranxs-available-languages-message-en\">Sorry, this entry is only available in <a href=\"https:\/\/www.enerjigazetesi.ist\/tr\/wp-json\/wp\/v2\/posts\/199823\" class=\"qtranxs-available-language-link qtranxs-available-language-link-tr\" title=\"Turkish\">Turkish<\/a>. For the sake of viewer convenience, the content is shown below in the alternative language. You may click the link to switch the active language.<\/p><p><\/p>\n<h2><strong>T\u00fcrkiye\u2019nin \u00f6nde gelen yenilenebilir enerji \u00fcretim \u015firketlerinden Akfen Yenilenebilir Enerji A.\u015e., yat\u0131r\u0131mlar\u0131na ara vermeden devam ediyor. \u015eirket, y\u00fczde 100 ba\u011fl\u0131 ortakl\u0131\u011f\u0131 Korda Enerji arac\u0131l\u0131\u011f\u0131yla Denizli R\u00fczgar Enerji Santrali\u2019nin (RES) 19,2 MW\u2019l\u0131k kapasite art\u0131\u015f\u0131n\u0131n ilk k\u0131sm\u0131n\u0131 devreye ald\u0131\u011f\u0131n\u0131 duyurdu.<\/strong><\/h2>\n<p><img loading=\"lazy\" class=\"aligncenter wp-image-199824 size-full\" src=\"https:\/\/www.enerjigazetesi.ist\/wp-content\/uploads\/2025\/08\/1756101644_Akfen_Yenilenebilir_Enerji___Hibrit_RES_ve_GES.jpg\" alt=\"\" width=\"550\" height=\"412\" srcset=\"https:\/\/www.enerjigazetesi.ist\/wp-content\/uploads\/2025\/08\/1756101644_Akfen_Yenilenebilir_Enerji___Hibrit_RES_ve_GES.jpg 550w, https:\/\/www.enerjigazetesi.ist\/wp-content\/uploads\/2025\/08\/1756101644_Akfen_Yenilenebilir_Enerji___Hibrit_RES_ve_GES-300x225.jpg 300w, https:\/\/www.enerjigazetesi.ist\/wp-content\/uploads\/2025\/08\/1756101644_Akfen_Yenilenebilir_Enerji___Hibrit_RES_ve_GES-500x375.jpg 500w, https:\/\/www.enerjigazetesi.ist\/wp-content\/uploads\/2025\/08\/1756101644_Akfen_Yenilenebilir_Enerji___Hibrit_RES_ve_GES-67x50.jpg 67w\" sizes=\"(max-width: 550px) 100vw, 550px\" \/><\/p>\n<p>T\u00fcrkiye&#8217;nin yerli ve yenilenebilir enerji yat\u0131r\u0131mlar\u0131nda \u00f6nc\u00fc \u015firketlerinden biri olan\u00a0Akfen Yenilenebilir Enerji, \u00e7evreye duyarl\u0131, yenilik\u00e7i ve s\u00fcrd\u00fcr\u00fclebilir enerji \u00e7\u00f6z\u00fcmleri sunan yat\u0131r\u0131mlar\u0131na ara vermeden devam ediyor.<\/p>\n<p>Akfen Yenilenebilir Enerji taraf\u0131ndan Kamuyu Ayd\u0131nlatma Platformu\u2019na (KAP) yap\u0131lan a\u00e7\u0131klamaya g\u00f6re,\u00a0Enerji Piyasas\u0131 D\u00fczenleme Kurulu taraf\u0131ndan E\u00dc\/3382-10\/2050 lisans numaras\u0131yla onaylanan ve ba\u015flang\u0131\u00e7ta 24 MW kurulu g\u00fcce sahip olan Denizli R\u00fczg\u00e2r Enerji Santrali (RES)\u2019in 19,2 MW\u2019l\u0131k kapasite art\u0131\u015f\u0131,T.C. Enerji Bakanl\u0131\u011f\u0131 taraf\u0131ndan mevzuata uygun olarak ge\u00e7ici kabul edildi ve ticari enerji \u00fcretimine ba\u015flad\u0131.<\/p>\n<p>2025 y\u0131l\u0131 sonunda toplam 887 MW kurulu g\u00fcce ula\u015fmay\u0131 hedefleyen \u015firket<strong>,<\/strong>\u00a0bu geli\u015fme ile toplam kurulu g\u00fcc\u00fcn\u00fc\u00a0802 MW\u2019a y\u00fckseltti. S\u00f6z konusu yat\u0131r\u0131m, Akfen Yenilenebilir Enerji\u2019nin 3 y\u0131ll\u0131k yat\u0131r\u0131m program\u0131 kapsam\u0131ndaki 1. a\u015fama yat\u0131r\u0131mlar\u0131 i\u00e7erisinde yer alan toplam 102 MW\u2019l\u0131k RES kapasite art\u0131\u015f projelerinin \u00f6nemli bir par\u00e7as\u0131n\u0131 olu\u015fturuyor.<\/p>\n<h3><strong>AKFEN YEN\u0130LENEB\u0130L\u0130R ENERJ\u0130\u2019N\u0130N <\/strong><strong>2025 SONUNDA 887 MW HEDEF\u0130<\/strong><\/h3>\n<p>\u015eirket, hibrit GES ve RES kapasite art\u0131\u015f yat\u0131r\u0131mlar\u0131n\u0131 2025 y\u0131l\u0131 sonuna kadar tamamlamay\u0131 planl\u0131yor. Bu yat\u0131r\u0131mlar\u0131n devreye al\u0131nmas\u0131yla birlikte Akfen Yenilenebilir Enerji\u2019nin toplam kurulu g\u00fcc\u00fcn\u00fcn 887 MW\u2019a ula\u015fmas\u0131 hedefleniyor.<\/p>\n<p>Bu stratejik ad\u0131mlar, Akfen Yenilenebilir Enerji\u2019nin T\u00fcrkiye\u2019nin enerji ba\u011f\u0131ms\u0131zl\u0131\u011f\u0131na ve s\u00fcrd\u00fcr\u00fclebilir kalk\u0131nmas\u0131na katk\u0131 sunma vizyonunu peki\u015ftiriyor.<\/p>\n<div id=\"attachment_199825\" style=\"width: 560px\" class=\"wp-caption aligncenter\"><img aria-describedby=\"caption-attachment-199825\" loading=\"lazy\" class=\"wp-image-199825\" src=\"https:\/\/www.enerjigazetesi.ist\/wp-content\/uploads\/2025\/08\/74125963.jpg\" alt=\"\" width=\"550\" height=\"540\" srcset=\"https:\/\/www.enerjigazetesi.ist\/wp-content\/uploads\/2025\/08\/74125963.jpg 489w, https:\/\/www.enerjigazetesi.ist\/wp-content\/uploads\/2025\/08\/74125963-300x294.jpg 300w, https:\/\/www.enerjigazetesi.ist\/wp-content\/uploads\/2025\/08\/74125963-408x400.jpg 408w, https:\/\/www.enerjigazetesi.ist\/wp-content\/uploads\/2025\/08\/74125963-51x50.jpg 51w\" sizes=\"(max-width: 550px) 100vw, 550px\" \/><p id=\"caption-attachment-199825\" class=\"wp-caption-text\">Akfen Yenilenebilir Enerji Genel M\u00fcd\u00fcr\u00fc Mustafa Kemal G\u00fcng\u00f6r<\/p><\/div>\n<p><strong>Akfen Yenilenebilir Enerji Genel M\u00fcd\u00fcr\u00fc Mustafa Kemal G\u00fcng\u00f6r<\/strong>, T\u00fcrkiye\u2019nin enerji d\u00f6n\u00fc\u015f\u00fcm\u00fcnde \u00f6nc\u00fc bir rol \u00fcstlenmekten b\u00fcy\u00fck bir gurur duydu\u011funu belirterek \u015funlar\u0131 s\u00f6yledi:\u00a0<strong><em>\u201c<\/em><\/strong><em>Denizli\u2019de yer alan R\u00fczg\u00e2r Enerji Santralimiz (RES) ile devreye ald\u0131\u011f\u0131m\u0131z kapasite art\u0131\u015f\u0131, yaln\u0131zca \u015firketimizin de\u011fil \u00fclkemizin enerji ba\u011f\u0131ms\u0131zl\u0131\u011f\u0131na da \u00f6nemli katk\u0131lar sa\u011flayacak. 2025 sonunda 887 MW\u2019a ula\u015facak kurulu g\u00fcc\u00fcm\u00fczle yenilenebilir enerji yat\u0131r\u0131mlar\u0131m\u0131z\u0131 b\u00fcy\u00fctmeye ve s\u00fcrd\u00fcr\u00fclebilir kalk\u0131nmaya destek olmaya devam edece\u011fiz.\u201d <\/em>\u015feklinde konu\u015ftu.<\/p>\n<p><strong>\u00a0<\/strong>Yay\u0131na Alan: Alperen ERTA\u015e-<a href=\"http:\/\/alperen.ertas@enerjigazetesi.ist\">alperen.ertas@enerjigazetesi.ist<\/a><\/p>","protected":false},"excerpt":{"rendered":"<p>Sorry, this entry is only available in Turkish. For the sake of viewer convenience, the content is shown below in the alternative language. You may click the link to switch the active language. T\u00fcrkiye\u2019nin \u00f6nde gelen yenilenebilir enerji \u00fcretim \u015firketlerinden Akfen Yenilenebilir Enerji A.\u015e., yat\u0131r\u0131mlar\u0131na ara vermeden devam ediyor. \u015eirket, y\u00fczde 100 ba\u011fl\u0131 ortakl\u0131\u011f\u0131 Korda [&hellip;]<\/p>\n","protected":false},"author":19,"featured_media":199824,"comment_status":"open","ping_status":"open","sticky":false,"template":"","format":"standard","meta":[],"categories":[53,49,50],"tags":[61723,117035],"views":7,"_links":{"self":[{"href":"https:\/\/www.enerjigazetesi.ist\/en\/wp-json\/wp\/v2\/posts\/199823"}],"collection":[{"href":"https:\/\/www.enerjigazetesi.ist\/en\/wp-json\/wp\/v2\/posts"}],"about":[{"href":"https:\/\/www.enerjigazetesi.ist\/en\/wp-json\/wp\/v2\/types\/post"}],"author":[{"embeddable":true,"href":"https:\/\/www.enerjigazetesi.ist\/en\/wp-json\/wp\/v2\/users\/19"}],"replies":[{"embeddable":true,"href":"https:\/\/www.enerjigazetesi.ist\/en\/wp-json\/wp\/v2\/comments?post=199823"}],"version-history":[{"count":0,"href":"https:\/\/www.enerjigazetesi.ist\/en\/wp-json\/wp\/v2\/posts\/199823\/revisions"}],"wp:featuredmedia":[{"embeddable":true,"href":"https:\/\/www.enerjigazetesi.ist\/en\/wp-json\/wp\/v2\/media\/199824"}],"wp:attachment":[{"href":"https:\/\/www.enerjigazetesi.ist\/en\/wp-json\/wp\/v2\/media?parent=199823"}],"wp:term":[{"taxonomy":"category","embeddable":true,"href":"https:\/\/www.enerjigazetesi.ist\/en\/wp-json\/wp\/v2\/categories?post=199823"},{"taxonomy":"post_tag","embeddable":true,"href":"https:\/\/www.enerjigazetesi.ist\/en\/wp-json\/wp\/v2\/tags?post=199823"}],"curies":[{"name":"wp","href":"https:\/\/api.w.org\/{rel}","templated":true}]}}