{"id":199803,"date":"2025-08-23T20:26:54","date_gmt":"2025-08-23T17:26:54","guid":{"rendered":"https:\/\/www.enerjigazetesi.ist\/?p=199803"},"modified":"2025-08-23T20:29:18","modified_gmt":"2025-08-23T17:29:18","slug":"yilda-kisi-basi-102-kilogram-yiyecek-cope-gidiyor","status":"publish","type":"post","link":"https:\/\/www.enerjigazetesi.ist\/en\/yilda-kisi-basi-102-kilogram-yiyecek-cope-gidiyor\/","title":{"rendered":"(Turkish) Y\u0131lda Ki\u015fi Ba\u015f\u0131 102 Kilogram Yiyecek \u00c7\u00f6pe Gidiyor"},"content":{"rendered":"<p class=\"qtranxs-available-languages-message qtranxs-available-languages-message-en\">Sorry, this entry is only available in <a href=\"https:\/\/www.enerjigazetesi.ist\/tr\/wp-json\/wp\/v2\/posts\/199803\" class=\"qtranxs-available-language-link qtranxs-available-language-link-tr\" title=\"Turkish\">Turkish<\/a>. For the sake of viewer convenience, the content is shown below in the alternative language. You may click the link to switch the active language.<\/p><p><\/p>\n<h2><strong>T\u00fcrkiye G\u0131da Sanayi \u0130\u015fverenleri Sendikas\u0131 (T\u00dcG\u0130S) Y\u00f6netim Kurulu Ba\u015fkan\u0131 Kaan Sidar, son d\u00f6nemde g\u00fcndeme gelen ve T\u00fcrkiye\u2019deki g\u0131da israf\u0131n\u0131n boyutlar\u0131n\u0131 g\u00f6zler \u00f6n\u00fcne seren verilere ili\u015fkin a\u00e7\u0131klama yapt\u0131. Sidar, <em>\u201c\u00dclkemizde her y\u0131l 23 milyon ton g\u0131dan\u0131n israf edildi\u011fine ve ki\u015fi ba\u015f\u0131na y\u0131ll\u0131k 102 kilogram yiyece\u011fin \u00e7\u00f6pe gitti\u011fine ili\u015fkin veriler son derece endi\u015fe verici. \u00d6zellikle, \u00fcretilen meyve ve sebzelerin y\u00fczde 35\u2019inin sofraya ula\u015famadan israf olmas\u0131, tedarik zincirindeki s\u00fcre\u00e7leri yeniden g\u00f6zden ge\u00e7irmemiz gerekti\u011fini\u00a0<\/em><\/strong><strong><em>ortaya koyuyor\u201d<\/em> dedi.<\/strong><\/h2>\n<p><img loading=\"lazy\" class=\"aligncenter wp-image-199805\" src=\"https:\/\/www.enerjigazetesi.ist\/wp-content\/uploads\/2025\/08\/pngtree-full-metal-trash-can-overflow-with-garbage-and-food-waste-clip-png-image_13731491-1.jpg\" alt=\"\" width=\"550\" height=\"500\" srcset=\"https:\/\/www.enerjigazetesi.ist\/wp-content\/uploads\/2025\/08\/pngtree-full-metal-trash-can-overflow-with-garbage-and-food-waste-clip-png-image_13731491-1.jpg 528w, https:\/\/www.enerjigazetesi.ist\/wp-content\/uploads\/2025\/08\/pngtree-full-metal-trash-can-overflow-with-garbage-and-food-waste-clip-png-image_13731491-1-300x273.jpg 300w, https:\/\/www.enerjigazetesi.ist\/wp-content\/uploads\/2025\/08\/pngtree-full-metal-trash-can-overflow-with-garbage-and-food-waste-clip-png-image_13731491-1-440x400.jpg 440w, https:\/\/www.enerjigazetesi.ist\/wp-content\/uploads\/2025\/08\/pngtree-full-metal-trash-can-overflow-with-garbage-and-food-waste-clip-png-image_13731491-1-55x50.jpg 55w, https:\/\/www.enerjigazetesi.ist\/wp-content\/uploads\/2025\/08\/pngtree-full-metal-trash-can-overflow-with-garbage-and-food-waste-clip-png-image_13731491-1-500x455.jpg 500w\" sizes=\"(max-width: 550px) 100vw, 550px\" \/><\/p>\n<p>&nbsp;<\/p>\n<p>T\u00fcrkiye\u2019de her y\u0131l artarak devam eden g\u0131da israf\u0131, g\u0131dan\u0131n s\u00fcrd\u00fcr\u00fclebilirli\u011fini de tehdit ediyor.<strong> T\u00fcrkiye G\u0131da Sanayi \u0130\u015fverenleri Sendikas\u0131 (T\u00dcG\u0130S) Y\u00f6netim Kurulu Ba\u015fkan\u0131 Kaan Sidar<\/strong>, konuya ili\u015fkin yapt\u0131\u011f\u0131 a\u00e7\u0131klamada<strong>\u00a0<\/strong>Cumhurba\u015fkanl\u0131\u011f\u0131 Tar\u0131m ve G\u0131da Politikalar\u0131 Kurulu\u2019nun ba\u015flatt\u0131\u011f\u0131 g\u0131da israf\u0131n\u0131n \u00f6nlenmesine y\u00f6nelik \u00e7al\u0131\u015fmaya dikkat \u00e7ekti.<\/p>\n<div id=\"attachment_199806\" style=\"width: 560px\" class=\"wp-caption aligncenter\"><img aria-describedby=\"caption-attachment-199806\" loading=\"lazy\" class=\"wp-image-199806 size-full\" src=\"https:\/\/www.enerjigazetesi.ist\/wp-content\/uploads\/2025\/08\/1755679951_T__G__S_Y__netim_Kurulu_Ba__kan___Kaan_Sidar.jpg\" alt=\"\" width=\"550\" height=\"391\" srcset=\"https:\/\/www.enerjigazetesi.ist\/wp-content\/uploads\/2025\/08\/1755679951_T__G__S_Y__netim_Kurulu_Ba__kan___Kaan_Sidar.jpg 550w, https:\/\/www.enerjigazetesi.ist\/wp-content\/uploads\/2025\/08\/1755679951_T__G__S_Y__netim_Kurulu_Ba__kan___Kaan_Sidar-300x213.jpg 300w, https:\/\/www.enerjigazetesi.ist\/wp-content\/uploads\/2025\/08\/1755679951_T__G__S_Y__netim_Kurulu_Ba__kan___Kaan_Sidar-500x355.jpg 500w, https:\/\/www.enerjigazetesi.ist\/wp-content\/uploads\/2025\/08\/1755679951_T__G__S_Y__netim_Kurulu_Ba__kan___Kaan_Sidar-70x50.jpg 70w\" sizes=\"(max-width: 550px) 100vw, 550px\" \/><p id=\"caption-attachment-199806\" class=\"wp-caption-text\">T\u00fcrkiye G\u0131da Sanayi \u0130\u015fverenleri Sendikas\u0131 (T\u00dcG\u0130S) Y\u00f6netim Kurulu Ba\u015fkan\u0131 Kaan Sidar<\/p><\/div>\n<h3><strong>Her y\u0131l 23 milyon ton g\u0131da israf ediliyor<\/strong><\/h3>\n<p>Kaan Sidar, yay\u0131nlanan son verilere de\u011finerek israf\u0131n geldi\u011fi noktay\u0131; <em>\u201cT\u00fcrkiye&#8217;de her y\u0131l 23 milyon ton g\u0131dan\u0131n israf edildi\u011fine ve ki\u015fi ba\u015f\u0131na y\u0131ll\u0131k 102 kilogram yiyece\u011fin \u00e7\u00f6pe gitti\u011fine ili\u015fkin veriler son derece endi\u015fe verici. Bu rakamlar, ekonomik bir kay\u0131p olman\u0131n \u00f6tesinde a\u00e7l\u0131kla m\u00fccadele eden milyonlarca insan\u0131n var oldu\u011fu bir d\u00fcnyada vicdani bir sorundur. \u00d6zellikle, \u00fcretilen meyve ve sebzelerin y\u00fczde 35\u2019inin sofraya ula\u015famadan israf olmas\u0131, tedarik zincirindeki s\u00fcre\u00e7leri yeniden g\u00f6zden ge\u00e7irmemiz gerekti\u011fini ortaya koyuyor\u201d<\/em> s\u00f6zleriyle \u00f6zetledi.<\/p>\n<h3><strong>\u0130srafa kar\u015f\u0131 m\u00fccadeleye destek<\/strong><\/h3>\n<p>G\u0131da sanayiinin \u00fcretimin ilk halkas\u0131ndan t\u00fcketicinin sofras\u0131na kadar olan zincirin en kritik akt\u00f6rlerinden biri oldu\u011funu belirten Sidar, <em>\u201cBu nedenle, g\u0131da israf\u0131yla m\u00fccadelede en b\u00fcy\u00fck sorumluluklardan birini ta\u015f\u0131d\u0131\u011f\u0131m\u0131z\u0131n fark\u0131nday\u0131z. Cumhurba\u015fkanl\u0131\u011f\u0131 Tar\u0131m ve G\u0131da Politikalar\u0131 Kurulu\u2019nun ba\u015flatt\u0131\u011f\u0131 milli uyan\u0131\u015f hamlesini ve bu konuya y\u00f6nelik \u00e7al\u0131\u015fmalar\u0131n\u0131 b\u00fcy\u00fck bir memnuniyetle kar\u015f\u0131l\u0131yoruz. T\u00dcG\u0130S olarak, bu \u00e7al\u0131\u015fmalara i\u015fveren sendikas\u0131 olarak \u00a0destek vermeye haz\u0131r\u0131z\u201d<\/em> dedi.<\/p>\n<h3><strong>Operasyonel s\u00fcre\u00e7ler iyile\u015ftirilmeli<\/strong><\/h3>\n<p>G\u0131da israf\u0131yla m\u00fccadelede at\u0131lacak somut ad\u0131mlar aras\u0131nda \u00fcretim, depolama ve lojistik s\u00fcre\u00e7lerinde kay\u0131plar\u0131 en aza indirecek ak\u0131ll\u0131 teknolojilerin te\u015fvikinin \u00f6nemli oldu\u011funun alt\u0131n\u0131 \u00e7izen Sidar, kamu ve t\u00fcketici nezdinde yap\u0131lmas\u0131 gerekenleri de vurgulad\u0131. Sidar,<em> \u201cHane halk\u0131 d\u00fczeyinde israf\u0131n \u00f6nlenmesine y\u00f6nelik e\u011fitim ve bilgilendirme kampanyalar\u0131n\u0131n desteklenmesi,\u00a0mevcut g\u0131da kaynaklar\u0131n\u0131n daha verimli kullan\u0131lmas\u0131 ve t\u00fcketim al\u0131\u015fkanl\u0131klar\u0131m\u0131z\u0131n g\u00f6zden ge\u00e7irilmesi gerekiyor.\u00a0Ayr\u0131ca g\u0131da fazlas\u0131n\u0131n ihtiya\u00e7 sahiplerine ula\u015ft\u0131r\u0131lmas\u0131nda kanuni d\u00fczenlemelerin ve operasyonel s\u00fcre\u00e7lerin geli\u015ftirilmesi \u00f6nem arz ediyor\u201d<\/em> \u00a0ifadelerini kulland\u0131.<\/p>\n<h3><strong>T\u00dcG\u0130S israfa kar\u015f\u0131 fark\u0131ndal\u0131\u011f\u0131 art\u0131rmaya devam edecek<\/strong><\/h3>\n<p>T\u00dcG\u0130S\u2019in ba\u015fta g\u0131da okur yazarl\u0131\u011f\u0131 olmak \u00fczere daha sorumlu ve bilin\u00e7li t\u00fcketim i\u00e7in \u00e7al\u0131\u015fmalar ger\u00e7ekle\u015ftirdi\u011fini belirten Sidar,<em> \u201cG\u0131da israf\u0131n\u0131 \u00f6nlemek, hem \u00fclkemizin ekonomisine katk\u0131 sa\u011flamak hem de gelecek nesillere daha s\u00fcrd\u00fcr\u00fclebilir bir g\u0131da sistemi b\u0131rakmak demektir. Bu \u00a0mesele ayn\u0131 zamanda g\u0131da g\u00fcvenli\u011fimizin ve \u00e7evremizin de gelece\u011fidir. T\u00dcG\u0130S olarak S\u00fcrd\u00fcr\u00fclebilirlik Akademisi ile birlikte d\u00fczenledi\u011fimiz S\u00fcrd\u00fcr\u00fclebilir G\u0131da Zirvesi arac\u0131l\u0131\u011f\u0131yla, g\u0131dan\u0131n gelece\u011fini masaya yat\u0131r\u0131yoruz. Ba\u015fta g\u0131da israf\u0131 olmak \u00fczere sekt\u00f6r\u00fcm\u00fczde ya\u015fanan sorunlara \u00e7are ar\u0131yor, fikir al\u0131\u015fveri\u015finde bulunuyoruz. T\u00dcG\u0130S Bilim Kurulu arac\u0131l\u0131\u011f\u0131yla ise g\u00fcvenli g\u0131daya ula\u015f\u0131m kapsam\u0131nda dikkat edilmesi gereken hususlar\u0131 kamuoyuyla payla\u015f\u0131yoruz. T\u00fcm payda\u015flar\u0131m\u0131z\u0131 da bu ortak m\u00fccadelede sorumluluk almaya davet ediyoruz\u201d<\/em> \u015feklinde konu\u015ftu.<\/p>\n<p>Yay\u0131na Alan: Alperen ERTA\u015e-<a href=\"http:\/\/alperen.ertas@enerjigazetesi.ist\">alperen.ertas@enerjigazetesi.ist<\/a><\/p>","protected":false},"excerpt":{"rendered":"<p>Sorry, this entry is only available in Turkish. For the sake of viewer convenience, the content is shown below in the alternative language. You may click the link to switch the active language. T\u00fcrkiye G\u0131da Sanayi \u0130\u015fverenleri Sendikas\u0131 (T\u00dcG\u0130S) Y\u00f6netim Kurulu Ba\u015fkan\u0131 Kaan Sidar, son d\u00f6nemde g\u00fcndeme gelen ve T\u00fcrkiye\u2019deki g\u0131da israf\u0131n\u0131n boyutlar\u0131n\u0131 g\u00f6zler \u00f6n\u00fcne [&hellip;]<\/p>\n","protected":false},"author":19,"featured_media":199805,"comment_status":"open","ping_status":"open","sticky":false,"template":"","format":"standard","meta":[],"categories":[53],"tags":[117031,117032],"views":11,"_links":{"self":[{"href":"https:\/\/www.enerjigazetesi.ist\/en\/wp-json\/wp\/v2\/posts\/199803"}],"collection":[{"href":"https:\/\/www.enerjigazetesi.ist\/en\/wp-json\/wp\/v2\/posts"}],"about":[{"href":"https:\/\/www.enerjigazetesi.ist\/en\/wp-json\/wp\/v2\/types\/post"}],"author":[{"embeddable":true,"href":"https:\/\/www.enerjigazetesi.ist\/en\/wp-json\/wp\/v2\/users\/19"}],"replies":[{"embeddable":true,"href":"https:\/\/www.enerjigazetesi.ist\/en\/wp-json\/wp\/v2\/comments?post=199803"}],"version-history":[{"count":0,"href":"https:\/\/www.enerjigazetesi.ist\/en\/wp-json\/wp\/v2\/posts\/199803\/revisions"}],"wp:featuredmedia":[{"embeddable":true,"href":"https:\/\/www.enerjigazetesi.ist\/en\/wp-json\/wp\/v2\/media\/199805"}],"wp:attachment":[{"href":"https:\/\/www.enerjigazetesi.ist\/en\/wp-json\/wp\/v2\/media?parent=199803"}],"wp:term":[{"taxonomy":"category","embeddable":true,"href":"https:\/\/www.enerjigazetesi.ist\/en\/wp-json\/wp\/v2\/categories?post=199803"},{"taxonomy":"post_tag","embeddable":true,"href":"https:\/\/www.enerjigazetesi.ist\/en\/wp-json\/wp\/v2\/tags?post=199803"}],"curies":[{"name":"wp","href":"https:\/\/api.w.org\/{rel}","templated":true}]}}