{"id":19979,"date":"2013-12-26T15:01:53","date_gmt":"2013-12-26T12:01:53","guid":{"rendered":"https:\/\/www.enerjigazetesi.ist\/?p=19979"},"modified":"2013-12-26T15:01:53","modified_gmt":"2013-12-26T12:01:53","slug":"bakan-yildiz-elektrige-3-ay-dogalgaza-1-ay-zam-yok","status":"publish","type":"post","link":"https:\/\/www.enerjigazetesi.ist\/en\/bakan-yildiz-elektrige-3-ay-dogalgaza-1-ay-zam-yok\/","title":{"rendered":"(Turkish) Bakan Y\u0131ld\u0131z: Elektri\u011fe 3 Ay, Do\u011falgaza 1 Ay Zam Yok!"},"content":{"rendered":"<p class=\"qtranxs-available-languages-message qtranxs-available-languages-message-en\">Sorry, this entry is only available in <a href=\"https:\/\/www.enerjigazetesi.ist\/tr\/wp-json\/wp\/v2\/posts\/19979\" class=\"qtranxs-available-language-link qtranxs-available-language-link-tr\" title=\"Turkish\">Turkish<\/a>. For the sake of viewer convenience, the content is shown below in the alternative language. You may click the link to switch the active language.<\/p><p><strong>Y\u0131ld\u0131z, ocak ay\u0131nda do\u011falgaz fiyatlar\u0131nda bir art\u0131\u015f \u00f6ng\u00f6rmediklerini, elektrik fiyatlar\u0131nda da ocak, \u015fubat, mart aylar\u0131nda bir fiyat art\u0131\u015f\u0131n\u0131n s\u00f6zkonusu olmayaca\u011f\u0131n\u0131 s\u00f6yledi. Y\u0131ld\u0131z, bu a\u00e7\u0131klamalar\u0131 \u0130l Ba\u015fka<a href=\"https:\/\/www.enerjigazetesi.ist\/wp-content\/uploads\/2013\/12\/bakan-yildiz-elektrige-3-ay-dogalgaza-1-ay-zam-yok.jpg\"><img loading=\"lazy\" class=\"alignright size-medium wp-image-19980\" title=\"bakan-yildiz-elektrige-3-ay-dogalgaza-1-ay-zam-yok\" src=\"https:\/\/www.enerjigazetesi.ist\/wp-content\/uploads\/2013\/12\/bakan-yildiz-elektrige-3-ay-dogalgaza-1-ay-zam-yok-300x197.jpg\" alt=\"\" width=\"300\" height=\"197\" srcset=\"https:\/\/www.enerjigazetesi.ist\/wp-content\/uploads\/2013\/12\/bakan-yildiz-elektrige-3-ay-dogalgaza-1-ay-zam-yok-300x197.jpg 300w, https:\/\/www.enerjigazetesi.ist\/wp-content\/uploads\/2013\/12\/bakan-yildiz-elektrige-3-ay-dogalgaza-1-ay-zam-yok-75x50.jpg 75w, https:\/\/www.enerjigazetesi.ist\/wp-content\/uploads\/2013\/12\/bakan-yildiz-elektrige-3-ay-dogalgaza-1-ay-zam-yok.jpg 432w\" sizes=\"(max-width: 300px) 100vw, 300px\" \/><\/a>nlar\u0131 toplant\u0131s\u0131 \u00f6ncesinde gazetecilerin sorular\u0131n\u0131 yan\u0131tlarken yapt\u0131.<\/strong><\/p>\n<p>Y\u0131ld\u0131z, hafta ba\u015f\u0131nda yapt\u0131\u011f\u0131 a\u00e7\u0131klamada, kurdaki art\u0131\u015fa paralel olarak elektrik ve do\u011falgazda fiyat art\u0131\u015f\u0131 olup olmayaca\u011f\u0131na ili\u015fkin olarak, \u201cOnun i\u00e7in biraz daha s\u00fcremiz var. Ay sonunda bu de\u011ferlendirmeleri yapaca\u011f\u0131z\u201d demi\u015fti.<\/p>\n<p>Meteorolojik verilerin bu haftan\u0131n daha da so\u011fuk ge\u00e7ece\u011fini g\u00f6sterdi\u011fini ifade eden Y\u0131ld\u0131z\u2019\u0131n a\u00e7\u0131klamas\u0131 \u015f\u00f6yleydi:<\/p>\n<p>\u201cHaz\u0131rl\u0131klar\u0131 yapt\u0131k. \u00d6zellikle do\u011falgaz\u0131n hem elektrik t\u00fcketiminde, hem de meskenlerde kullan\u0131lmas\u0131yla alakal\u0131 haz\u0131rl\u0131klar\u0131m\u0131z\u0131 yapt\u0131k. Ancak borularla, LNG\u2019yle geliyor. \u00d6nceki hafta LNG tankeri 2 g\u00fcn yana\u015famam\u0131\u015ft\u0131 f\u0131rt\u0131nadan dolay\u0131. Bu t\u00fcr aksakl\u0131lar olabiliyor. Borulama sistemlerinde, kompres\u00f6r sistemlerinde s\u0131k\u0131nt\u0131lar olabiliyor. Bu yaln\u0131zca \u00fclkemizden de\u011fil, ayn\u0131 zamanda Rusya\u2019n\u0131n do\u011fal gaz boru hatt\u0131 yakla\u015f\u0131k 4 bin kilometreden geliyor. \u00dcmit ediyoruz ki oralarda bir aksakl\u0131k olmaz.\u201d<\/p>\n<p>Kaynak: <a href=\"httpenerjienstitusu.com20131226bakan-yildiz-elektrige-3-ay-dogalgaza-1-ay-zam-yok\" target=\"_blank\">Enerji Enstit\u00fcs\u00fc<\/a><\/p>","protected":false},"excerpt":{"rendered":"<p>Sorry, this entry is only available in Turkish. For the sake of viewer convenience, the content is shown below in the alternative language. You may click the link to switch the active language.Y\u0131ld\u0131z, ocak ay\u0131nda do\u011falgaz fiyatlar\u0131nda bir art\u0131\u015f \u00f6ng\u00f6rmediklerini, elektrik fiyatlar\u0131nda da ocak, \u015fubat, mart aylar\u0131nda bir fiyat art\u0131\u015f\u0131n\u0131n s\u00f6zkonusu olmayaca\u011f\u0131n\u0131 s\u00f6yledi. Y\u0131ld\u0131z, bu [&hellip;]<\/p>\n","protected":false},"author":1,"featured_media":19980,"comment_status":"open","ping_status":"open","sticky":false,"template":"","format":"standard","meta":[],"categories":[46,51,53],"tags":[710,92,226,1363,656,68,61,343,657,63,67,1009,165,667],"views":617,"_links":{"self":[{"href":"https:\/\/www.enerjigazetesi.ist\/en\/wp-json\/wp\/v2\/posts\/19979"}],"collection":[{"href":"https:\/\/www.enerjigazetesi.ist\/en\/wp-json\/wp\/v2\/posts"}],"about":[{"href":"https:\/\/www.enerjigazetesi.ist\/en\/wp-json\/wp\/v2\/types\/post"}],"author":[{"embeddable":true,"href":"https:\/\/www.enerjigazetesi.ist\/en\/wp-json\/wp\/v2\/users\/1"}],"replies":[{"embeddable":true,"href":"https:\/\/www.enerjigazetesi.ist\/en\/wp-json\/wp\/v2\/comments?post=19979"}],"version-history":[{"count":2,"href":"https:\/\/www.enerjigazetesi.ist\/en\/wp-json\/wp\/v2\/posts\/19979\/revisions"}],"predecessor-version":[{"id":19982,"href":"https:\/\/www.enerjigazetesi.ist\/en\/wp-json\/wp\/v2\/posts\/19979\/revisions\/19982"}],"wp:featuredmedia":[{"embeddable":true,"href":"https:\/\/www.enerjigazetesi.ist\/en\/wp-json\/wp\/v2\/media\/19980"}],"wp:attachment":[{"href":"https:\/\/www.enerjigazetesi.ist\/en\/wp-json\/wp\/v2\/media?parent=19979"}],"wp:term":[{"taxonomy":"category","embeddable":true,"href":"https:\/\/www.enerjigazetesi.ist\/en\/wp-json\/wp\/v2\/categories?post=19979"},{"taxonomy":"post_tag","embeddable":true,"href":"https:\/\/www.enerjigazetesi.ist\/en\/wp-json\/wp\/v2\/tags?post=19979"}],"curies":[{"name":"wp","href":"https:\/\/api.w.org\/{rel}","templated":true}]}}