{"id":199711,"date":"2025-08-19T15:33:25","date_gmt":"2025-08-19T12:33:25","guid":{"rendered":"https:\/\/www.enerjigazetesi.ist\/?p=199711"},"modified":"2025-08-19T19:20:52","modified_gmt":"2025-08-19T16:20:52","slug":"dicle-elektrikten-vahsi-sulamaya-dikkat-ceken-kamu-spotu","status":"publish","type":"post","link":"https:\/\/www.enerjigazetesi.ist\/en\/dicle-elektrikten-vahsi-sulamaya-dikkat-ceken-kamu-spotu\/","title":{"rendered":"(Turkish) Dicle Elektrik\u2019ten Vah\u015fi Sulamaya Dikkat \u00c7eken Kamu Spotu!"},"content":{"rendered":"<p class=\"qtranxs-available-languages-message qtranxs-available-languages-message-en\">Sorry, this entry is only available in <a href=\"https:\/\/www.enerjigazetesi.ist\/tr\/wp-json\/wp\/v2\/posts\/199711\" class=\"qtranxs-available-language-link qtranxs-available-language-link-tr\" title=\"Turkish\">Turkish<\/a>. For the sake of viewer convenience, the content is shown below in the alternative language. You may click the link to switch the active language.<\/p><p><\/p>\n<h2><strong>Dicle Elektrik, ka\u00e7ak elektrik ve vah\u015fi sulamaya dikkat \u00e7eken yeni bir fark\u0131ndal\u0131k kampanyas\u0131 ba\u015flatt\u0131. Yeteri Kadar En Do\u011fru Karar projesi kapsam\u0131nda ba\u015flat\u0131lan kampanyan\u0131n ana slogan\u0131 ise \u201cBug\u00fcn Ka\u00e7ak, Yar\u0131n \u00c7orak\u201d oldu. Tan\u0131t\u0131m filminde ayr\u0131ca kurakl\u0131k riski ve bilin\u00e7siz tar\u0131msal sulaman\u0131n neden oldu\u011fu su ve enerji krizine dikkat \u00e7ekiliyor.\u00a0<\/strong><\/h2>\n<p><img loading=\"lazy\" class=\"aligncenter wp-image-199712 size-full\" src=\"https:\/\/www.enerjigazetesi.ist\/wp-content\/uploads\/2025\/08\/1755589211_Dicle_Elektrik___ten_Vah__i_Sulamaya_Dikkat___eken_Kamu_Spotu__1_.jpg\" alt=\"\" width=\"550\" height=\"289\" srcset=\"https:\/\/www.enerjigazetesi.ist\/wp-content\/uploads\/2025\/08\/1755589211_Dicle_Elektrik___ten_Vah__i_Sulamaya_Dikkat___eken_Kamu_Spotu__1_.jpg 550w, https:\/\/www.enerjigazetesi.ist\/wp-content\/uploads\/2025\/08\/1755589211_Dicle_Elektrik___ten_Vah__i_Sulamaya_Dikkat___eken_Kamu_Spotu__1_-300x158.jpg 300w, https:\/\/www.enerjigazetesi.ist\/wp-content\/uploads\/2025\/08\/1755589211_Dicle_Elektrik___ten_Vah__i_Sulamaya_Dikkat___eken_Kamu_Spotu__1_-500x263.jpg 500w, https:\/\/www.enerjigazetesi.ist\/wp-content\/uploads\/2025\/08\/1755589211_Dicle_Elektrik___ten_Vah__i_Sulamaya_Dikkat___eken_Kamu_Spotu__1_-80x42.jpg 80w\" sizes=\"(max-width: 550px) 100vw, 550px\" \/><\/p>\n<p>Kay\u0131ps\u0131z, kesintisiz ve kaliteli enerji da\u011f\u0131t\u0131m\u0131 hedefiyle G\u00fcneydo\u011fu Anadolu B\u00f6lgesi\u2019nde yer alan alt\u0131 ilde hizmet veren Dicle Elektrik, s\u00fcrd\u00fcr\u00fclebilirlik odakl\u0131 sosyal sorumluluk \u00e7al\u0131\u015fmalar\u0131na bir yenisini daha ekledi. \u015eirket, kamu spotu format\u0131nda haz\u0131rlanan etkileyici filmiyle, ka\u00e7ak elektrikle yap\u0131lan vah\u015fi sulaman\u0131n hem su kaynaklar\u0131n\u0131 t\u00fcketti\u011fini hem de tar\u0131m arazilerini \u00e7orakla\u015ft\u0131rd\u0131\u011f\u0131n\u0131 g\u00fc\u00e7l\u00fc bir dille vurguluyor. Filmde ayr\u0131ca m\u0131s\u0131r gibi ekimi yasak \u00fcr\u00fcnlerde \u0131srar eden ve su kaynaklar\u0131n\u0131 daha \u00e7ok t\u00fcketen yanl\u0131\u015f tar\u0131m uygulamalar\u0131na da dikkat \u00e7ekiliyor.<\/p>\n<div id=\"attachment_199713\" style=\"width: 560px\" class=\"wp-caption aligncenter\"><img aria-describedby=\"caption-attachment-199713\" loading=\"lazy\" class=\"wp-image-199713 size-full\" src=\"https:\/\/www.enerjigazetesi.ist\/wp-content\/uploads\/2025\/08\/1755589318_Dicle_Elektrik_Genel_M__d__r___Ya__ar_Arvas.jpg\" alt=\"\" width=\"550\" height=\"364\" srcset=\"https:\/\/www.enerjigazetesi.ist\/wp-content\/uploads\/2025\/08\/1755589318_Dicle_Elektrik_Genel_M__d__r___Ya__ar_Arvas.jpg 550w, https:\/\/www.enerjigazetesi.ist\/wp-content\/uploads\/2025\/08\/1755589318_Dicle_Elektrik_Genel_M__d__r___Ya__ar_Arvas-300x199.jpg 300w, https:\/\/www.enerjigazetesi.ist\/wp-content\/uploads\/2025\/08\/1755589318_Dicle_Elektrik_Genel_M__d__r___Ya__ar_Arvas-500x331.jpg 500w, https:\/\/www.enerjigazetesi.ist\/wp-content\/uploads\/2025\/08\/1755589318_Dicle_Elektrik_Genel_M__d__r___Ya__ar_Arvas-76x50.jpg 76w\" sizes=\"(max-width: 550px) 100vw, 550px\" \/><p id=\"caption-attachment-199713\" class=\"wp-caption-text\">Dicle Elektrik Genel M\u00fcd\u00fcr\u00fc Ya\u015far Arvas<\/p><\/div>\n<h3><strong>Bug\u00fcn at\u0131lan do\u011fru ad\u0131mlar yar\u0131n\u0131 kurtarabilir<\/strong><\/h3>\n<p>Yeni hayata ge\u00e7en kampanyayla ilgili a\u00e7\u0131klamalarda bulunan\u00a0<strong>Dicle Elektrik Genel M\u00fcd\u00fcr\u00fc Ya\u015far Arvas<\/strong>, <em>\u201cBu kampanyayla bir kez daha ka\u00e7ak elektrikle yap\u0131lan vah\u015fi sulamaya dikkat \u00e7ekmek istedik. Vah\u015fi sulama sadece ka\u00e7ak elektrik kullan\u0131m\u0131yla s\u0131n\u0131rl\u0131 kalm\u0131yor. Bir yandan yeralt\u0131 sular\u0131n\u0131 di\u011fer yandan da verimli topraklar\u0131m\u0131z\u0131 h\u0131zla yok ediyor. Son olarak yapt\u0131\u011f\u0131m\u0131z saha \u00f6l\u00e7\u00fcmlerimizde 800 metreyi a\u015fan derinliklerden su \u00e7ekildi\u011fini g\u00f6r\u00fcyoruz. Oysa ki sulamada modern ve do\u011fru y\u00f6ntemlerin kullan\u0131lmas\u0131 durumunda su kaynaklar\u0131m\u0131z\u0131 koruma ve topra\u011f\u0131m\u0131z\u0131 gelecek nesillere sa\u011fl\u0131kl\u0131 bir \u015fekilde b\u0131rakma \u015fans\u0131m\u0131z var. Bug\u00fcn do\u011fru ad\u0131m\u0131 atarsak, yar\u0131n topra\u011f\u0131m\u0131z\u0131, suyumuzu ve gelece\u011fimizi kurtarabiliriz\u201d<\/em> dedi.<\/p>\n<h3><strong>Ya\u011f\u0131\u015flar Son 52 y\u0131l\u0131n En D\u00fc\u015f\u00fck Seviyesinde<\/strong><\/h3>\n<p>Tar\u0131m ve Orman Bakanl\u0131\u011f\u0131\u2019na ba\u011fl\u0131 Tar\u0131m Reformu Genel M\u00fcd\u00fcrl\u00fc\u011f\u00fc\u2019n\u00fcn \u201c\u0130klim, Fenolojik Durum ve Sulama \u0130zleme \u0130statistikleri, Haziran 2025\u201d raporuna g\u00f6re G\u00fcneydo\u011fu Anadolu B\u00f6lgesi, ciddi bir kurakl\u0131k sorunu ya\u015f\u0131yor. Haziran ay\u0131nda b\u00f6lgede sadece 1,7 mm ya\u011f\u0131\u015f kaydedildi. \u00a0Bu miktar\u0131n, 1991-2020 ortalamas\u0131na g\u00f6re y\u00fczde 80,4 daha az oldu\u011fu dikkati \u00e7ekiyor. 1 Ekim 2024 \u2013 30 Haziran 2025 d\u00f6nemini kapsayan su y\u0131l\u0131 ya\u011f\u0131\u015flar\u0131n\u0131n ise normalin y\u00fczde 26 alt\u0131nda kalarak son 52 y\u0131l\u0131n en d\u00fc\u015f\u00fck seviyesine indi\u011fi g\u00f6r\u00fcl\u00fcyor.<\/p>\n<h3><strong>Obruk riski de art\u0131r\u0131yor<\/strong><\/h3>\n<p>Dicle Elektrik\u2019in saha verilerine g\u00f6re ise baz\u0131 b\u00f6lgelerde tar\u0131m arazilerindeki kuyu derinlikleri 800 metreyi a\u015fm\u0131\u015f durumda. Bu derinlikten su \u00e7ekmek i\u00e7in kullan\u0131lan motopomplar, enerji t\u00fcketimini ciddi oranda art\u0131r\u0131yor. Bilin\u00e7siz sulama ve ka\u00e7ak elektrik kullan\u0131m\u0131, yeralt\u0131 su seviyelerinin h\u0131zla d\u00fc\u015fmesine ve toprak yap\u0131s\u0131n\u0131n bozulmas\u0131na yol a\u00e7\u0131yor. Kurakl\u0131kla birle\u015fen bu tablo, obruk riskini de art\u0131r\u0131yor. Ka\u00e7ak elektrikle \u00e7al\u0131\u015fan verimsiz sistemler, normalden yakla\u015f\u0131k 9 kat fazla enerji harcayarak hem enerji kayb\u0131na hem de ekolojik kayba neden oluyor.<\/p>\n<p>Yay\u0131na Alan: Alperen ERTA\u015e-<a href=\"http:\/\/alperen.ertas@enerjigazetesi.ist\">alperen.ertas@enerjigazetesi.ist<\/a><\/p>","protected":false},"excerpt":{"rendered":"<p>Sorry, this entry is only available in Turkish. For the sake of viewer convenience, the content is shown below in the alternative language. You may click the link to switch the active language. Dicle Elektrik, ka\u00e7ak elektrik ve vah\u015fi sulamaya dikkat \u00e7eken yeni bir fark\u0131ndal\u0131k kampanyas\u0131 ba\u015flatt\u0131. Yeteri Kadar En Do\u011fru Karar projesi kapsam\u0131nda ba\u015flat\u0131lan [&hellip;]<\/p>\n","protected":false},"author":19,"featured_media":199712,"comment_status":"open","ping_status":"open","sticky":false,"template":"","format":"standard","meta":[],"categories":[51,53],"tags":[12240,3833],"views":13,"_links":{"self":[{"href":"https:\/\/www.enerjigazetesi.ist\/en\/wp-json\/wp\/v2\/posts\/199711"}],"collection":[{"href":"https:\/\/www.enerjigazetesi.ist\/en\/wp-json\/wp\/v2\/posts"}],"about":[{"href":"https:\/\/www.enerjigazetesi.ist\/en\/wp-json\/wp\/v2\/types\/post"}],"author":[{"embeddable":true,"href":"https:\/\/www.enerjigazetesi.ist\/en\/wp-json\/wp\/v2\/users\/19"}],"replies":[{"embeddable":true,"href":"https:\/\/www.enerjigazetesi.ist\/en\/wp-json\/wp\/v2\/comments?post=199711"}],"version-history":[{"count":0,"href":"https:\/\/www.enerjigazetesi.ist\/en\/wp-json\/wp\/v2\/posts\/199711\/revisions"}],"wp:featuredmedia":[{"embeddable":true,"href":"https:\/\/www.enerjigazetesi.ist\/en\/wp-json\/wp\/v2\/media\/199712"}],"wp:attachment":[{"href":"https:\/\/www.enerjigazetesi.ist\/en\/wp-json\/wp\/v2\/media?parent=199711"}],"wp:term":[{"taxonomy":"category","embeddable":true,"href":"https:\/\/www.enerjigazetesi.ist\/en\/wp-json\/wp\/v2\/categories?post=199711"},{"taxonomy":"post_tag","embeddable":true,"href":"https:\/\/www.enerjigazetesi.ist\/en\/wp-json\/wp\/v2\/tags?post=199711"}],"curies":[{"name":"wp","href":"https:\/\/api.w.org\/{rel}","templated":true}]}}