{"id":199707,"date":"2025-08-19T15:22:37","date_gmt":"2025-08-19T12:22:37","guid":{"rendered":"https:\/\/www.enerjigazetesi.ist\/?p=199707"},"modified":"2025-08-19T15:22:37","modified_gmt":"2025-08-19T12:22:37","slug":"ic-enterra-yenilenebilir-enerjinin-ilk-yarida-geliri-24-milyar-tlye-ulasti","status":"publish","type":"post","link":"https:\/\/www.enerjigazetesi.ist\/en\/ic-enterra-yenilenebilir-enerjinin-ilk-yarida-geliri-24-milyar-tlye-ulasti\/","title":{"rendered":"(Turkish) IC Enterra Yenilenebilir Enerji\u2019nin \u0130lk Yar\u0131da Geliri 2,4 Milyar TL\u2019ye Ula\u015ft\u0131"},"content":{"rendered":"<p class=\"qtranxs-available-languages-message qtranxs-available-languages-message-en\">Sorry, this entry is only available in <a href=\"https:\/\/www.enerjigazetesi.ist\/tr\/wp-json\/wp\/v2\/posts\/199707\" class=\"qtranxs-available-language-link qtranxs-available-language-link-tr\" title=\"Turkish\">Turkish<\/a>. For the sake of viewer convenience, the content is shown below in the alternative language. You may click the link to switch the active language.<\/p><p><\/p>\n<h2><strong>Yenilenebilir enerji yat\u0131r\u0131mlar\u0131yla b\u00fcy\u00fcmesini s\u00fcrd\u00fcren IC Enterra, 2025 y\u0131l\u0131n\u0131n ilk yar\u0131s\u0131nda \u00fcretimini y\u00fczde 12,6 art\u0131rarak 813 MWh\u2019ye, gelirini ise 2,4 milyar TL\u2019ye ta\u015f\u0131d\u0131. Ge\u00e7ti\u011fimiz y\u0131l devreye giren Erzin-2 GES, ilk alt\u0131 ayda yap\u0131lan \u00fcretime y\u00fczde 14\u2019l\u00fck katk\u0131s\u0131yla \u00f6ne \u00e7\u0131karken, \u015firketin FAV\u00d6K marj\u0131 da y\u00fczde 80\u2019e ula\u015ft\u0131.\u00a0<\/strong><\/h2>\n<p><img loading=\"lazy\" class=\"aligncenter wp-image-199709 size-full\" src=\"https:\/\/www.enerjigazetesi.ist\/wp-content\/uploads\/2025\/08\/1755533364_Erzin_2_GES.jpg\" alt=\"\" width=\"550\" height=\"412\" srcset=\"https:\/\/www.enerjigazetesi.ist\/wp-content\/uploads\/2025\/08\/1755533364_Erzin_2_GES.jpg 550w, https:\/\/www.enerjigazetesi.ist\/wp-content\/uploads\/2025\/08\/1755533364_Erzin_2_GES-300x225.jpg 300w, https:\/\/www.enerjigazetesi.ist\/wp-content\/uploads\/2025\/08\/1755533364_Erzin_2_GES-500x375.jpg 500w, https:\/\/www.enerjigazetesi.ist\/wp-content\/uploads\/2025\/08\/1755533364_Erzin_2_GES-67x50.jpg 67w\" sizes=\"(max-width: 550px) 100vw, 550px\" \/><\/p>\n<p>IC Holding\u2019in enerji sekt\u00f6r\u00fcndeki bilgi birikimi ve m\u00fchendislik g\u00fcc\u00fcyle faaliyetlerini s\u00fcrd\u00fcren\u00a0<strong>IC Enterra Yenilenebilir Enerji<\/strong>, 2025 y\u0131l\u0131n\u0131n ilk yar\u0131s\u0131na ili\u015fkin finansal sonu\u00e7lar\u0131n\u0131 a\u00e7\u0131klad\u0131. Portf\u00f6y\u00fcnde hidroelektrik ve g\u00fcne\u015f enerjisi santralleri bulunan \u015firket, y\u0131l\u0131n ilk alt\u0131 ay\u0131nda hem \u00fcretimini hem gelirlerini hem de k\u00e2rl\u0131l\u0131\u011f\u0131n\u0131 art\u0131rarak s\u00fcrd\u00fcr\u00fclebilir b\u00fcy\u00fcme hedefleri do\u011frultusunda operasyonlar\u0131na devam etti. Kamu Ayd\u0131nlatma Platformu\u2019na (KAP) a\u00e7\u0131klanan bilan\u00e7o verilerine g\u00f6re IC Enterra\u2019n\u0131n Ocak-Haziran 2025 d\u00f6neminde toplam \u00fcretimi ge\u00e7en y\u0131l\u0131n ayn\u0131 d\u00f6nemine k\u0131yasla y\u00fczde 12,6 artarak 813 MWh\u2019ye y\u00fckseldi. Yine bu d\u00f6nemde elde edilen toplam gelir ise 2,4 milyar TL\u2019yi a\u015ft\u0131. \u00dcretim ve gelirdeki bu art\u0131\u015f, \u015firketin stratejik yat\u0131r\u0131mlar\u0131, kaynak \u00e7e\u015fitlili\u011fi ve verimlilik odakl\u0131 i\u015f modeliyle uyum i\u00e7inde ilerledi\u011fini ortaya koydu.<\/p>\n<div id=\"attachment_199708\" style=\"width: 560px\" class=\"wp-caption aligncenter\"><img aria-describedby=\"caption-attachment-199708\" loading=\"lazy\" class=\"wp-image-199708 size-full\" src=\"https:\/\/www.enerjigazetesi.ist\/wp-content\/uploads\/2025\/08\/Sn.Cem_As____k_1.jpg\" alt=\"\" width=\"550\" height=\"427\" srcset=\"https:\/\/www.enerjigazetesi.ist\/wp-content\/uploads\/2025\/08\/Sn.Cem_As____k_1.jpg 550w, https:\/\/www.enerjigazetesi.ist\/wp-content\/uploads\/2025\/08\/Sn.Cem_As____k_1-300x233.jpg 300w, https:\/\/www.enerjigazetesi.ist\/wp-content\/uploads\/2025\/08\/Sn.Cem_As____k_1-500x388.jpg 500w, https:\/\/www.enerjigazetesi.ist\/wp-content\/uploads\/2025\/08\/Sn.Cem_As____k_1-64x50.jpg 64w\" sizes=\"(max-width: 550px) 100vw, 550px\" \/><p id=\"caption-attachment-199708\" class=\"wp-caption-text\">IC Enterra Yenilenebilir Enerji CEO\u2019su Cem A\u015f\u0131k<\/p><\/div>\n<h3><strong>ERZ\u0130N-2 GES \u0130LE \u00dcRET\u0130M PORTF\u00d6Y\u00dcNE Y\u00dcZDE 14 KATKI\u00a0<\/strong><\/h3>\n<p>IC Enterra\u2019n\u0131n bu y\u0131l\u0131n ilk alt\u0131 ay\u0131ndaki \u00fcretim art\u0131\u015f\u0131nda \u00f6nemli rol oynayan yat\u0131r\u0131mlardan biri, ge\u00e7ti\u011fimiz y\u0131l devreye al\u0131nan Hatay Erzin\u2019deki G\u00fcne\u015f Enerjisi Santrali (GES) oldu. \u015eirketin g\u00fcne\u015f enerjisi alan\u0131ndaki b\u00fcy\u00fcme hedeflerine g\u00fc\u00e7l\u00fc destek veren Erzin-2 GES, y\u0131l\u0131n ilk yar\u0131s\u0131nda tek ba\u015f\u0131na 115 MWh elektrik \u00fcreterek IC Enterra\u2019n\u0131n portf\u00f6y\u00fcne y\u00fczde 14\u2019l\u00fck katk\u0131 sa\u011flad\u0131. Alt\u0131 ayl\u0131k bilan\u00e7o sonu\u00e7lar\u0131n\u0131 de\u011ferlendiren\u00a0<strong>IC Enterra Yenilenebilir Enerji CEO\u2019su Cem A\u015f\u0131k<em>,<\/em><\/strong><em>\u00a0\u201cFarkl\u0131 co\u011frafi b\u00f6lgelerde \u00fcretim yapan dokuz HES\u2019imizin g\u00f6sterdi\u011fi \u00fcretim performans\u0131 gelirlere olumlu yans\u0131d\u0131. \u00d6te yandan, Erzin-2 GES projemizin, daha ilk yar\u0131da toplam elektrik \u00fcretimimizde katt\u0131\u011f\u0131 de\u011fer, ne kadar isabetli bir yat\u0131r\u0131m karar\u0131 oldu\u011funu g\u00f6steriyor. Beklentimiz, \u00f6zellikle yaz aylar\u0131n\u0131 kapsayan \u00fc\u00e7\u00fcnc\u00fc \u00e7eyrekte Erzin\u2019deki g\u00fcne\u015f santralimizin \u00fcretimimize olan katk\u0131s\u0131n\u0131n daha artmas\u0131 y\u00f6n\u00fcnde\u201d<\/em> ifadesini kulland\u0131.<\/p>\n<h3><strong>ESAS FAL\u0130YET K\u00c2RI 985 M\u0130LYON TL\u2019YE FAV\u00d6K MARJI Y\u00dcZDE 80,7\u2019YE Y\u00dcKSELD\u0130<\/strong><\/h3>\n<p>\u00dcretimdeki art\u0131\u015f\u0131yla birlikte ilk yar\u0131da toplam gelirlerin 2,4 milyar TL\u2019yi buldu\u011funu ifade eden A\u015f\u0131k s\u00f6zlerine \u015f\u00f6yle devam etti:<\/p>\n<p><em>\u201cBu d\u00f6nemde esas faaliyet k\u00e2r\u0131m\u0131z da bir \u00f6nceki y\u0131l\u0131n ayn\u0131 d\u00f6nemine g\u00f6re y\u00fczde 32 artarak 970 milyon TL seviyesine ula\u015ft\u0131. Esas faaliyet k\u00e2r\u0131m\u0131zdaki bu art\u0131\u015f, yaln\u0131zca \u00fcretim hacmindeki b\u00fcy\u00fcmeden de\u011fil, ayn\u0131 zamanda ticaret s\u00fcre\u00e7lerimizdeki etkinli\u011fin ve risk y\u00f6netimi politikalar\u0131m\u0131z\u0131n ba\u015far\u0131s\u0131ndan kaynaklan\u0131yor. Operasyonel verimlili\u011fi esas alan i\u015f modelimiz sayesinde g\u00fc\u00e7l\u00fc finansal sonu\u00e7lara ula\u015ft\u0131k. \u0130lk yar\u0131da \u015firketimizin faiz, amortisman ve vergi \u00f6ncesi k\u00e2r\u0131 (FAV\u00d6K) 1,9 milyar TL\u2019yi ge\u00e7erken, FAV\u00d6K marj\u0131 da dikkat \u00e7ekici bir art\u0131\u015f g\u00f6sterdi. 2024 y\u0131l\u0131n\u0131n ilk yar\u0131s\u0131nda y\u00fczde 71,5 olan FAV\u00d6K marj\u0131, bu y\u0131l y\u00fczde 80\u2019e y\u00fckseldi.\u201d <\/em>dedi.<\/p>\n<p>Yay\u0131na Alan: Alperen ERTA\u015e-<a href=\"http:\/\/alperen.ertas@enerjigazetesi.ist\">alperen.ertas@enerjigazetesi.ist<\/a><\/p>","protected":false},"excerpt":{"rendered":"<p>Sorry, this entry is only available in Turkish. For the sake of viewer convenience, the content is shown below in the alternative language. You may click the link to switch the active language. Yenilenebilir enerji yat\u0131r\u0131mlar\u0131yla b\u00fcy\u00fcmesini s\u00fcrd\u00fcren IC Enterra, 2025 y\u0131l\u0131n\u0131n ilk yar\u0131s\u0131nda \u00fcretimini y\u00fczde 12,6 art\u0131rarak 813 MWh\u2019ye, gelirini ise 2,4 milyar TL\u2019ye [&hellip;]<\/p>\n","protected":false},"author":19,"featured_media":199709,"comment_status":"open","ping_status":"open","sticky":false,"template":"","format":"standard","meta":[],"categories":[53,49],"tags":[117018,111932],"views":14,"_links":{"self":[{"href":"https:\/\/www.enerjigazetesi.ist\/en\/wp-json\/wp\/v2\/posts\/199707"}],"collection":[{"href":"https:\/\/www.enerjigazetesi.ist\/en\/wp-json\/wp\/v2\/posts"}],"about":[{"href":"https:\/\/www.enerjigazetesi.ist\/en\/wp-json\/wp\/v2\/types\/post"}],"author":[{"embeddable":true,"href":"https:\/\/www.enerjigazetesi.ist\/en\/wp-json\/wp\/v2\/users\/19"}],"replies":[{"embeddable":true,"href":"https:\/\/www.enerjigazetesi.ist\/en\/wp-json\/wp\/v2\/comments?post=199707"}],"version-history":[{"count":0,"href":"https:\/\/www.enerjigazetesi.ist\/en\/wp-json\/wp\/v2\/posts\/199707\/revisions"}],"wp:featuredmedia":[{"embeddable":true,"href":"https:\/\/www.enerjigazetesi.ist\/en\/wp-json\/wp\/v2\/media\/199709"}],"wp:attachment":[{"href":"https:\/\/www.enerjigazetesi.ist\/en\/wp-json\/wp\/v2\/media?parent=199707"}],"wp:term":[{"taxonomy":"category","embeddable":true,"href":"https:\/\/www.enerjigazetesi.ist\/en\/wp-json\/wp\/v2\/categories?post=199707"},{"taxonomy":"post_tag","embeddable":true,"href":"https:\/\/www.enerjigazetesi.ist\/en\/wp-json\/wp\/v2\/tags?post=199707"}],"curies":[{"name":"wp","href":"https:\/\/api.w.org\/{rel}","templated":true}]}}