{"id":199681,"date":"2025-08-18T19:04:38","date_gmt":"2025-08-18T16:04:38","guid":{"rendered":"https:\/\/www.enerjigazetesi.ist\/?p=199681"},"modified":"2025-08-18T19:05:13","modified_gmt":"2025-08-18T16:05:13","slug":"surdurulebilir-ulasim-zirvesi-19-20-agustosta-duzenleniyor","status":"publish","type":"post","link":"https:\/\/www.enerjigazetesi.ist\/en\/surdurulebilir-ulasim-zirvesi-19-20-agustosta-duzenleniyor\/","title":{"rendered":"(Turkish) &#8217;S\u00fcrd\u00fcr\u00fclebilir Ula\u015f\u0131m Zirvesi&#8217; 19-20 A\u011fustos&#8217;ta D\u00fczenleniyor"},"content":{"rendered":"<p class=\"qtranxs-available-languages-message qtranxs-available-languages-message-en\">Sorry, this entry is only available in <a href=\"https:\/\/www.enerjigazetesi.ist\/tr\/wp-json\/wp\/v2\/posts\/199681\" class=\"qtranxs-available-language-link qtranxs-available-language-link-tr\" title=\"Turkish\">Turkish<\/a>. For the sake of viewer convenience, the content is shown below in the alternative language. You may click the link to switch the active language.<\/p><p><\/p>\n<h2><strong>T\u00fcrkiye\u2019de ula\u015f\u0131m sekt\u00f6r\u00fc, enerji t\u00fcketiminin ve karbon sal\u0131m\u0131n\u0131n en b\u00fcy\u00fck kaynaklar\u0131ndan biri. Fosil yak\u0131tlara dayal\u0131 kara ula\u015f\u0131m\u0131, hava kalitesinin bozulmas\u0131na ve k\u00fcresel iklim de\u011fi\u015fikli\u011fine sebep oluyor. S\u00fcrd\u00fcr\u00fclebilir ula\u015f\u0131m; \u00e7evre ve insan sa\u011fl\u0131\u011f\u0131n\u0131 korumak ve\u00a0iklim\u00a0hedeflerine ula\u015fmak i\u00e7in kritik bir ara\u00e7. Bu kapsamda\u00a0<\/strong><strong>Ye\u015fil Kalk\u0131nma Vakf\u0131 (YEKAV) taraf\u0131ndan d\u00fczenlenen S\u00fcrd\u00fcr\u00fclebilir Ula\u015f\u0131m Zirvesi, 19-20 A\u011fustos 2025 tarihlerinde \u0130stanbul\u2019da, Swiss\u00f4tel The Bosphorus\u2019ta ger\u00e7ekle\u015ftirilecek. Etkinlik, T\u00fcrkiye\u2019nin s\u00fcrd\u00fcr\u00fclebilir ula\u015f\u0131m politikalar\u0131n\u0131 belirlenmesine katk\u0131 sa\u011flamak kamu, \u00f6zel sekt\u00f6r ve akademi d\u00fcnyas\u0131n\u0131 bir araya getiriyor. Etkinli\u011fe, T.C. Ula\u015ft\u0131rma ve Altyap\u0131 Bakan\u0131 Abdulkadir Uralo\u011flu ve T.C. Cumhurba\u015fkanl\u0131\u011f\u0131 Yat\u0131r\u0131m ve Finans Ofisi Ba\u015fkan\u0131 Burak Da\u011fl\u0131o\u011flu ba\u015fta olmak \u00fczere, kamu kurum ve kurulu\u015flar\u0131, \u00f6zel sekt\u00f6r temsilcileri, akademisyenlerden olu\u015fan alan\u0131nda uzman konu\u015fmac\u0131lar kat\u0131l\u0131m sa\u011flayacak\u2026<\/strong><\/h2>\n<p><img loading=\"lazy\" class=\"size-full wp-image-199682 aligncenter\" src=\"https:\/\/www.enerjigazetesi.ist\/wp-content\/uploads\/2025\/08\/ISTANBUL.jpg\" alt=\"\" width=\"420\" height=\"480\" srcset=\"https:\/\/www.enerjigazetesi.ist\/wp-content\/uploads\/2025\/08\/ISTANBUL.jpg 420w, https:\/\/www.enerjigazetesi.ist\/wp-content\/uploads\/2025\/08\/ISTANBUL-263x300.jpg 263w, https:\/\/www.enerjigazetesi.ist\/wp-content\/uploads\/2025\/08\/ISTANBUL-350x400.jpg 350w, https:\/\/www.enerjigazetesi.ist\/wp-content\/uploads\/2025\/08\/ISTANBUL-44x50.jpg 44w\" sizes=\"(max-width: 420px) 100vw, 420px\" \/><\/p>\n<p>Ba\u015fta B\u00fcy\u00fck\u015fehirlerde olmak \u00fczere\u00a0artan n\u00fcfus ve de\u011fi\u015fen ya\u015fam bi\u00e7imi\u00a0nedeniyle ula\u015f\u0131m g\u00fcn\u00fcm\u00fcz\u00fcn en \u00f6nemli sorunlar\u0131ndan biri haline geldi. Bireysel ara\u00e7 kullan\u0131m\u0131n\u0131n artmas\u0131 ile birlikte ortaya \u00e7\u0131kan\u00a0<strong>trafik yo\u011funlu\u011fu<\/strong>\u00a0ve\u00a0<strong>karbon yo\u011fun ula\u015f\u0131m<\/strong>\u00a0toplum sa\u011fl\u0131\u011f\u0131 ve d\u00fcnyam\u0131z i\u00e7in tehlike arz ediyor. \u00dclkemiz i\u00e7in fosil yak\u0131tlara olan ba\u011f\u0131ml\u0131l\u0131k, hem ekonomik hem de stratejik riskleri de beraberinde getiriyor. Daha sa\u011fl\u0131kl\u0131 ve ya\u015fanabilir \u015fehirler hepimizin hakk\u0131 ve s\u00fcrd\u00fcr\u00fclebilir ula\u015f\u0131m bunun vazge\u00e7ilmez bir par\u00e7as\u0131. S\u00fcrd\u00fcr\u00fclebilir ula\u015f\u0131m; ula\u015f\u0131mda enerji verimli, \u00e7evreci, yolcu dostu, toplumsal kapsay\u0131c\u0131l\u0131\u011f\u0131 y\u00fcksek ula\u015f\u0131m y\u00f6ntemlerinin te\u015fvik edilmesi ile m\u00fcmk\u00fcn. \u015eehir i\u00e7i ula\u015f\u0131m sistemlerinde bireysel ara\u00e7 kullan\u0131m\u0131n\u0131 azaltmaya y\u00f6nelik politikalar bu noktada \u00f6nem kazan\u0131yor.<\/p>\n<p>Ye\u015fil Kalk\u0131nma Vakf\u0131 taraf\u0131ndan d\u00fczenlenecek S\u00fcrd\u00fcr\u00fclebilir Ula\u015f\u0131m Zirvesi\u00a0bu fark\u0131ndal\u0131k ve gereklilikler \u0131\u015f\u0131\u011f\u0131nda\u00a0olu\u015fturulacak T\u00fcrkiye\u2019de s\u00fcrd\u00fcr\u00fclebilir ula\u015f\u0131m\u00a0yol haritas\u0131 da\u00a0bu alanda \u00f6nemli bir\u00a0rehber olacak. \u00a0\u201c<strong>S\u00fcrd\u00fcr\u00fclebilir ula\u015f\u0131mla hayata de\u011fer kat\u0131yoruz.<\/strong>\u201d \u00e7a\u011fr\u0131s\u0131yla t\u00fcm payda\u015flara ula\u015fmay\u0131 hedefleyen zirve, ula\u015f\u0131m sekt\u00f6r\u00fcn\u00fcn karbon ayak izini azaltmak, \u00e7evre dostu \u00e7\u00f6z\u00fcmleri yayg\u0131nla\u015ft\u0131rmak ve T\u00fcrkiye\u2019nin s\u00fcrd\u00fcr\u00fclebilir ula\u015f\u0131m vizyonuna katk\u0131 sa\u011flamak i\u00e7in \u00f6nemli bir etkinlik olacak.<\/p>\n<p>S\u00fcrd\u00fcr\u00fclebilir ula\u015f\u0131m politikalar\u0131, makro ve mikro d\u00fczeyde ula\u015f\u0131m uygulamalar\u0131 ve dijital mobilite hizmetleri gibi konular\u0131n ele al\u0131naca\u011f\u0131 panellerin yan\u0131 s\u0131ra, zirve kapsam\u0131nda d\u00fczenlenecek \u00e7al\u0131\u015ftayda s\u00fcrd\u00fcr\u00fclebilir ula\u015f\u0131m mevzuat ve politika ile sosyal, ekonomik, \u00e7evresel ve teknolojik de\u011ferlendirmeler ba\u015fl\u0131klar\u0131nda, t\u00fcm payda\u015flar\u0131n kat\u0131l\u0131m\u0131yla tart\u0131\u015f\u0131lacak. Zirvede g\u00fcndeme gelen hususlar ve \u00e7al\u0131\u015ftayda elde edilen t\u00fcm g\u00f6r\u00fc\u015f ve \u00f6neriler haz\u0131rlanacak \u201cZirve Bildirisi\u201dne yans\u0131t\u0131larak kamuoyu ile payla\u015f\u0131lacak.<\/p>\n<p>T\u00fcrkiye, Paris \u0130klim Anla\u015fmas\u0131\u2019n\u0131 onaylad\u0131 ve 2053 y\u0131l\u0131na kadar\u00a0<strong>net s\u0131f\u0131r emisyon<\/strong>\u00a0hedefini a\u00e7\u0131klad\u0131. Ula\u015f\u0131m sekt\u00f6r\u00fcn\u00fcn d\u00f6n\u00fc\u015f\u00fcm\u00fc, bu hedefin ger\u00e7ekle\u015ftirilmesinde temel bir rol oynuyor. Ayn\u0131 zamanda AB Ye\u015fil Mutabakat\u0131 \u00e7er\u00e7evesinde ekonomik ve yasal uyum i\u00e7in s\u00fcrd\u00fcr\u00fclebilir ula\u015f\u0131ma ge\u00e7i\u015f ka\u00e7\u0131n\u0131lmaz.<\/p>\n<p>Yay\u0131na Alan: Alperen ERTA\u015e-<a href=\"http:\/\/alperen.ertas@enerjigazetesi.ist\">alperen.ertas@enerjigazetesi.ist<\/a><\/p>","protected":false},"excerpt":{"rendered":"<p>Sorry, this entry is only available in Turkish. For the sake of viewer convenience, the content is shown below in the alternative language. You may click the link to switch the active language. T\u00fcrkiye\u2019de ula\u015f\u0131m sekt\u00f6r\u00fc, enerji t\u00fcketiminin ve karbon sal\u0131m\u0131n\u0131n en b\u00fcy\u00fck kaynaklar\u0131ndan biri. Fosil yak\u0131tlara dayal\u0131 kara ula\u015f\u0131m\u0131, hava kalitesinin bozulmas\u0131na ve k\u00fcresel [&hellip;]<\/p>\n","protected":false},"author":19,"featured_media":199682,"comment_status":"open","ping_status":"open","sticky":false,"template":"","format":"standard","meta":[],"categories":[53,52],"tags":[846,117014],"views":12,"_links":{"self":[{"href":"https:\/\/www.enerjigazetesi.ist\/en\/wp-json\/wp\/v2\/posts\/199681"}],"collection":[{"href":"https:\/\/www.enerjigazetesi.ist\/en\/wp-json\/wp\/v2\/posts"}],"about":[{"href":"https:\/\/www.enerjigazetesi.ist\/en\/wp-json\/wp\/v2\/types\/post"}],"author":[{"embeddable":true,"href":"https:\/\/www.enerjigazetesi.ist\/en\/wp-json\/wp\/v2\/users\/19"}],"replies":[{"embeddable":true,"href":"https:\/\/www.enerjigazetesi.ist\/en\/wp-json\/wp\/v2\/comments?post=199681"}],"version-history":[{"count":0,"href":"https:\/\/www.enerjigazetesi.ist\/en\/wp-json\/wp\/v2\/posts\/199681\/revisions"}],"wp:featuredmedia":[{"embeddable":true,"href":"https:\/\/www.enerjigazetesi.ist\/en\/wp-json\/wp\/v2\/media\/199682"}],"wp:attachment":[{"href":"https:\/\/www.enerjigazetesi.ist\/en\/wp-json\/wp\/v2\/media?parent=199681"}],"wp:term":[{"taxonomy":"category","embeddable":true,"href":"https:\/\/www.enerjigazetesi.ist\/en\/wp-json\/wp\/v2\/categories?post=199681"},{"taxonomy":"post_tag","embeddable":true,"href":"https:\/\/www.enerjigazetesi.ist\/en\/wp-json\/wp\/v2\/tags?post=199681"}],"curies":[{"name":"wp","href":"https:\/\/api.w.org\/{rel}","templated":true}]}}