{"id":199662,"date":"2025-08-18T17:04:08","date_gmt":"2025-08-18T14:04:08","guid":{"rendered":"https:\/\/www.enerjigazetesi.ist\/?p=199662"},"modified":"2025-08-18T17:04:08","modified_gmt":"2025-08-18T14:04:08","slug":"6inci-elektrikli-ve-hibrit-araclar-surus-haftasi-13-14-eylulde-duzenleniyor","status":"publish","type":"post","link":"https:\/\/www.enerjigazetesi.ist\/en\/6inci-elektrikli-ve-hibrit-araclar-surus-haftasi-13-14-eylulde-duzenleniyor\/","title":{"rendered":"(Turkish) 6&#8217;\u0131nc\u0131 Elektrikli ve Hibrit Ara\u00e7lar S\u00fcr\u00fc\u015f Haftas\u0131 13-14 Eyl\u00fcl&#8217;de D\u00fczenleniyor"},"content":{"rendered":"<p class=\"qtranxs-available-languages-message qtranxs-available-languages-message-en\">Sorry, this entry is only available in <a href=\"https:\/\/www.enerjigazetesi.ist\/tr\/wp-json\/wp\/v2\/posts\/199662\" class=\"qtranxs-available-language-link qtranxs-available-language-link-tr\" title=\"Turkish\">Turkish<\/a>. For the sake of viewer convenience, the content is shown below in the alternative language. You may click the link to switch the active language.<\/p><p><\/p>\n<h2><strong>T\u00fcrkiye\u2019de ilk kez 2019 y\u0131l\u0131nda d\u00fczenlenen Elektrikli ve Hibrit S\u00fcr\u00fc\u015f Haftas\u0131\u2019n\u0131n alt\u0131nc\u0131s\u0131, 13-14 Eyl\u00fcl 2025 tarihlerinde \u0130stanbul Autodrom yar\u0131\u015f pistinde ger\u00e7ekle\u015ftirilecek. Finans sponsorlu\u011funu Akbank, coffee-break sponsorlu\u011funu ise Voltify\u2019\u0131n \u00fcstlendi\u011fi etkinlik, T\u00fcrkiye Elektrikli ve Hibrit Ara\u00e7lar Derne\u011fi (TEHAD) deste\u011fiyle mobilite tutkunlar\u0131n\u0131 a\u011f\u0131rlayacak. Etkinlik kapsam\u0131nda BeeFull, <\/strong><strong>Otoko\u00e7, Hyundai, Mercedes Benz Ticari, Honda, Otojet, \u00c7ak\u0131r Grup, Lixhium ve Farklabs gibi markalar\u0131n\u0131n en yeni modelleri test edilebilecek, \u00fcr\u00fcn ve hizmetleri incelenebilecek. T\u00fcrkiye\u2019nin ilk ve tek t\u00fcketici deneyim odakl\u0131 elektrikli s\u00fcr\u00fc\u015f etkinli\u011fi, halka a\u00e7\u0131k ve \u00fccretsiz olarak ger\u00e7ekle\u015ftirilecek. TEHAD Ba\u015fkan\u0131 ve Electric Hybrid Cars Dergisi Genel Yay\u0131n Y\u00f6netmeni Berkan Bayram, <em>\u201cGelenekselle\u015fen etkinli\u011fimizde son 5 y\u0131lda 30 bini a\u015fk\u0131n ziyaret\u00e7i a\u011f\u0131rlad\u0131k ve elektrikli otomobil merakl\u0131lar\u0131 bug\u00fcne kadar 100\u2019e yak\u0131n elektrikli ve hibrid modeli deneyimleme \u015fans\u0131na sahip oldu. Bu a\u00e7\u0131dan etkinli\u011fimiz, elektrikli ve hibrit ara\u00e7lar\u0131n do\u011frudan kullan\u0131ld\u0131\u011f\u0131, t\u00fcketici deneyim odakl\u0131, T\u00fcrkiye\u2019nin ilk ve en b\u00fcy\u00fck etkinli\u011fi olmay\u0131 s\u00fcrd\u00fcr\u00fcyor\u201d<\/em> dedi.<\/strong><\/h2>\n<p><img loading=\"lazy\" class=\"aligncenter wp-image-199664 size-full\" src=\"https:\/\/www.enerjigazetesi.ist\/wp-content\/uploads\/2025\/08\/Elektrikli-ve-Hibrit-Araclar-Surus-Haftasi.jpg\" alt=\"\" width=\"550\" height=\"404\" srcset=\"https:\/\/www.enerjigazetesi.ist\/wp-content\/uploads\/2025\/08\/Elektrikli-ve-Hibrit-Araclar-Surus-Haftasi.jpg 550w, https:\/\/www.enerjigazetesi.ist\/wp-content\/uploads\/2025\/08\/Elektrikli-ve-Hibrit-Araclar-Surus-Haftasi-300x220.jpg 300w, https:\/\/www.enerjigazetesi.ist\/wp-content\/uploads\/2025\/08\/Elektrikli-ve-Hibrit-Araclar-Surus-Haftasi-500x367.jpg 500w, https:\/\/www.enerjigazetesi.ist\/wp-content\/uploads\/2025\/08\/Elektrikli-ve-Hibrit-Araclar-Surus-Haftasi-68x50.jpg 68w\" sizes=\"(max-width: 550px) 100vw, 550px\" \/><\/p>\n<p>T\u00fcrkiye Elektrikli ve Hibrit Ara\u00e7lar Derne\u011fi (TEHAD) ve Electric Hybrid Cars Dergisi taraf\u0131ndan bu y\u0131l alt\u0131nc\u0131s\u0131 d\u00fczenlenen Elektrikli ve Hibrit S\u00fcr\u00fc\u015f Haftas\u0131, 13-14 Eyl\u00fcl 2025 tarihleri aras\u0131nda \u0130stanbul Autodrom yar\u0131\u015f pistinde ger\u00e7ekle\u015ftirilecek. T\u00fcrkiye\u2019de ilk kez 2019 y\u0131l\u0131nda d\u00fczenlenen etkinli\u011fin, bu y\u0131l finans sponsorlu\u011funu Akbank, coffee-break sponsorlu\u011funu ise Voltify ger\u00e7ekle\u015ftirecek. \u201cElektrikli ve Hibrit S\u00fcr\u00fc\u015f Haftas\u0131\u201dnda, aralar\u0131nda BeeFull, Otoko\u00e7, Hyundai, Mercedes Benz Ticari, Honda, Otojet, \u00c7ak\u0131r Grup, Lixhium ve Farklabs gibi sekt\u00f6r\u00fcn ba\u015f akt\u00f6rlerinin yer ald\u0131\u011f\u0131 markalar\u0131n, \u00e7evreci, sessiz ve teknoloji odakl\u0131 en yeni elektrikli ve hibrit modelleri de test edilebilecek.<\/p>\n<div id=\"attachment_199665\" style=\"width: 560px\" class=\"wp-caption aligncenter\"><img aria-describedby=\"caption-attachment-199665\" loading=\"lazy\" class=\"wp-image-199665 size-full\" src=\"https:\/\/www.enerjigazetesi.ist\/wp-content\/uploads\/2025\/08\/Berkan-Bayram.jpg\" alt=\"\" width=\"550\" height=\"478\" srcset=\"https:\/\/www.enerjigazetesi.ist\/wp-content\/uploads\/2025\/08\/Berkan-Bayram.jpg 550w, https:\/\/www.enerjigazetesi.ist\/wp-content\/uploads\/2025\/08\/Berkan-Bayram-300x261.jpg 300w, https:\/\/www.enerjigazetesi.ist\/wp-content\/uploads\/2025\/08\/Berkan-Bayram-460x400.jpg 460w, https:\/\/www.enerjigazetesi.ist\/wp-content\/uploads\/2025\/08\/Berkan-Bayram-58x50.jpg 58w, https:\/\/www.enerjigazetesi.ist\/wp-content\/uploads\/2025\/08\/Berkan-Bayram-500x435.jpg 500w\" sizes=\"(max-width: 550px) 100vw, 550px\" \/><p id=\"caption-attachment-199665\" class=\"wp-caption-text\">TEHAD Ba\u015fkan\u0131 ve Electric Hybrid Cars Dergisi Genel Yay\u0131n Y\u00f6netmeni Berkan Bayram<\/p><\/div>\n<h3><strong>\u0130stanbul Autodrom kap\u0131lar\u0131n\u0131 elektrikli ve hibrit ara\u00e7lara a\u00e7\u0131yor<\/strong><\/h3>\n<p>Elektrikli ve Hibrit S\u00fcr\u00fc\u015f Haftas\u0131\u2019n\u0131n sekt\u00f6r\u00fcn gelenekselle\u015fmi\u015f en \u00f6nemli etkinli\u011fi oldu\u011funu s\u00f6yleyen <strong>TEHAD Ba\u015fkan\u0131 ve Electric Hybrid Cars Dergisi Genel Yay\u0131n Y\u00f6netmeni Berkan Bayram<\/strong>, <em>\u201cEtkinli\u011fimizi hep birlikte b\u00fcy\u00fctt\u00fck. Bu y\u0131l da yine \u00e7ok etkili bir alanda, \u0130stanbul Autodrom\u2019da olaca\u011f\u0131z. Her y\u0131l d\u00fczenledi\u011fimiz etkinlikte, son 5 y\u0131lda 30 bini a\u015fk\u0131n ziyaret\u00e7i a\u011f\u0131rlad\u0131k ve elektrikli otomobil merakl\u0131lar\u0131 bug\u00fcne kadar 100\u2019e yak\u0131n elektrikli ve hibrit modeli deneyimleme \u015fans\u0131na sahip oldu. Bu a\u00e7\u0131dan etkinli\u011fimiz, elektrikli ve hibrit ara\u00e7lar\u0131n do\u011frudan kullan\u0131ld\u0131\u011f\u0131, t\u00fcketici deneyim odakl\u0131, T\u00fcrkiye\u2019nin ilk ve en b\u00fcy\u00fck etkinli\u011fi olmay\u0131 s\u00fcrd\u00fcr\u00fcyor\u201d dedi. D\u00fcnyada oldu\u011fu gibi T\u00fcrkiye\u2019de de elektrikli ve hibrit ara\u00e7lar\u0131n pazar pay\u0131n\u0131n her y\u0131l artmaya devam etti\u011fini vurgulayan <strong>Berkan Bayram<\/strong>, \u015f\u00f6yle devam etti: \u201cBunda etkinli\u011fimiz de \u00f6nemli bir rol \u00fcstleniyor. T\u00fcketiciler yeni bir otomobil alma s\u00fcrecinde karars\u0131z kald\u0131klar\u0131 durumda, etkinli\u011fimize gelerek merak etti\u011fi modelleri kullanabiliyor, en yeni modeller hakk\u0131nda bilgi alabiliyor. Elektrikli ve Hibrit Ara\u00e7lar S\u00fcr\u00fc\u015f Haftas\u0131 ile bu ihtiyaca cevap vermek konusunda, yard\u0131mc\u0131 olmay\u0131 hedefliyoruz. Otomotiv, enerji, teknoloji, \u015farj ve mikromobilite sekt\u00f6rlerini temsil eden, \u00fccretsiz olarak kat\u0131labilece\u011finiz etkinli\u011fimizin kap\u0131lar\u0131, t\u00fcm merakl\u0131lara a\u00e7\u0131kt\u0131r.\u201d<\/em> dedi.<\/p>\n<p>Detayl\u0131 Bilgi \u0130\u00e7in:\u00a0<a href=\"http:\/\/elektriklisurushaftasi.com\/\">elektriklisurushaftasi.com<\/a><\/p>\n<p>Yay\u0131na Alan: Alperen ERTA\u015e-<a href=\"http:\/\/alperen.ertas@enerjigazetesi.ist\">alperen.ertas@enerjigazetesi.ist<\/a><\/p>","protected":false},"excerpt":{"rendered":"<p>Sorry, this entry is only available in Turkish. For the sake of viewer convenience, the content is shown below in the alternative language. You may click the link to switch the active language. T\u00fcrkiye\u2019de ilk kez 2019 y\u0131l\u0131nda d\u00fczenlenen Elektrikli ve Hibrit S\u00fcr\u00fc\u015f Haftas\u0131\u2019n\u0131n alt\u0131nc\u0131s\u0131, 13-14 Eyl\u00fcl 2025 tarihlerinde \u0130stanbul Autodrom yar\u0131\u015f pistinde ger\u00e7ekle\u015ftirilecek. Finans [&hellip;]<\/p>\n","protected":false},"author":19,"featured_media":199664,"comment_status":"open","ping_status":"open","sticky":false,"template":"","format":"standard","meta":[],"categories":[51,53],"tags":[95902,846],"views":15,"_links":{"self":[{"href":"https:\/\/www.enerjigazetesi.ist\/en\/wp-json\/wp\/v2\/posts\/199662"}],"collection":[{"href":"https:\/\/www.enerjigazetesi.ist\/en\/wp-json\/wp\/v2\/posts"}],"about":[{"href":"https:\/\/www.enerjigazetesi.ist\/en\/wp-json\/wp\/v2\/types\/post"}],"author":[{"embeddable":true,"href":"https:\/\/www.enerjigazetesi.ist\/en\/wp-json\/wp\/v2\/users\/19"}],"replies":[{"embeddable":true,"href":"https:\/\/www.enerjigazetesi.ist\/en\/wp-json\/wp\/v2\/comments?post=199662"}],"version-history":[{"count":0,"href":"https:\/\/www.enerjigazetesi.ist\/en\/wp-json\/wp\/v2\/posts\/199662\/revisions"}],"wp:featuredmedia":[{"embeddable":true,"href":"https:\/\/www.enerjigazetesi.ist\/en\/wp-json\/wp\/v2\/media\/199664"}],"wp:attachment":[{"href":"https:\/\/www.enerjigazetesi.ist\/en\/wp-json\/wp\/v2\/media?parent=199662"}],"wp:term":[{"taxonomy":"category","embeddable":true,"href":"https:\/\/www.enerjigazetesi.ist\/en\/wp-json\/wp\/v2\/categories?post=199662"},{"taxonomy":"post_tag","embeddable":true,"href":"https:\/\/www.enerjigazetesi.ist\/en\/wp-json\/wp\/v2\/tags?post=199662"}],"curies":[{"name":"wp","href":"https:\/\/api.w.org\/{rel}","templated":true}]}}