{"id":199658,"date":"2025-08-18T16:37:44","date_gmt":"2025-08-18T13:37:44","guid":{"rendered":"https:\/\/www.enerjigazetesi.ist\/?p=199658"},"modified":"2025-08-18T17:09:53","modified_gmt":"2025-08-18T14:09:53","slug":"kalyon-pvden-dunya-capinda-bir-ilk-daha","status":"publish","type":"post","link":"https:\/\/www.enerjigazetesi.ist\/en\/kalyon-pvden-dunya-capinda-bir-ilk-daha\/","title":{"rendered":"(Turkish) Kalyon PV\u2019den D\u00fcnya \u00c7ap\u0131nda Bir \u0130lk Daha&#8230;"},"content":{"rendered":"<p class=\"qtranxs-available-languages-message qtranxs-available-languages-message-en\">Sorry, this entry is only available in <a href=\"https:\/\/www.enerjigazetesi.ist\/tr\/wp-json\/wp\/v2\/posts\/199658\" class=\"qtranxs-available-language-link qtranxs-available-language-link-tr\" title=\"Turkish\">Turkish<\/a>. For the sake of viewer convenience, the content is shown below in the alternative language. You may click the link to switch the active language.<\/p><p><\/p>\n<h2><strong>Kalyon PV; g\u00fcne\u015f paneli \u00fcretimini -ingottan panele t\u00fcm a\u015famalar\u0131 ile- yapabilen \u00fcreticiler aras\u0131nda \u201c\u00c7evresel \u00dcr\u00fcn Beyan\u0131\u201d belgesine sahip d\u00fcnya \u00e7ap\u0131nda ilk \u00fcretici oldu.<\/strong><\/h2>\n<p><img loading=\"lazy\" class=\"size-full wp-image-199667 aligncenter\" src=\"https:\/\/www.enerjigazetesi.ist\/wp-content\/uploads\/2025\/08\/1755506997_Kalyon_PV__2_.jpg\" alt=\"\" width=\"550\" height=\"367\" srcset=\"https:\/\/www.enerjigazetesi.ist\/wp-content\/uploads\/2025\/08\/1755506997_Kalyon_PV__2_.jpg 550w, https:\/\/www.enerjigazetesi.ist\/wp-content\/uploads\/2025\/08\/1755506997_Kalyon_PV__2_-300x200.jpg 300w, https:\/\/www.enerjigazetesi.ist\/wp-content\/uploads\/2025\/08\/1755506997_Kalyon_PV__2_-500x334.jpg 500w, https:\/\/www.enerjigazetesi.ist\/wp-content\/uploads\/2025\/08\/1755506997_Kalyon_PV__2_-75x50.jpg 75w, https:\/\/www.enerjigazetesi.ist\/wp-content\/uploads\/2025\/08\/1755506997_Kalyon_PV__2_-450x300.jpg 450w\" sizes=\"(max-width: 550px) 100vw, 550px\" \/><\/p>\n<p>&nbsp;<\/p>\n<p>\u201cYenilenebilir enerjide g\u00fcne\u015f gibi do\u011fan bir T\u00fcrkiye\u201d vizyonuyla tam 5 y\u0131l \u00f6nce \u00fcretime ba\u015flayan ve ilklerle b\u00fcy\u00fcyen Kalyon PV; faaliyete ge\u00e7ti\u011fi g\u00fcnden bu yana ulusal ve uluslararas\u0131 alanda bir\u00e7ok \u00f6d\u00fcle lay\u0131k g\u00f6r\u00fcld\u00fc.<\/p>\n<p>Kalyon PV; \u00fcr\u00fcnlerin hammaddeden ba\u015flayarak \u00fcretim, kullan\u0131m ve nihai bertaraf\u0131na kadar t\u00fcm a\u015famalar\u0131ndaki \u00e7evresel etkilerini sistematik bir \u015fekilde analiz ederek raporlayan \u201c\u00c7evresel \u00dcr\u00fcn Beyan\u0131\u201d (Environmental Product Declaration -EPD) belgesini de alarak d\u00fcnya \u00e7ap\u0131ndaki ba\u015far\u0131lar\u0131na bir yenisini ekledi.<\/p>\n<p>Kalyon PV; d\u00fcnyada g\u00fcne\u015f paneli \u00fcretimini -ingottan panele t\u00fcm a\u015famalar\u0131 ile- yapabilen \u00fcreticiler aras\u0131nda bu belgeye sahip olan ilk \u015firket oldu. B\u00f6ylece; panel \u00fcretiminin her safhas\u0131nda s\u00fcrd\u00fcr\u00fclebilir olma taahh\u00fcd\u00fcn\u00fc uluslararas\u0131 ge\u00e7erlili\u011fi olan akredite bir sistem arac\u0131l\u0131\u011f\u0131yla resmi olarak belgelemi\u015f oldu.<\/p>\n<h3><strong>Kalyon PV, s\u00fcrd\u00fcr\u00fclebilirlikte d\u00fcnyan\u0131n \u00f6nc\u00fc \u015firketleri aras\u0131nda<\/strong><\/h3>\n<p>G\u00fcne\u015f panelinin ya\u015fam d\u00f6ng\u00fcs\u00fc boyunca \u00e7evreye olan etkilerini uluslararas\u0131 standartlara uygun \u015fekilde ortaya koyan EPD belgesi, \u015firketler i\u00e7in \u015feffafl\u0131k ve g\u00fcvenilirlik esaslar\u0131na dayal\u0131 bir \u00e7evresel sorumluluk anlay\u0131\u015f\u0131n\u0131 temsil ediyor. Bir \u00fcr\u00fcn\u00fcn hammaddeden bertarafa kadar olan t\u00fcm \u00e7evresel etkilerini \u00f6l\u00e7en uluslararas\u0131 bu belge; karbon ayak izi, su t\u00fcketimi ve enerji kullan\u0131m\u0131 gibi verileri bilimsel olarak ortaya koyarak hem \u00fcreticilere hem de yat\u0131r\u0131mc\u0131lara \u015feffaf bilgi sunuldu\u011funun bir kan\u0131t\u0131 niteli\u011fi ta\u015f\u0131yor.<\/p>\n<p><strong>TOPCon ve PERC (bifacial) \u00e7ift caml\u0131<\/strong>\u00a0g\u00fcne\u015f panellerinin \u00fcretim s\u00fcre\u00e7leri i\u00e7in verilen EPD belgeleri, Kalyon PV\u2019nin \u00fcr\u00fcn bazl\u0131 \u00e7evresel performans\u0131n\u0131 d\u00fcnya \u00f6l\u00e7e\u011finde kay\u0131t alt\u0131na al\u0131yor. Tam entegre \u00fcretim yap\u0131s\u0131yla T\u00fcrkiye&#8217;de ingot, wafer, g\u00fcne\u015f h\u00fccresi ve panel \u00fcretim s\u00fcre\u00e7lerini Ar-Ge dahil tek \u00e7at\u0131 alt\u0131nda ger\u00e7ekle\u015ftiren Avrupa\u2019da ilk, d\u00fcnyada ise say\u0131l\u0131 \u00fcretim tesislerinden biri olan Kalyon PV, bu entegre yap\u0131 sayesinde \u00fcretim s\u00fcre\u00e7lerinin her a\u015famas\u0131nda kalite ve \u00e7evresel etki kontrol\u00fc sa\u011flayabiliyor.<\/p>\n<h3><strong>Yenilenebilir enerji yat\u0131r\u0131mc\u0131lar\u0131 i\u00e7in ye\u015fil finansmana eri\u015fim noktas\u0131nda pozitif katk\u0131<\/strong><\/h3>\n<p>EPD belgesi, \u00f6zellikle Avrupa ve Amerika gibi y\u00fcksek \u00e7evresel standartlara sahip pazarlarda g\u00fcne\u015f paneli \u00fcreticilerinin rekabet g\u00fcc\u00fcn\u00fc art\u0131r\u0131rken; ye\u015fil bina projeleri, kamu ihaleleri ve b\u00fcy\u00fck \u00f6l\u00e7ekli enerji yat\u0131r\u0131mlar\u0131nda \u00fcretici \u015firketlere tercih edilme avantaj\u0131 sa\u011fl\u0131yor. Ayr\u0131ca\u00a0s\u00fcrd\u00fcr\u00fclebilirlik odakl\u0131 projelerde ye\u015fil finansman kaynaklar\u0131na eri\u015fimi kolayla\u015ft\u0131rarak yat\u0131r\u0131mc\u0131lar i\u00e7in maliyet avantaj\u0131 sa\u011fl\u0131yor.\u00a0EPD belgesi sayesinde Kalyon PV panelleri, \u00e7evresel sorumlulu\u011fa \u00f6nem veren uluslararas\u0131 yat\u0131r\u0131mc\u0131lar i\u00e7in g\u00fcvenilir bir se\u00e7im haline geliyor.<\/p>\n<div id=\"attachment_199660\" style=\"width: 560px\" class=\"wp-caption aligncenter\"><img aria-describedby=\"caption-attachment-199660\" loading=\"lazy\" class=\"wp-image-199660 size-full\" src=\"https:\/\/www.enerjigazetesi.ist\/wp-content\/uploads\/2025\/08\/1755506999_Kalyon_Pv_CEO_Dr_Ihsan_Kulali.jpg\" alt=\"\" width=\"550\" height=\"367\" srcset=\"https:\/\/www.enerjigazetesi.ist\/wp-content\/uploads\/2025\/08\/1755506999_Kalyon_Pv_CEO_Dr_Ihsan_Kulali.jpg 550w, https:\/\/www.enerjigazetesi.ist\/wp-content\/uploads\/2025\/08\/1755506999_Kalyon_Pv_CEO_Dr_Ihsan_Kulali-300x200.jpg 300w, https:\/\/www.enerjigazetesi.ist\/wp-content\/uploads\/2025\/08\/1755506999_Kalyon_Pv_CEO_Dr_Ihsan_Kulali-500x334.jpg 500w, https:\/\/www.enerjigazetesi.ist\/wp-content\/uploads\/2025\/08\/1755506999_Kalyon_Pv_CEO_Dr_Ihsan_Kulali-75x50.jpg 75w, https:\/\/www.enerjigazetesi.ist\/wp-content\/uploads\/2025\/08\/1755506999_Kalyon_Pv_CEO_Dr_Ihsan_Kulali-450x300.jpg 450w\" sizes=\"(max-width: 550px) 100vw, 550px\" \/><p id=\"caption-attachment-199660\" class=\"wp-caption-text\">Kalyon PV CEO\u2019su Dr. \u0130hsan Kulal\u0131<\/p><\/div>\n<p>S\u00fcrd\u00fcr\u00fclebilirli\u011fin temel unsurlar\u0131ndan biri olan g\u00fcne\u015f paneli \u00fcretiminde \u00e7evresel ve sosyal etkileri minimize etme e\u011filiminin \u00f6nemine vurgu yapan\u00a0<strong>Kalyon PV CEO\u2019su Dr. \u0130hsan Kulal\u0131<\/strong>:<em>\u00a0\u201cGerek TOPCon gerekse de PERC teknolojili \u00fcr\u00fcnlerimizle ald\u0131\u011f\u0131m\u0131z EPD belgeleriyle s\u00fcrd\u00fcr\u00fclebilirlik konusunda da sekt\u00f6r\u00fcm\u00fczdeki \u00f6nc\u00fc \u015firketlerden biri oldu\u011fumuzu bir kez daha belgelemi\u015f olduk. Bu belgeyle \u00e7evresel etkilerimizi \u015feffaf bi\u00e7imde ortaya koyarken, yenilenebilir enerji yat\u0131r\u0131mc\u0131lar\u0131na ve payda\u015flar\u0131m\u0131za g\u00fcven veriyor, k\u00fcresel pazarlardaki varl\u0131\u011f\u0131m\u0131z\u0131 peki\u015ftiriyoruz. Sertifikay\u0131 ald\u0131\u011f\u0131m\u0131z yetkili kurulu\u015f olan EPD International \u00e7evresel \u00fcr\u00fcn beyanlar\u0131n\u0131n (EPD) standartlara uygun bi\u00e7imde haz\u0131rlanmas\u0131, do\u011frulanmas\u0131 ve yay\u0131mlanmas\u0131n\u0131 sa\u011flayan, merkezi \u0130sve\u00e7\u2019te bulunan ba\u011f\u0131ms\u0131z bir kurulu\u015ftur. Kurulu\u015f, \u201cThe International EPD System\u201d program\u0131 ile Kalyon PV gibi \u00fcreticilere \u00e7evresel performanslar\u0131n\u0131 bilimsel temele dayal\u0131, \u015feffaf ve uluslararas\u0131 ge\u00e7erlili\u011fi olan bir sistem \u00fczerinden beyan etme olana\u011f\u0131 sunmaktad\u0131r. Entegre fabrikam\u0131zda \u00fcretilen \u00fcr\u00fcnlerimizin uluslararas\u0131 ge\u00e7erlili\u011fe sahip otorite bir kurulu\u015f taraf\u0131ndan onaylanmas\u0131, \u00fcretim konusundaki kalite ve \u00e7evre hassasiyetimizin bir g\u00f6stergesi olurken; uluslararas\u0131 alanda \u015firketimizin vizyonunu en iyi \u015fekilde sergilememize olanak sa\u011flamaktad\u0131r. G\u00fcne\u015f teknolojileri merkezi Kalyon PV olarak, g\u00fcne\u015f paneli \u00fcretimine sa\u011flad\u0131\u011f\u0131m\u0131z katk\u0131larla \u00fcr\u00fcnlerimizin katma de\u011ferini art\u0131rmaya ve payda\u015flar\u0131m\u0131za avantajlar sunmaya devam edece\u011fiz\u201d<\/em> dedi.<\/p>\n<p>Yay\u0131na Alan: Alperen ERTA\u015e-<a href=\"http:\/\/alperen.ertas@enerjigazetesi.ist\">alperen.ertas@enerjigazetesi.ist<\/a><\/p>","protected":false},"excerpt":{"rendered":"<p>Sorry, this entry is only available in Turkish. For the sake of viewer convenience, the content is shown below in the alternative language. You may click the link to switch the active language. Kalyon PV; g\u00fcne\u015f paneli \u00fcretimini -ingottan panele t\u00fcm a\u015famalar\u0131 ile- yapabilen \u00fcreticiler aras\u0131nda \u201c\u00c7evresel \u00dcr\u00fcn Beyan\u0131\u201d belgesine sahip d\u00fcnya \u00e7ap\u0131nda ilk \u00fcretici [&hellip;]<\/p>\n","protected":false},"author":19,"featured_media":199667,"comment_status":"open","ping_status":"open","sticky":false,"template":"","format":"standard","meta":[],"categories":[53,49],"tags":[117012,96958],"views":21,"_links":{"self":[{"href":"https:\/\/www.enerjigazetesi.ist\/en\/wp-json\/wp\/v2\/posts\/199658"}],"collection":[{"href":"https:\/\/www.enerjigazetesi.ist\/en\/wp-json\/wp\/v2\/posts"}],"about":[{"href":"https:\/\/www.enerjigazetesi.ist\/en\/wp-json\/wp\/v2\/types\/post"}],"author":[{"embeddable":true,"href":"https:\/\/www.enerjigazetesi.ist\/en\/wp-json\/wp\/v2\/users\/19"}],"replies":[{"embeddable":true,"href":"https:\/\/www.enerjigazetesi.ist\/en\/wp-json\/wp\/v2\/comments?post=199658"}],"version-history":[{"count":0,"href":"https:\/\/www.enerjigazetesi.ist\/en\/wp-json\/wp\/v2\/posts\/199658\/revisions"}],"wp:featuredmedia":[{"embeddable":true,"href":"https:\/\/www.enerjigazetesi.ist\/en\/wp-json\/wp\/v2\/media\/199667"}],"wp:attachment":[{"href":"https:\/\/www.enerjigazetesi.ist\/en\/wp-json\/wp\/v2\/media?parent=199658"}],"wp:term":[{"taxonomy":"category","embeddable":true,"href":"https:\/\/www.enerjigazetesi.ist\/en\/wp-json\/wp\/v2\/categories?post=199658"},{"taxonomy":"post_tag","embeddable":true,"href":"https:\/\/www.enerjigazetesi.ist\/en\/wp-json\/wp\/v2\/tags?post=199658"}],"curies":[{"name":"wp","href":"https:\/\/api.w.org\/{rel}","templated":true}]}}