{"id":199615,"date":"2025-08-15T19:59:26","date_gmt":"2025-08-15T16:59:26","guid":{"rendered":"https:\/\/www.enerjigazetesi.ist\/?p=199615"},"modified":"2025-08-15T19:59:26","modified_gmt":"2025-08-15T16:59:26","slug":"turkiye-pakistanda-bazi-arama-sahalarinda-anlasma-imzalayacak","status":"publish","type":"post","link":"https:\/\/www.enerjigazetesi.ist\/en\/turkiye-pakistanda-bazi-arama-sahalarinda-anlasma-imzalayacak\/","title":{"rendered":"(Turkish) T\u00fcrkiye Pakistan\u2019da Baz\u0131 Arama Sahalar\u0131nda Anla\u015fma \u0130mzalayacak"},"content":{"rendered":"<p class=\"qtranxs-available-languages-message qtranxs-available-languages-message-en\">Sorry, this entry is only available in <a href=\"https:\/\/www.enerjigazetesi.ist\/tr\/wp-json\/wp\/v2\/posts\/199615\" class=\"qtranxs-available-language-link qtranxs-available-language-link-tr\" title=\"Turkish\">Turkish<\/a>. For the sake of viewer convenience, the content is shown below in the alternative language. You may click the link to switch the active language.<\/p><p><\/p>\n<h2>Enerji ve Tabii Kaynaklar Bakan\u0131 Alparslan Bayraktar, SKY News Arabia\u2019ya bir m\u00fclakat verdi. G\u00fcndeme ili\u015fkin sorular\u0131 cevaplayan Bayraktar, T\u00fcrkiye\u2019nin petrol ve do\u011fal gaz arama \u00e7al\u0131\u015fmalar\u0131n\u0131n yan\u0131 s\u0131ra Suriye\u2019ye yap\u0131lan do\u011fal gaz ve elektrik ihracat\u0131 ile T\u00fcrkiye-Irak Petrol Boru Hatt\u0131\u2019na ili\u015fkin a\u00e7\u0131klamalarda bulundu.<\/h2>\n<p><img loading=\"lazy\" class=\"aligncenter wp-image-199616 size-full\" src=\"https:\/\/www.enerjigazetesi.ist\/wp-content\/uploads\/2025\/08\/dynupload_202508150946.jpg\" alt=\"\" width=\"550\" height=\"362\" srcset=\"https:\/\/www.enerjigazetesi.ist\/wp-content\/uploads\/2025\/08\/dynupload_202508150946.jpg 550w, https:\/\/www.enerjigazetesi.ist\/wp-content\/uploads\/2025\/08\/dynupload_202508150946-300x197.jpg 300w, https:\/\/www.enerjigazetesi.ist\/wp-content\/uploads\/2025\/08\/dynupload_202508150946-500x329.jpg 500w, https:\/\/www.enerjigazetesi.ist\/wp-content\/uploads\/2025\/08\/dynupload_202508150946-76x50.jpg 76w\" sizes=\"(max-width: 550px) 100vw, 550px\" \/><\/p>\n<h3><strong>\u0130nsani Bir Proje<\/strong><\/h3>\n<p>Enerji ve su gibi altyap\u0131 hizmetlerinin Suriye\u2019de ya\u015fam\u0131n normale d\u00f6nmesi a\u00e7\u0131s\u0131ndan olduk\u00e7a kritik oldu\u011funa vurgu yapan Bayraktar, \u201c<em>2 A\u011fustos\u2019ta Azerbaycan\u2019dan gelen gaz\u0131, Suriye\u2019ye ula\u015ft\u0131rmay\u0131 ba\u015fard\u0131k. Bu projede Katar Kalk\u0131nma Fonu da yer ald\u0131. Ba\u015fta ikili bir proje gibi ba\u015flayan bu s\u00fcre\u00e7, daha sonra \u00e7ok tarafl\u0131 ve \u00f6nemli bir insani projeye d\u00f6n\u00fc\u015ft\u00fc.\u201d<\/em> dedi.<\/p>\n<h3><strong>5 Milyon Haneye Elektrik<\/strong><\/h3>\n<p>Azerbaycan\u2019dan gelen gaz miktar\u0131n\u0131n g\u00fcnl\u00fck yakla\u015f\u0131k 3,4 milyon metrek\u00fcp civar\u0131nda oldu\u011funu anlatan Bayraktar, <em>\u201cBoru hatt\u0131n\u0131n kapasitesi, yakla\u015f\u0131k 6 milyon metrek\u00fcp. \u015eu anda bu kapasiteyi 6 milyon metrek\u00fcpe nas\u0131l \u00e7\u0131karabilece\u011fimiz \u00fczerinde \u00e7al\u0131\u015f\u0131yoruz. Bu kapasite ile Halep ve Humus\u2019ta yakla\u015f\u0131k 1.200 megavat elektrik \u00fcretim kapasitesine ula\u015f\u0131labilecek. B\u00f6ylelikle, Suriye\u2019de yakla\u015f\u0131k 5 milyon haneye elektrik sa\u011flanabilecek.\u201d<\/em> diye konu\u015ftu. Bayraktar, Suriye\u2019deki elektrik \u00fcretimi i\u00e7in g\u00fcvenilir ve uzun vadeli bir do\u011falgaz tedariki hedeflediklerini aktard\u0131.<\/p>\n<h3><strong>900 Megavatl\u0131k \u0130hracat\u00a0<\/strong><\/h3>\n<p>\u015eu anda Suriye\u2019ye 8 farkl\u0131 ba\u011flant\u0131 noktas\u0131 \u00fczerinden toplam 281 megavat elektrik ihra\u00e7 edildi\u011fini s\u00f6yleyen Bayraktar, <em>\u201cBu miktar\u0131, \u00f6n\u00fcm\u00fczdeki birka\u00e7 hafta i\u00e7inde 360 megavata \u00e7\u0131karmay\u0131 hedefliyoruz. Nihai hedefimiz, Birecik\u2019ten Halep\u2019e kadar olan kapasiteyi art\u0131rarak \u00f6n\u00fcm\u00fczdeki birka\u00e7 ay i\u00e7inde Suriye\u2019ye ek 500 megavat daha elektrik ihra\u00e7 etmek. Bu ba\u011flant\u0131 i\u00e7in Suriye topraklar\u0131nda baz\u0131 \u00e7al\u0131\u015fmalar yap\u0131lmas\u0131 gerekiyor. Gelecek y\u0131l\u0131n ilk \u00e7eyre\u011fi itibar\u0131yla Suriye\u2019ye do\u011frudan yakla\u015f\u0131k 900 megavatl\u0131k elektrik ihracat\u0131 yapabilece\u011fiz.\u201d<\/em> \u0130fadelerini kulland\u0131.<\/p>\n<h3><strong>Suriye\u2019de Petrol Altyap\u0131s\u0131\u00a0<\/strong><\/h3>\n<p>Suriye\u2019nin petrol altyap\u0131s\u0131n\u0131n modernize edilmesi ve buna yat\u0131r\u0131m yap\u0131lmas\u0131 gerekti\u011fine dikkat \u00e7eken Bayraktar, <em>\u201cBizim kat\u0131l\u0131m\u0131m\u0131zla ve uluslararas\u0131 petrol \u015firketlerinin de katk\u0131s\u0131yla, bunu ba\u015farabilece\u011fimize inan\u0131yoruz. B\u00f6ylece, Suriye halk\u0131 i\u00e7in s\u00fcrd\u00fcr\u00fclebilir elektrik ve temel altyap\u0131 ihtiya\u00e7lar\u0131n\u0131 kar\u015f\u0131layabiliriz.\u201d <\/em>dedi.<\/p>\n<h3><strong>Yeni Anla\u015fma \u0130\u00e7in M\u00fczakere S\u00fcreci<\/strong><\/h3>\n<p>T\u00fcrkiye-Irak Petrol Boru Hatt\u0131\u2019yla ilgili de konu\u015fan Bayraktar, bu hatt\u0131n kapasitesinin g\u00fcnl\u00fck 1,5 milyon varil oldu\u011funu ancak 50 y\u0131ld\u0131r hi\u00e7 tam kapasiteyle kullan\u0131lamad\u0131\u011f\u0131n\u0131 s\u00f6yledi. Bayraktar, yak\u0131n zamanda Irak h\u00fck\u00fcmetine mevcut anla\u015fman\u0131n art\u0131k beklentileri kar\u015f\u0131lamad\u0131\u011f\u0131n\u0131, g\u00fcn\u00fcm\u00fcz enerji d\u00fcnyas\u0131n\u0131n ihtiya\u00e7lar\u0131na cevap vermedi\u011fini bildirdiklerini ve yeni bir taslak anla\u015fma g\u00f6nderdiklerini ifade etti. Bayraktar, <em>\u201c\u015eu anda yeni tasla\u011f\u0131n yap\u0131s\u0131n\u0131 inceliyorlar. Yak\u0131nda teknik ekiplerin bir araya gelip yeni anla\u015fma i\u00e7in m\u00fczakerelere ba\u015flamas\u0131n\u0131 umuyoruz.\u201d<\/em> dedi. Bayraktar, ama\u00e7lar\u0131n\u0131n bu boru hatt\u0131n\u0131 tam kapasiteyle kullanmak oldu\u011funun alt\u0131n\u0131 \u00e7izdi.<\/p>\n<h3><strong>Pakistan\u2019da Arama Sahalar\u0131\u00a0<\/strong><\/h3>\n<p>T\u00fcrkiye\u2019nin petrol ve do\u011fal gaz arama ve \u00fcretim stratejisinin yerli \u00fcretimin yan\u0131 s\u0131ra d\u0131\u015far\u0131daki f\u0131rsatlar\u0131 de\u011ferlendirmeye de odakland\u0131\u011f\u0131n\u0131 ifade eden Bakan Bayraktar, \u015funlar\u0131 s\u00f6yledi:<\/p>\n<p><em>\u201cAzerbaycan\u2019da petrol ve do\u011fal gaz \u00fcretiyoruz. Irak\u2019ta \u015fu anda \u00e7ok az miktarda petrol \u00fcretiyoruz. Basra\u2019da \u00fc\u00e7 sahada ortakl\u0131klar\u0131m\u0131z var. Ayr\u0131ca Libya, Nijer, Somali gibi \u00fclkelerde f\u0131rsatlar ar\u0131yoruz. Somali a\u00e7\u0131klar\u0131na sismik gemimizi g\u00f6nderdik. Pakistan\u2019da ise daha \u00f6nce ihale kapsam\u0131nda kazand\u0131\u011f\u0131m\u0131z baz\u0131 petrol ve do\u011fal gaz arama sahalar\u0131nda yak\u0131n zamanda anla\u015fma imzalayaca\u011f\u0131z. Libya h\u00fck\u00fcmetiyle yapt\u0131\u011f\u0131m\u0131z son anla\u015fma sayesinde, Libya a\u00e7\u0131klar\u0131nda yeni f\u0131rsatlar ara\u015ft\u0131rma \u015fans\u0131m\u0131z olacak.\u201d <\/em>dedi.<\/p>\n<p>Yay\u0131na Alan: Alperen ERTA\u015e-<a href=\"http:\/\/alperen.ertas@enerjigazetesi.ist\">alperen.ertas@enerjigazetesi.ist<\/a><\/p>","protected":false},"excerpt":{"rendered":"<p>Sorry, this entry is only available in Turkish. For the sake of viewer convenience, the content is shown below in the alternative language. You may click the link to switch the active language. Enerji ve Tabii Kaynaklar Bakan\u0131 Alparslan Bayraktar, SKY News Arabia\u2019ya bir m\u00fclakat verdi. G\u00fcndeme ili\u015fkin sorular\u0131 cevaplayan Bayraktar, T\u00fcrkiye\u2019nin petrol ve do\u011fal [&hellip;]<\/p>\n","protected":false},"author":19,"featured_media":199616,"comment_status":"open","ping_status":"open","sticky":false,"template":"","format":"standard","meta":[],"categories":[46,53,44],"tags":[117006,117007],"views":8,"_links":{"self":[{"href":"https:\/\/www.enerjigazetesi.ist\/en\/wp-json\/wp\/v2\/posts\/199615"}],"collection":[{"href":"https:\/\/www.enerjigazetesi.ist\/en\/wp-json\/wp\/v2\/posts"}],"about":[{"href":"https:\/\/www.enerjigazetesi.ist\/en\/wp-json\/wp\/v2\/types\/post"}],"author":[{"embeddable":true,"href":"https:\/\/www.enerjigazetesi.ist\/en\/wp-json\/wp\/v2\/users\/19"}],"replies":[{"embeddable":true,"href":"https:\/\/www.enerjigazetesi.ist\/en\/wp-json\/wp\/v2\/comments?post=199615"}],"version-history":[{"count":0,"href":"https:\/\/www.enerjigazetesi.ist\/en\/wp-json\/wp\/v2\/posts\/199615\/revisions"}],"wp:featuredmedia":[{"embeddable":true,"href":"https:\/\/www.enerjigazetesi.ist\/en\/wp-json\/wp\/v2\/media\/199616"}],"wp:attachment":[{"href":"https:\/\/www.enerjigazetesi.ist\/en\/wp-json\/wp\/v2\/media?parent=199615"}],"wp:term":[{"taxonomy":"category","embeddable":true,"href":"https:\/\/www.enerjigazetesi.ist\/en\/wp-json\/wp\/v2\/categories?post=199615"},{"taxonomy":"post_tag","embeddable":true,"href":"https:\/\/www.enerjigazetesi.ist\/en\/wp-json\/wp\/v2\/tags?post=199615"}],"curies":[{"name":"wp","href":"https:\/\/api.w.org\/{rel}","templated":true}]}}