{"id":199602,"date":"2025-08-15T19:24:34","date_gmt":"2025-08-15T16:24:34","guid":{"rendered":"https:\/\/www.enerjigazetesi.ist\/?p=199602"},"modified":"2025-08-15T19:24:34","modified_gmt":"2025-08-15T16:24:34","slug":"basoglu-kablonun-yerli-ve-milli-urunu-aselsana-odul","status":"publish","type":"post","link":"https:\/\/www.enerjigazetesi.ist\/en\/basoglu-kablonun-yerli-ve-milli-urunu-aselsana-odul\/","title":{"rendered":"(Turkish) Ba\u015fo\u011flu Kablo\u2019nun Yerli ve Milli \u00dcr\u00fcn\u00fc ASELSAN&#8217;a \u00d6d\u00fcl"},"content":{"rendered":"<p class=\"qtranxs-available-languages-message qtranxs-available-languages-message-en\">Sorry, this entry is only available in <a href=\"https:\/\/www.enerjigazetesi.ist\/tr\/wp-json\/wp\/v2\/posts\/199602\" class=\"qtranxs-available-language-link qtranxs-available-language-link-tr\" title=\"Turkish\">Turkish<\/a>. For the sake of viewer convenience, the content is shown below in the alternative language. You may click the link to switch the active language.<\/p><p><\/p>\n<h2>Milli savunma sanayimizin g\u00fcc\u00fcn\u00fc d\u00fcnyaya ta\u015f\u0131yan ASELSAN, <strong>\u201cK\u00f6klerinden D\u00fcnyaya \u00d6d\u00fcl T\u00f6reni\u201d<\/strong> ile yerli \u00fcreticilerin ba\u015far\u0131lar\u0131n\u0131 ta\u00e7land\u0131rd\u0131. Bu anlaml\u0131 organizasyon<strong>, 17. Uluslararas\u0131 Savunma Sanayi Fuar\u0131<\/strong> (IDEF 2025) kapsam\u0131nda \u0130stanbul Fuar Merkezi\u2019nde ger\u00e7ekle\u015fti.<\/h2>\n<p><img loading=\"lazy\" class=\"size-full wp-image-199603 aligncenter\" src=\"https:\/\/www.enerjigazetesi.ist\/wp-content\/uploads\/2025\/08\/xcvbnmnbvbnmomnbvcvbnmnbv.jpg\" alt=\"\" width=\"516\" height=\"480\" srcset=\"https:\/\/www.enerjigazetesi.ist\/wp-content\/uploads\/2025\/08\/xcvbnmnbvbnmomnbvcvbnmnbv.jpg 516w, https:\/\/www.enerjigazetesi.ist\/wp-content\/uploads\/2025\/08\/xcvbnmnbvbnmomnbvcvbnmnbv-300x279.jpg 300w, https:\/\/www.enerjigazetesi.ist\/wp-content\/uploads\/2025\/08\/xcvbnmnbvbnmomnbvcvbnmnbv-430x400.jpg 430w, https:\/\/www.enerjigazetesi.ist\/wp-content\/uploads\/2025\/08\/xcvbnmnbvbnmomnbvcvbnmnbv-54x50.jpg 54w, https:\/\/www.enerjigazetesi.ist\/wp-content\/uploads\/2025\/08\/xcvbnmnbvbnmomnbvcvbnmnbv-500x465.jpg 500w\" sizes=\"(max-width: 516px) 100vw, 516px\" \/><\/p>\n<p>T\u00fcrkiye\u2019nin lider kablo ve profil \u00fcreticisi Ba\u015fo\u011flu Kablo, bu prestijli t\u00f6rende geli\u015ftirdi\u011fi \u00e7\u0131\u011f\u0131r a\u00e7an <strong>kendi kendine yap\u0131\u015fan ve kendinden ba\u015fka bir \u015feye yap\u0131\u015fmayan \u00f6zel bir silikon bant<\/strong> ile dikkatleri \u00fczerine \u00e7ekti. Tam 460 k\u00f6kl\u00fc firma aras\u0131ndan s\u0131yr\u0131larak ilk 16\u2019ya girmeyi ba\u015faran Ba\u015fo\u011flu Kablo, Durusil ile yerli ve milli \u00fcr\u00fcn geli\u015ftirme alan\u0131ndaki \u00fcst\u00fcn ba\u015far\u0131s\u0131n\u0131 tescilleyerek b\u00fcy\u00fck bir \u00f6d\u00fcle lay\u0131k g\u00f6r\u00fcld\u00fc. \u00a0\u00d6d\u00fcl\u00fc, Ba\u015fo\u011flu Kablo ad\u0131na<strong> Y\u00f6netim Kurulu \u00dcyesi Say\u0131n Erdin\u00e7 Alt\u0131ner<\/strong> teslim ald\u0131. Bu ba\u015far\u0131, sadece Ba\u015fo\u011flu Kablo i\u00e7in de\u011fil, t\u00fcm T\u00fcrkiye i\u00e7in bir gurur kayna\u011f\u0131 oldu.<\/p>\n<h3><strong>DURUS\u0130L: KEND\u0130L\u0130\u011e\u0130NDEN YAPI\u015eAN S\u0130L\u0130KON BANT TEKNOLOJ\u0130S\u0130<\/strong><\/h3>\n<p>Ba\u015fo\u011flu Kablo\u2019nun \u00f6d\u00fcll\u00fc \u00fcr\u00fcn\u00fc <strong>Durusil<\/strong>, savunma sanayisinin en kritik ihtiya\u00e7lar\u0131na y\u00f6nelik, <strong>kendi kendine yap\u0131\u015fan ve kendinden ba\u015fka bir \u015feye yap\u0131\u015fmayan \u00f6zel bir silikon bant<\/strong> olarak \u00f6ne \u00e7\u0131k\u0131yor. Bu ileri teknoloji \u00fcr\u00fcn, Ba\u015fo\u011flu Kablo\u2019nun <strong>y\u00fcksek Ar-Ge kabiliyeti<\/strong>, <strong>uluslararas\u0131 \u00fcretim standartlar\u0131<\/strong> ve<strong> kalite odakl\u0131 \u00fcretim anlay\u0131\u015f\u0131<\/strong> sayesinde en zorlu ko\u015fullarda dahi e\u015fsiz performans sunuyor.<\/p>\n<p>Durusil, \u00f6zellikle askeri ve savunma uygulamalar\u0131nda gerekli olan an\u0131nda yal\u0131t\u0131m, s\u0131zd\u0131rmazl\u0131k ve koruma \u00e7\u00f6z\u00fcmlerini sa\u011flarken, pratik uygulanabilirli\u011fi ile operasyonel verimlili\u011fi art\u0131r\u0131yor. Y\u00fcksek s\u0131cakl\u0131klara, a\u015f\u0131r\u0131 so\u011fuklara, kimyasal etkilere, elektromanyetik parazitlere kar\u015f\u0131 \u00fcst\u00fcn diren\u00e7 g\u00f6steren bu bant, askeri standartlar\u0131n gerektirdi\u011fi t\u00fcm testleri ba\u015far\u0131yla ge\u00e7mi\u015ftir.<\/p>\n<p>Ba\u015fo\u011flu Kablo\u2019nun silikon ve kau\u00e7uk \u00fcr\u00fcnlerindeki <strong>y\u00fcksek m\u00fchendislik g\u00fcc\u00fcn\u00fcn<\/strong> bir ni\u015fanesi olan Durusil, beyaz e\u015fyadan in\u015faata, otomotivden rayl\u0131 sistemlere ve gemi sanayisine kadar pek \u00e7ok farkl\u0131 sekt\u00f6re \u00f6zel, uzun \u00f6m\u00fcrl\u00fc ve g\u00fcvenilir \u00e7\u00f6z\u00fcmler \u00fcretme yetene\u011finin bir par\u00e7as\u0131 olarak, savunma sanayisindeki yerini alm\u0131\u015ft\u0131r.<\/p>\n<h3><strong>ASELSAN\u2019IN \u00d6D\u00dcL\u00dcYLE PER\u00c7\u0130NLENEN M\u0130LL\u0130 V\u0130ZYON<\/strong><\/h3>\n<p>ASELSAN\u2019\u0131n \u201cK\u00f6klerinden D\u00fcnyaya\u201d mottosuyla d\u00fczenledi\u011fi bu t\u00f6ren, savunma sanayisi tedarik zincirinde yer alan ve milli katk\u0131lar\u0131yla \u00f6ne \u00e7\u0131kan firmalar\u0131n takdir edilmesini ama\u00e7lamaktad\u0131r. Ba\u015fo\u011flu Kablo\u2019nun 460 firma aras\u0131ndan se\u00e7ilerek ilk 16\u2019ya girmesi ve bu \u00f6zel \u00f6d\u00fcl\u00fc kazanmas\u0131, \u015firketin sadece teknik yeterlili\u011fini de\u011fil, ayn\u0131 zamanda milli savunma sanayisine hizmet etme konusundaki g\u00fc\u00e7l\u00fc vizyonunu ve kararl\u0131l\u0131\u011f\u0131n\u0131 da ortaya koydu.<\/p>\n<p>Bu ba\u015far\u0131, \u015firketin yerlile\u015fme ve millile\u015fme ilkeleri do\u011frultusunda Ar-Ge ve inovasyona yapt\u0131\u011f\u0131 stratejik yat\u0131r\u0131mlar\u0131n somut bir geri d\u00f6n\u00fc\u015f\u00fc olarak kabul edilmektedir. Ba\u015fo\u011flu Kablo\u2019nun bu platformda yer almas\u0131, ulusal teknoloji hamlesine olan ba\u011fl\u0131l\u0131\u011f\u0131n\u0131n g\u00fc\u00e7l\u00fc bir g\u00f6stergesidir.<\/p>\n<h3><strong>BA\u015eO\u011eLU KABLO: GELECE\u011eE Y\u00d6N VEREN ADIMLAR<\/strong><\/h3>\n<p>Ba\u015fo\u011flu Kablo, \u201cYerlile\u015ftirme\u201d, \u201cMillile\u015fme\u201d, \u201cMilli Teknoloji\u201d ve \u201cSavunma Sanayi\u201d gibi ulusal hedeflere ula\u015fma yolunda kararl\u0131l\u0131kla ilerlemektedir. Elde edilen bu k\u0131ymetli \u00f6d\u00fcl, \u015firketin Ar-Ge ve inovasyon odakl\u0131 \u00e7al\u0131\u015fmalar\u0131n\u0131 s\u00fcrd\u00fcrme, tak\u0131m ruhuyla yeni ba\u015far\u0131lara imza atma ve sekt\u00f6rdeki lider konumunu peki\u015ftirme motivasyonunu daha da art\u0131rm\u0131\u015ft\u0131r. Ba\u015fo\u011flu Kablo, \u00fclkemizin savunma sanayisi alan\u0131ndaki ba\u011f\u0131ms\u0131zl\u0131\u011f\u0131n\u0131 g\u00fc\u00e7lendirmeye y\u00f6nelik \u00e7abalar\u0131na kesintisiz devam edecek, ileri teknoloji \u00e7\u00f6z\u00fcmleriyle hem ulusal hem de uluslararas\u0131 alanda de\u011fer yaratmay\u0131 s\u00fcrd\u00fcrecektir. Bu ba\u015far\u0131, \u015firketin sadece bir d\u00f6n\u00fcm noktas\u0131 de\u011fil, ayn\u0131 zamanda gelecekteki daha b\u00fcy\u00fck katk\u0131lar\u0131n\u0131n da bir habercisidir.<\/p>\n<p>Yay\u0131na Alan: Alperen ERTA\u015e-<a href=\"http:\/\/alperen.ertas@enerjigazetesi.ist\">alperen.ertas@enerjigazetesi.ist<\/a><\/p>","protected":false},"excerpt":{"rendered":"<p>Sorry, this entry is only available in Turkish. For the sake of viewer convenience, the content is shown below in the alternative language. You may click the link to switch the active language. Milli savunma sanayimizin g\u00fcc\u00fcn\u00fc d\u00fcnyaya ta\u015f\u0131yan ASELSAN, \u201cK\u00f6klerinden D\u00fcnyaya \u00d6d\u00fcl T\u00f6reni\u201d ile yerli \u00fcreticilerin ba\u015far\u0131lar\u0131n\u0131 ta\u00e7land\u0131rd\u0131. Bu anlaml\u0131 organizasyon, 17. Uluslararas\u0131 Savunma [&hellip;]<\/p>\n","protected":false},"author":19,"featured_media":199603,"comment_status":"open","ping_status":"open","sticky":false,"template":"","format":"standard","meta":[],"categories":[51,53],"tags":[117005,117004],"views":14,"_links":{"self":[{"href":"https:\/\/www.enerjigazetesi.ist\/en\/wp-json\/wp\/v2\/posts\/199602"}],"collection":[{"href":"https:\/\/www.enerjigazetesi.ist\/en\/wp-json\/wp\/v2\/posts"}],"about":[{"href":"https:\/\/www.enerjigazetesi.ist\/en\/wp-json\/wp\/v2\/types\/post"}],"author":[{"embeddable":true,"href":"https:\/\/www.enerjigazetesi.ist\/en\/wp-json\/wp\/v2\/users\/19"}],"replies":[{"embeddable":true,"href":"https:\/\/www.enerjigazetesi.ist\/en\/wp-json\/wp\/v2\/comments?post=199602"}],"version-history":[{"count":0,"href":"https:\/\/www.enerjigazetesi.ist\/en\/wp-json\/wp\/v2\/posts\/199602\/revisions"}],"wp:featuredmedia":[{"embeddable":true,"href":"https:\/\/www.enerjigazetesi.ist\/en\/wp-json\/wp\/v2\/media\/199603"}],"wp:attachment":[{"href":"https:\/\/www.enerjigazetesi.ist\/en\/wp-json\/wp\/v2\/media?parent=199602"}],"wp:term":[{"taxonomy":"category","embeddable":true,"href":"https:\/\/www.enerjigazetesi.ist\/en\/wp-json\/wp\/v2\/categories?post=199602"},{"taxonomy":"post_tag","embeddable":true,"href":"https:\/\/www.enerjigazetesi.ist\/en\/wp-json\/wp\/v2\/tags?post=199602"}],"curies":[{"name":"wp","href":"https:\/\/api.w.org\/{rel}","templated":true}]}}