{"id":199596,"date":"2025-08-15T19:15:31","date_gmt":"2025-08-15T16:15:31","guid":{"rendered":"https:\/\/www.enerjigazetesi.ist\/?p=199596"},"modified":"2025-08-15T19:27:11","modified_gmt":"2025-08-15T16:27:11","slug":"zorlu-enerji-experience-programinin-3uncu-donemi-tamamlandi","status":"publish","type":"post","link":"https:\/\/www.enerjigazetesi.ist\/en\/zorlu-enerji-experience-programinin-3uncu-donemi-tamamlandi\/","title":{"rendered":"(Turkish) Zorlu Enerji Experience Program\u0131n\u0131n 3&#8217;\u00fcnc\u00fc D\u00f6nemi Tamamland\u0131"},"content":{"rendered":"<p class=\"qtranxs-available-languages-message qtranxs-available-languages-message-en\">Sorry, this entry is only available in <a href=\"https:\/\/www.enerjigazetesi.ist\/tr\/wp-json\/wp\/v2\/posts\/199596\" class=\"qtranxs-available-language-link qtranxs-available-language-link-tr\" title=\"Turkish\">Turkish<\/a>. For the sake of viewer convenience, the content is shown below in the alternative language. You may click the link to switch the active language.<\/p><p><\/p>\n<h2><strong>2023 y\u0131l\u0131nda Zorlu Enerji;\u00a0<\/strong><strong>Zorlu Holding\u2019in kurucu orta\u011f\u0131 oldu\u011fu sosyal inovasyon platformu\u00a0<\/strong><strong>imece\u2019nin y\u00fcr\u00fct\u00fcc\u00fcl\u00fc\u011f\u00fcnde<\/strong><strong>, faaliyet g\u00f6sterdi\u011fi b\u00f6lgelerdeki \u00fcniversite \u00f6\u011frencilerinden olu\u015fan bursiyerleri i\u00e7in Zorlu Enerji Experience (ZExperience) program\u0131n\u0131 hayata ge\u00e7irdi. \u00a0Ki\u015fisel ve mesleki geli\u015fim e\u011fitimleriyle gen\u00e7leri gelece\u011fe haz\u0131rlayan program\u0131n \u00fc\u00e7 d\u00f6neminde toplam 145 mezun verildi. Uzun soluklu ger\u00e7ekle\u015ftirilmesi planlanan programda\u00a0<\/strong><strong>sosyal inovasyon, proje geli\u015ftirme ve s\u00fcrd\u00fcr\u00fclebilirlik alanlar\u0131nda verilen e\u011fitimlerle gen\u00e7lerin geli\u015fimi desteklenmeye devam edecek.\u00a0<\/strong><\/h2>\n<p><img loading=\"lazy\" class=\"size-full wp-image-199607 aligncenter\" src=\"https:\/\/www.enerjigazetesi.ist\/wp-content\/uploads\/2025\/08\/assdgljmnbvcdfg.jpg\" alt=\"\" width=\"550\" height=\"383\" srcset=\"https:\/\/www.enerjigazetesi.ist\/wp-content\/uploads\/2025\/08\/assdgljmnbvcdfg.jpg 550w, https:\/\/www.enerjigazetesi.ist\/wp-content\/uploads\/2025\/08\/assdgljmnbvcdfg-300x209.jpg 300w, https:\/\/www.enerjigazetesi.ist\/wp-content\/uploads\/2025\/08\/assdgljmnbvcdfg-500x348.jpg 500w, https:\/\/www.enerjigazetesi.ist\/wp-content\/uploads\/2025\/08\/assdgljmnbvcdfg-72x50.jpg 72w\" sizes=\"(max-width: 550px) 100vw, 550px\" \/><\/p>\n<p>Faaliyet g\u00f6sterdi\u011fi her alanda b\u00f6lgesel kalk\u0131nmaya destek olmay\u0131 \u00f6ncelik olarak g\u00f6ren Zorlu Enerji, bu kapsamda 2023 y\u0131l\u0131nda hayata ge\u00e7irdi\u011fi Zorlu Enerji Experience (ZExperience) projesinde \u00fc\u00e7\u00fcnc\u00fc d\u00f6nem e\u011fitimlerini tamamlad\u0131. Hizmet verdi\u011fi b\u00f6lgelerdeki ba\u015far\u0131l\u0131 \u00fcniversite \u00f6\u011frencilerine uzun y\u0131llard\u0131r burs imk\u00e2n\u0131 sa\u011flayan Zorlu Enerji,\u00a0Zorlu Holding\u2019in kurucu orta\u011f\u0131 oldu\u011fu sosyal inovasyon platformu\u00a0imece\u2019nin y\u00fcr\u00fct\u00fcc\u00fcl\u00fc\u011f\u00fc\u00a0ve farkl\u0131 \u00fcniversitelerden akademisyenlerin deste\u011fiyle hayata ge\u00e7irdi\u011fi Zorlu Enerji Experience (ZExperience) program\u0131yla bursiyerlerinin ki\u015fisel ve mesleki geli\u015fimlerine de katk\u0131 sa\u011fl\u0131yor.<\/p>\n<h3><strong>36 farkl\u0131 e\u011fitim bursiyerlere \u00f6zel olarak sunuldu<\/strong><\/h3>\n<p>Zorlu Enerji\u2019nin, Zorlu Holding\u2019in kurucu orta\u011f\u0131 oldu\u011fu sosyal inovasyon platformu imece i\u015f birli\u011fiyle y\u00fcr\u00fctt\u00fc\u011f\u00fc Zorlu Enerji Experience (ZExperience) program\u0131nda; akademi 101, iklim ve s\u00fcrd\u00fcr\u00fclebilirlik, teknoloji, enerji, ileti\u015fim ve proje y\u00f6netimi ba\u015fl\u0131klar\u0131 alt\u0131nda 36 farkl\u0131 e\u011fitim bursiyerlere \u00f6zel olarak sunuldu. Gen\u00e7lerin s\u00fcrd\u00fcr\u00fclebilir Kalk\u0131nma Ama\u00e7lar\u0131 (SKA) do\u011frultusunda projeler \u00fcretmelerini ve toplumsal sorunlara \u00e7\u00f6z\u00fcm odakl\u0131 yakla\u015f\u0131mlar geli\u015ftirmelerini hedefleyen program; \u0130stanbul Teknik \u00dcniversitesi, Bo\u011fazi\u00e7i \u00dcniversitesi Ya\u015fam Boyu E\u011fitim Merkezi (B\u00dcYEM) ve \u0130stanbul Bilgi \u00dcniversitesi gibi sayg\u0131n akademik kurumlar\u0131n s\u00fcrd\u00fcr\u00fclebilirlik ve sosyal inovasyon alan\u0131nda uzman akademisyenleri ile ger\u00e7ekle\u015ftirildi.<\/p>\n<p>Program\u0131n ilk\u00a0iki\u00a0d\u00f6neminde s\u00fcrd\u00fcr\u00fclebilirlik ve iklim krizi konular\u0131nda akademisyenlerin sunumlar\u0131n\u0131 dinleyen \u00f6\u011frenciler, Zorlu Enerji\u2019nin rehberli\u011finde teknoloji ve yenilenebilir enerji alanlar\u0131n\u0131n\u00a0S\u00fcrd\u00fcr\u00fclebilir Kalk\u0131nma Ama\u00e7lar\u0131\u2019na\u00a0uyumlu \u015fekilde ilerlemesi i\u00e7in g\u00fcn\u00fcm\u00fczde ve gelecekte yap\u0131lacak \u00e7al\u0131\u015fmalar\u0131 somut \u00f6rneklerle deneyimledi. Fikirlerin somut projelere d\u00f6n\u00fc\u015ft\u00fcr\u00fclmesi konusunda mentorluk deste\u011fi al\u0131nan programda, se\u00e7tikleri bir\u00a0k\u00fcresel ama\u00e7\u00a0\u00a0 \u00a0 \u00a0kapsam\u0131nda tak\u0131mlar halinde proje \u00fcreten bursiyerler; \u00f6\u011frendikleri bilgileri hayata ge\u00e7irme f\u0131rsat\u0131 elde etti. Proje yar\u0131\u015fmas\u0131na kat\u0131larak kendi projelerini tasarlayan en ba\u015far\u0131l\u0131 3 grup \u00f6d\u00fcllendirildi. Program\u0131n ikinci d\u00f6nemi, 2024 y\u0131l\u0131nda, sosyal sorumluluk d\u00fcnyas\u0131n\u0131n en sayg\u0131n programlar\u0131ndan biri olan Communitas Awards \u00f6d\u00fcl\u00fcn\u00fcn de sahibi oldu. Program\u0131n bu d\u00f6nemki \u00e7al\u0131\u015fmalar\u0131na, Excellence In Community Service \/ Organization Community Service kategorisi Organization\u2019s Specific Program dal\u0131nda \u00f6d\u00fcl verildi.<\/p>\n<h3><strong>Program\u0131n \u00fc\u00e7\u00fcnc\u00fc d\u00f6nemi tamamland\u0131<\/strong><\/h3>\n<p>Zorlu Enerji\u00a0bursiyerleri, \u015fubat ay\u0131nda ba\u015flayan \u00fc\u00e7\u00fcnc\u00fc d\u00f6nem program\u0131yla s\u00fcrd\u00fcr\u00fclebilirlik y\u00f6netimi, S\u00fcrd\u00fcr\u00fclebilir Kalk\u0131nma Ama\u00e7lar\u0131, psikolojik sa\u011flaml\u0131k, ekonomik kalk\u0131nma ve y\u00f6neti\u015fim, sosyal kalk\u0131nma, \u00e7evresel s\u00fcrd\u00fcr\u00fclebilirlik, tak\u0131m \u00e7al\u0131\u015fmas\u0131, tasar\u0131m odakl\u0131 d\u00fc\u015f\u00fcnme, proje y\u00f6netimi, ileti\u015fim teknikleri, sunum teknikleri ve hikaye anlat\u0131c\u0131l\u0131\u011f\u0131 konular\u0131nda e\u011fitim ve at\u00f6lyelere kat\u0131ld\u0131. E\u011fitimlerin tamamlanmas\u0131n\u0131n ard\u0131ndan \u00f6\u011frenciler, tak\u0131mlar halinde sosyal fayda odakl\u0131 projeler geli\u015ftirdi. Her tak\u0131m imece temsilcilerinden olu\u015fan tak\u0131m ko\u00e7u ve Zorlu Grubu kurumsal g\u00f6n\u00fcll\u00fcl\u00fck program\u0131 K\u0131v\u0131lc\u0131mlar mentorlar\u0131 ile ortakla\u015fa \u00e7al\u0131\u015farak projelerin sunulaca\u011f\u0131 J\u00fcri Bulu\u015fmas\u0131\u2019na haz\u0131rland\u0131. \u00dc\u00e7\u00fcnc\u00fc d\u00f6nem projeleri, alan\u0131nda uzman isimlerden olu\u015fan j\u00fcriye sunularak en ba\u015far\u0131l\u0131 3 tak\u0131m \u00f6d\u00fcllendirildi.<\/p>\n<h3><strong>Bursiyerler program\u0131n etkilerini de\u011ferlendirdi<\/strong><\/h3>\n<p>Program sonunda yap\u0131lan sosyal etki de\u011ferlendirmesi kapsam\u0131nda al\u0131nan geri bildirimlerde bursiyerlerin y\u00fczde 80\u2019i kariyer geli\u015fimine katk\u0131 sa\u011flayan e\u011fitimler ald\u0131\u011f\u0131n\u0131, y\u00fczde 70\u2019i toplumsal sorunlar hakk\u0131nda neler yapabilece\u011fini \u00f6\u011frendi\u011fini, y\u00fczde 65\u2019i kariyeri i\u00e7in anlaml\u0131 ili\u015fkiler kurdu\u011funu ve y\u00fczde 60\u2019\u0131 motivasyon art\u0131\u015f\u0131 ya\u015fad\u0131\u011f\u0131n\u0131 belirtti.<\/p>\n<p>Yay\u0131na Alan: Alperen ERTA\u015e-<a href=\"http:\/\/alperen.ertas@enerjigazetesi.ist\">alperen.ertas@enerjigazetesi.ist<\/a><\/p>","protected":false},"excerpt":{"rendered":"<p>Sorry, this entry is only available in Turkish. For the sake of viewer convenience, the content is shown below in the alternative language. You may click the link to switch the active language. 2023 y\u0131l\u0131nda Zorlu Enerji;\u00a0Zorlu Holding\u2019in kurucu orta\u011f\u0131 oldu\u011fu sosyal inovasyon platformu\u00a0imece\u2019nin y\u00fcr\u00fct\u00fcc\u00fcl\u00fc\u011f\u00fcnde, faaliyet g\u00f6sterdi\u011fi b\u00f6lgelerdeki \u00fcniversite \u00f6\u011frencilerinden olu\u015fan bursiyerleri i\u00e7in Zorlu Enerji [&hellip;]<\/p>\n","protected":false},"author":19,"featured_media":199607,"comment_status":"open","ping_status":"open","sticky":false,"template":"","format":"standard","meta":[],"categories":[53,52],"tags":[344,117003],"views":14,"_links":{"self":[{"href":"https:\/\/www.enerjigazetesi.ist\/en\/wp-json\/wp\/v2\/posts\/199596"}],"collection":[{"href":"https:\/\/www.enerjigazetesi.ist\/en\/wp-json\/wp\/v2\/posts"}],"about":[{"href":"https:\/\/www.enerjigazetesi.ist\/en\/wp-json\/wp\/v2\/types\/post"}],"author":[{"embeddable":true,"href":"https:\/\/www.enerjigazetesi.ist\/en\/wp-json\/wp\/v2\/users\/19"}],"replies":[{"embeddable":true,"href":"https:\/\/www.enerjigazetesi.ist\/en\/wp-json\/wp\/v2\/comments?post=199596"}],"version-history":[{"count":0,"href":"https:\/\/www.enerjigazetesi.ist\/en\/wp-json\/wp\/v2\/posts\/199596\/revisions"}],"wp:featuredmedia":[{"embeddable":true,"href":"https:\/\/www.enerjigazetesi.ist\/en\/wp-json\/wp\/v2\/media\/199607"}],"wp:attachment":[{"href":"https:\/\/www.enerjigazetesi.ist\/en\/wp-json\/wp\/v2\/media?parent=199596"}],"wp:term":[{"taxonomy":"category","embeddable":true,"href":"https:\/\/www.enerjigazetesi.ist\/en\/wp-json\/wp\/v2\/categories?post=199596"},{"taxonomy":"post_tag","embeddable":true,"href":"https:\/\/www.enerjigazetesi.ist\/en\/wp-json\/wp\/v2\/tags?post=199596"}],"curies":[{"name":"wp","href":"https:\/\/api.w.org\/{rel}","templated":true}]}}