{"id":199591,"date":"2025-08-15T19:04:20","date_gmt":"2025-08-15T16:04:20","guid":{"rendered":"https:\/\/www.enerjigazetesi.ist\/?p=199591"},"modified":"2025-08-15T22:04:21","modified_gmt":"2025-08-15T19:04:21","slug":"opetten-orman-yanginlarini-onlemeye-yonelik-seferberlik","status":"publish","type":"post","link":"https:\/\/www.enerjigazetesi.ist\/en\/opetten-orman-yanginlarini-onlemeye-yonelik-seferberlik\/","title":{"rendered":"(Turkish) OPET&#8217;ten Orman Yang\u0131nlar\u0131n\u0131 \u00d6nlemeye Y\u00f6nelik Seferberlik"},"content":{"rendered":"<p class=\"qtranxs-available-languages-message qtranxs-available-languages-message-en\">Sorry, this entry is only available in <a href=\"https:\/\/www.enerjigazetesi.ist\/tr\/wp-json\/wp\/v2\/posts\/199591\" class=\"qtranxs-available-language-link qtranxs-available-language-link-tr\" title=\"Turkish\">Turkish<\/a>. For the sake of viewer convenience, the content is shown below in the alternative language. You may click the link to switch the active language.<\/p><p><\/p>\n<h2><strong>OPET\u2019ten orman yang\u0131nlar\u0131n\u0131 \u00f6nlemeye y\u00f6nelik T\u00fcrkiye genelinde b\u00fcy\u00fck seferberlik: <\/strong><strong>\u201cDo\u011faya Sayg\u0131 Duy, \u00c7\u00f6p\u00fcne Sahip \u00c7\u0131k!\u201d<\/strong><\/h2>\n<p><img loading=\"lazy\" class=\"size-full wp-image-199635 aligncenter\" src=\"https:\/\/www.enerjigazetesi.ist\/wp-content\/uploads\/2025\/08\/1755255947_TOPLU_FOTO.-1.jpg\" alt=\"\" width=\"550\" height=\"265\" srcset=\"https:\/\/www.enerjigazetesi.ist\/wp-content\/uploads\/2025\/08\/1755255947_TOPLU_FOTO.-1.jpg 550w, https:\/\/www.enerjigazetesi.ist\/wp-content\/uploads\/2025\/08\/1755255947_TOPLU_FOTO.-1-300x145.jpg 300w, https:\/\/www.enerjigazetesi.ist\/wp-content\/uploads\/2025\/08\/1755255947_TOPLU_FOTO.-1-500x241.jpg 500w, https:\/\/www.enerjigazetesi.ist\/wp-content\/uploads\/2025\/08\/1755255947_TOPLU_FOTO.-1-80x39.jpg 80w\" sizes=\"(max-width: 550px) 100vw, 550px\" \/><\/p>\n<p>OPET, 2021\u2019deki Ege orman yang\u0131nlar\u0131n\u0131n ard\u0131ndan ba\u015flatt\u0131\u011f\u0131 Do\u011faya Sayg\u0131 Projesi\u2019ni \u00fclke \u00e7ap\u0131nda bir harekete d\u00f6n\u00fc\u015ft\u00fcrd\u00fc. Yang\u0131ndan etkilenen k\u00f6ylerde rehabilitasyon \u00e7al\u0131\u015fmalar\u0131 ger\u00e7ekle\u015ftiren ve \u00e7e\u015fitli b\u00f6lgelerde Opet Ormanlar\u0131 olu\u015fturan OPET, <em>\u201cDo\u011faya Sayg\u0131 Duy, \u00c7\u00f6p\u00fcne Sahip \u00c7\u0131k\u201d slogan\u0131yla \u00e7\u00f6p toplama seferberli\u011fi ba\u015flatt\u0131. Projenin ilk organizasyonu kapsam\u0131nda 15 A\u011fustos Cuma g\u00fcn\u00fc Bodrum \u00c7aml\u0131k Mevkii\u2019ndeki \u00e7\u00f6p toplama seferberli\u011fine bizzat kat\u0131lan OPET Y\u00f6netim Kurulu Kurucu \u00dcyesi Nurten \u00d6zt\u00fcrk, \u201cDo\u011faya at\u0131lan her bir \u00e7\u00f6p, bizim i\u00e7in sadece bir at\u0131k de\u011fil, vatan topra\u011f\u0131n\u0131n ba\u011fr\u0131na saplanm\u0131\u015f bir tehlike ve potansiyel bir yang\u0131n k\u0131v\u0131lc\u0131m\u0131d\u0131r. Bu y\u00fczden \u2018Do\u011faya Sayg\u0131\u2019 projemizi, topra\u011fa dokunan bir \u2018Vatan \u0130\u00e7in\u2019 seferberli\u011fine d\u00f6n\u00fc\u015ft\u00fcrd\u00fck. Projenin sonraki ad\u0131mlar\u0131 son yang\u0131nlardan b\u00fcy\u00fck zarar g\u00f6ren \u00c7anakkale, \u0130zmir ve Bursa\u2019da olacak. Ormanlar olu\u015fturarak, rehabilitasyona devam ederek, yang\u0131n riski y\u00fcksek b\u00f6lgelerde kuru ot ve \u00f6rt\u00fc temizli\u011fi yaparak orman yang\u0131nlar\u0131na kar\u015f\u0131 toplumsal bir bilin\u00e7 olu\u015fmas\u0131na katk\u0131 sunmak istiyoruz\u201d<\/em> dedi.<\/p>\n<p>Orman yang\u0131nlar\u0131na kar\u015f\u0131 toplumsal bir bilin\u00e7 olu\u015fturmak hedefi ile\u00a0<strong><em>Do\u011faya Sayg\u0131 Projesi<\/em><\/strong>\u2019ni ba\u015flatan OPET, do\u011fa ve \u00e7evreyi koruma vizyonunu, \u201c<strong><em>rehabilitasyon, \u00e7\u00f6p toplama, a\u011fa\u00e7 dikme ile kuru ot ve \u00f6rt\u00fc temizli\u011finden\u201d<\/em><\/strong>\u00a0olu\u015fan yeni ad\u0131mlarla ulusal bir harekete d\u00f6n\u00fc\u015ft\u00fcrd\u00fc.\u00a0<strong><em>OPET Y\u00f6netim Kurulu Kurucu \u00dcyesi Nurten \u00d6zt\u00fcrk\u2019\u00fcn<\/em><\/strong>\u00a0\u00f6nderli\u011finde 2021 y\u0131l\u0131ndaki Ege\u2019deki orman yang\u0131nlar\u0131ndan sonra hayata ge\u00e7irilen Do\u011faya Sayg\u0131 Projesi ile Marmaris\u2019e ba\u011fl\u0131 Bay\u0131r ve Osmaniye, K\u00f6yce\u011fiz\u2019e ba\u011fl\u0131 Otmanlar, Milas\u2019a ba\u011fl\u0131 \u00c7\u00f6kertme, G\u00f6kbel ve Bozalan k\u00f6ylerinde ger\u00e7ekle\u015ftirdi\u011fi rehabilitasyon \u00e7al\u0131\u015fmalar\u0131 ile projenin ilk ad\u0131m\u0131n\u0131 tamamlayan OPET,\u00a0<strong><em>15 A\u011fustos 2025<\/em><\/strong>\u00a0tarihinden itibaren de \u201cDo\u011faya Sayg\u0131 Duy, \u00c7\u00f6p\u00fcne Sahip \u00c7\u0131k\u201d slogan\u0131 ile T\u00fcrkiye genelinde \u00e7\u00f6p toplama seferberli\u011fi ba\u015flatt\u0131.<\/p>\n<p>Do\u011faya Sayg\u0131 Projesi\u2019nin bir sonraki ad\u0131m\u0131 olan \u00e7\u00f6p toplama seferberli\u011fi dolay\u0131s\u0131 ile\u00a0<strong><em>OPET Y\u00f6netim Kurulu Kurucu Ba\u015fkan\u0131 Fikret \u00d6zt\u00fcrk, Milas Kaymakam\u0131 Mustafa \u00dcnver B\u00f6ke,<\/em><\/strong><strong><em>\u00a0<\/em><\/strong><strong><em>Bodrum Belediye Ba\u015fkan Yard\u0131mc\u0131s\u0131 Kanat \u00d6zsert, \u00c7aml\u0131k K\u00f6y\u00fc Muhtar\u0131\u00a0<\/em><\/strong><strong><em>Mehmet Kahraman<\/em><\/strong>, OPET \u00e7al\u0131\u015fanlar\u0131 ve g\u00f6n\u00fcll\u00fclerle Bodrum \u00c7aml\u0131k Mevkii\u2019ne bir araya gelen\u00a0<strong><em>Nurten \u00d6zt\u00fcrk<\/em><\/strong>, bu \u00e7al\u0131\u015fma ile \u201c\u00e7\u00f6p\u00fcn do\u011faya verdi\u011fi zarar\u0131 g\u00f6r\u00fcn\u00fcr k\u0131lmay\u0131, \u00e7\u00f6p\u00fcn orman yang\u0131nlar\u0131ndaki rol\u00fcn\u00fc hat\u0131rlatmay\u0131, toplumsal davran\u0131\u015f bi\u00e7imlerinde kal\u0131c\u0131 bir de\u011fi\u015fim yaratmay\u0131\u201d hedeflediklerini belirtti. \u00c7aml\u0131k Meydan\u0131\u2019ndan hep beraber yola \u00e7\u0131kan g\u00f6n\u00fcll\u00fcler, yar\u0131m saat i\u00e7inde bir r\u00f6mork \u00e7\u00f6p toplad\u0131.<\/p>\n<h3><strong>BU GELECEKTEK\u0130 AFETLER\u0130N \u00d6N\u00dcNE GE\u00c7ME \u0130RADEM\u0130ZD\u0130R<\/strong><\/h3>\n<p>\u201cBug\u00fcnk\u00fc Do\u011faya Sayg\u0131 Duy, \u00c7\u00f6pe Sahip \u00c7\u0131k\u2019 ad\u0131m\u0131m\u0131z asl\u0131nda; \u201csak\u0131n atma vatan\u0131n\u0131 koru!\u201d, \u201csak\u0131n atma vatan\u0131n\u0131 yakma\u201d, \u00a0\u201csak\u0131n atma \u00e7evreni \u00f6ld\u00fcrme\u201d, \u201cya\u015fat vatan\u0131\u201d projesidir\u201d diyen \u00d6zt\u00fcrk s\u00f6zlerine \u015f\u00f6yle devam etti: <em>\u201cBug\u00fcne kadar toplumun duyarl\u0131\u011f\u0131n\u0131 kazanmaya \u00e7al\u0131\u015ft\u0131\u011f\u0131m\u0131z, ulusal ve uluslararas\u0131 alanda b\u00fcy\u00fck ses getiren 25 milyon insana de\u011fen projeler ger\u00e7ekle\u015ftirdik. Temiz Tuvalet kampanyas\u0131yla 2000 y\u0131l\u0131nda ba\u015flad\u0131\u011f\u0131m\u0131z bu yolda her projemizde ciddi bir de\u011fi\u015fimle fark yaratt\u0131k. \u0130nsanlar\u0131m\u0131z\u0131n bilin\u00e7 d\u00fczeyini art\u0131rmaya bilin\u00e7li bir toplum yaratmaya \u00e7al\u0131\u015ft\u0131k. Ama g\u00f6rd\u00fck ki 2004 y\u0131l\u0131nda Ye\u015fil Yol projesiyle yola \u00e7\u0131kt\u0131\u011f\u0131m\u0131zda Avrupa&#8217;da bir ki\u015fiye 20 m2 ye\u015fil alan d\u00fc\u015ferken bizde 20 ki\u015fiye 1 m2 ye\u015fil alan d\u00fc\u015f\u00fcyordu. 2004 y\u0131l\u0131ndan bu yana olan orman yang\u0131nlar\u0131n\u0131 d\u00fc\u015f\u00fcn\u00fcn, yang\u0131nlar\u0131n y\u00fczde 90\u2019\u0131n\u0131n insan kaynakl\u0131 oldu\u011funu d\u00fc\u015f\u00fcn\u00fcn. \u00a0Dolay\u0131s\u0131yla bug\u00fcn her g\u00fcn ormanlar\u0131m\u0131z yan\u0131yorsa ve her g\u00fcn giderek bo\u011faz\u0131m\u0131za sar\u0131lan urgan daral\u0131yorsa bunun sorumlusu bizleriz, toplum olarak bizleriz, insanlar\u0131m\u0131z olarak bizleriz. Bu kampanyam\u0131z bir bilin\u00e7lendirme ve toplumda duyarl\u0131k yaratma projesi, ne kadar ki\u015fiyi inand\u0131rabilirsek ve bize katabilirsek o kadar mutlu olaca\u011f\u0131z. Bir ki\u015finin dahi yang\u0131n \u00e7\u0131karan o kibriti atmamas\u0131na, o sigaray\u0131, izmaritini atmamas\u0131na neden olabilirsek bug\u00fcn g\u00f6revimizi yapm\u0131\u015f olaca\u011f\u0131z. Bug\u00fcn Bodrum&#8217;da ba\u015flatt\u0131\u011f\u0131m\u0131z bu hareket, sadece bir temizlik eylemi de\u011fil; gelecekteki afetlerin \u00f6n\u00fcne ge\u00e7me irademizdir. Bu iradeyle, son yang\u0131nlarda yitirdi\u011fimiz umutlar\u0131 \u00c7anakkale, \u00a0\u0130zmir ve Bursa&#8217;da yeniden ye\u015fertecek, rehabilitasyon, a\u011fa\u00e7land\u0131rma ve yang\u0131n riski y\u00fcksek b\u00f6lgelerde yapaca\u011f\u0131m\u0131z \u00f6rt\u00fc temizli\u011fiyle ormanlar\u0131m\u0131z\u0131, yani vatan\u0131m\u0131z\u0131 koruma alt\u0131na alaca\u011f\u0131z. Ba\u015fta yerel y\u00f6netimler olmak \u00fczere ilgili t\u00fcm kurumlarla ve sivil toplum kurulu\u015flar\u0131 ile i\u015f birli\u011fi yaparak s\u00fcrd\u00fcr\u00fclebilir bir d\u00fcnya i\u00e7in \u00e7evreyi korumay\u0131 \u00f6nceliklendiriyoruz. Bu hareketi organik bir seferberli\u011fe d\u00f6n\u00fc\u015ft\u00fcrmeyi ama\u00e7l\u0131yoruz.\u201d\u00a0<\/em>dedi.<\/p>\n<p>Opet Y\u00f6netim Kurulu Kurucu Ba\u015fkan\u0131 Fikret \u00d6zt\u00fcrk ise; Say\u0131n Kaymakam\u0131m\u0131z, Belediye Ba\u015fkan\u0131 Yard\u0131mc\u0131m\u0131z ve \u00a0b\u00fct\u00fcn dostlara te\u015fekk\u00fcr ediyoruz. Di\u011fer projelerimizde oldu\u011fu gibi t\u00fcm y\u00f6netim ve \u00e7al\u0131\u015fanlar\u0131m\u0131z ile birlikte bu projeyi ger\u00e7ekle\u015ftirmekten mutluluk duyuyoruz. T\u00fcm yurtta etkili olmas\u0131n\u0131 diliyor,takip\u00e7isi olmaktan gurur ve mutluluk duyuyoruz, Bug\u00fcn bu etkinlikte yaln\u0131z b\u0131rakmayan t\u00fcm do\u011fa dostlar\u0131m\u0131zla, hepimize, vatan\u0131m\u0131za hay\u0131rl\u0131 olsun, yolumuz a\u00e7\u0131k olsun. dedi<\/p>\n<h3><strong>DO\u011eAYA SAYGI DUYMALI, YA\u015eAM \u0130\u00c7\u0130N \u00c7\u00d6PE SAH\u0130P \u00c7IKMALIYIZ<\/strong><\/h3>\n<p>\u00c7aml\u0131k Mevkii\u2019deki \u00e7\u00f6p toplama etkinli\u011fine kat\u0131lan Bodrum Kaymakaml\u0131\u011f\u0131na da vekalet eden\u00a0<strong><em>Milas Kaymakam\u0131\u00a0Mustafa \u00dcnver B\u00f6ke<\/em><\/strong>\u00a0burada yapt\u0131\u011f\u0131 konu\u015fmada, bu \u00f6zel g\u00fcnde OPET\u2019li g\u00f6n\u00fcll\u00fcler ve b\u00f6lge halk\u0131yla bir arada olmaktan duydu\u011fu memnuniyeti dile getirerek, <em>\u201cK\u0131ymetli OPET Ailesi ile \u00e7ok \u00f6nemli toplumsal problemlerimizden birini birlikte bertaraf etmek \u00fczere toplanman\u0131n mutlulu\u011funu ya\u015f\u0131yoruz. \u015eu an 2025 y\u0131l\u0131nday\u0131z, 200 y\u0131l sonra, 2225 y\u0131l\u0131nda burada bulunan hi\u00e7 kimse hayatta kalmayacak; ancak yolda gelirken g\u00f6rd\u00fc\u011f\u00fcm\u00fcz bir\u00e7ok at\u0131k maalesef do\u011fay\u0131 tahrip etmeye devam edecek. Hepimiz \u00fclkesini seven vatanda\u015flar olarak daha hassas davranmal\u0131y\u0131z ve hep beraber Do\u011faya Sayg\u0131 duymal\u0131 ve ya\u015fam i\u00e7in \u00e7\u00f6pe sahip \u00e7\u0131kmal\u0131y\u0131z. OPET\u2019 in milyonlarca insana dokunan \u00e7ok anlaml\u0131 ve bence en \u00f6nemli projelerinden birini daha hayata ge\u00e7irmenin mutlulu\u011funu ya\u015f\u0131yoruz. Toplumda fark yaratacak bu anlaml\u0131 projenin bir par\u00e7as\u0131 olmaktan b\u00fcy\u00fck memnuniyet duydum. Bu ve bundan sonra yap\u0131lacak t\u00fcm \u00e7al\u0131\u015fmalarda ba\u015far\u0131lar diliyorum\u201d<\/em> dedi.<\/p>\n<h3><strong>ASLOLAN K\u0130RLETMEMEK<\/strong><\/h3>\n<p><strong><em>Bodrum Belediye Ba\u015fkan Yard\u0131mc\u0131s\u0131 Kanat \u00d6zsert<\/em><\/strong>\u00a0da, <em>\u201cBu harika Bodrum sabah\u0131nda herkesi sayg\u0131yla selaml\u0131yorum. Bodrum Belediyesi olarak, g\u00fczel ve temiz bir Bodrum yaratmak i\u00e7in \u00e7al\u0131\u015f\u0131yoruz. Ancak ne yaz\u0131k ki \u00e7\u00f6plerle yaln\u0131zca temizlik yaparak ba\u015fa \u00e7\u0131kmak m\u00fcmk\u00fcn de\u011fil. Aslolan kirletmemektir. Bu bilinci geli\u015ftirmek ve fark\u0131ndal\u0131\u011f\u0131 \u00fclke \u00e7ap\u0131nda yaymak amac\u0131yla OPET taraf\u0131ndan Do\u011faya Sayg\u0131 Projesi kapsam\u0131nda ba\u015flat\u0131lan \u00c7\u00f6pe Sahip \u00c7\u0131k hareketini \u00e7ok anlaml\u0131 buluyor ve destekliyoruz\u201d<\/em> ifadelerini kulland\u0131.<\/p>\n<p>Etkinli\u011fin yap\u0131ld\u0131\u011f\u0131\u00a0<strong><em>\u00c7aml\u0131k K\u00f6y\u00fc\u2019n\u00fcn Muhtar\u0131 Mehmet Karaman<\/em><\/strong>\u00a0ise, her g\u00fcn kendisi ve zaman zaman k\u00f6y halk\u0131 ile ger\u00e7ekle\u015ftirdi\u011fi \u00e7\u00f6p toplama eylemleriyle \u00c7aml\u0131k K\u00f6y\u00fc ve \u00e7evresini tertemiz hale getirdiklerini belirtti. Kahraman, <em>\u201cOPET daha \u00f6nce\u00a0Temiz Tuvalet Projesi\u00a0ile nas\u0131l fark yaratt\u0131ysa inan\u0131yorum ki bu Do\u011faya Sayg\u0131 Projesi kapsam\u0131nda \u201c\u00c7\u00f6pe Sahip \u00c7\u0131kal\u0131m\u201d diyerek hep birlikte t\u00fcm T\u00fcrkiye\u2019yi temizleyecek ve kirletmeyece\u011fiz. Bu fark\u0131ndal\u0131\u011f\u0131 k\u00f6y\u00fcm\u00fczden ba\u015flatt\u0131\u011f\u0131n\u0131z i\u00e7in de ayr\u0131ca te\u015fekk\u00fcr ediyorum\u201d<\/em> dedi.<\/p>\n<h3><strong>YEN\u0130 ORMANLAR OLU\u015eTURULACAK<\/strong><\/h3>\n<p>Bu arada etkinlikte yapt\u0131\u011f\u0131 konu\u015fmada rehabilitasyon ve \u00e7\u00f6p toplama seferberli\u011finin ard\u0131ndan, bu y\u0131lki orman yang\u0131nlar\u0131ndan b\u00fcy\u00fck zarar g\u00f6ren \u00c7anakkale, \u0130zmir ve Bursa\u2019da \u2018ya\u015fam i\u00e7in yeni iyile\u015ftirme \u00e7al\u0131\u015fmalar\u0131 yapacaklar\u0131n\u0131 da belirten\u00a0<strong><em>Nurten \u00d6zt\u00fcrk<\/em><\/strong>, \u201c\u0130zmir ve Bursa\u2019da ya\u015fanan b\u00fcy\u00fck orman yang\u0131nlar\u0131 t\u00fcm \u00fclkemizi derinden yaralad\u0131. Biz de OPET olarak, bu ac\u0131y\u0131 payla\u015farak, yang\u0131nlardan zarar g\u00f6ren ormanlar\u0131m\u0131z\u0131 yeniden ye\u015fertmek ve gelece\u011fe umutla bakmak i\u00e7in Ekim 2025\u2019te \u0130zmir ve Bursa\u2019da OPET Ormanlar\u0131 yarataca\u011f\u0131z, kapsaml\u0131 bir a\u011fa\u00e7 dikme faaliyeti ger\u00e7ekle\u015ftirece\u011fiz. \u00c7anakkale OPET i\u00e7in \u00e7ok \u00f6nemli bir b\u00f6lge, Tarihe Sayg\u0131 Projemizin kalbi. Orada da sadece do\u011faya de\u011fil, insanlara da umut ve ya\u015fama sevincini yeniden kazand\u0131rmay\u0131 ama\u00e7l\u0131yoruz\u201d ifadesini kulland\u0131.<\/p>\n<h3><strong>KURU OTLAR YANGINLARA NEDEN OLAN B\u00dcY\u00dcK B\u0130R SORUN<\/strong><\/h3>\n<p>Projenin bir di\u011fer ad\u0131m\u0131n\u0131n da\u00a0<strong><em>Haziran 2026\u2019da<\/em><\/strong>\u00a0devreye girece\u011fini kaydeden \u00d6zt\u00fcrk, yang\u0131n riski y\u00fcksek b\u00f6lgelerde\u00a0<em>\u201ckuru ot ve \u00f6rt\u00fc temizli\u011fi\u201d\u00a0yap\u0131laca\u011f\u0131n\u0131, b\u00f6ylece hem do\u011fal ya\u015fam alanlar\u0131n\u0131n g\u00fcvenli\u011fi art\u0131r\u0131l\u0131rken hem de yang\u0131n risklerinin en aza indirilmesi i\u00e7in toplumsal bir bilin\u00e7 olu\u015fturulmas\u0131na katk\u0131 sunmay\u0131 hedeflediklerini s\u00f6yledi. \u00d6zt\u00fcrk, \u201cYang\u0131n riski y\u00fcksek b\u00f6lgelerde ger\u00e7ekle\u015ftirece\u011fimiz bu hassas m\u00fcdahale, do\u011fal ya\u015fam alanlar\u0131n\u0131n korunmas\u0131 ve yang\u0131nlar\u0131n \u00f6nlenmesi ad\u0131na kritik bir ad\u0131m olacak. Kuru otlar\u0131n ve yan\u0131c\u0131 \u00f6rt\u00fclerin d\u00fczenli temizli\u011fi sayesinde, sadece do\u011fan\u0131n direncini art\u0131rmakla kalmayacak, ayn\u0131 zamanda halk\u0131m\u0131z\u0131n g\u00fcvenli\u011fini de g\u00fc\u00e7lendirece\u011fiz. Bu \u00e7al\u0131\u015fmalar\u0131n \u00f6tesinde, toplumumuzda yang\u0131n riskine kar\u015f\u0131 fark\u0131ndal\u0131k ve sorumluluk bilincini art\u0131rmak, s\u00fcrd\u00fcr\u00fclebilir \u00e7evre koruma k\u00fclt\u00fcr\u00fcn\u00fc yayg\u0131nla\u015ft\u0131rmak istiyoruz. \u00c7\u00fcnk\u00fc biliyoruz ki, do\u011faya sahip \u00e7\u0131kmak, gelece\u011fe b\u0131rakabilece\u011fimiz en b\u00fcy\u00fck mirast\u0131r ve bu miras hepimizin ortak sorumlulu\u011fu\u201d<\/em> dedi.<\/p>\n<h3><strong>DO\u011eAYA SAYGI PROJES\u0130 2021 EGE ORMAN YANGINLARI SONRASINDA BA\u015eLADI<\/strong><\/h3>\n<p>OPET, \u201cBilin\u00e7li Toplum\u201d yaratma ilkesi do\u011frultusunda hayata ge\u00e7irdi\u011fi Do\u011faya Sayg\u0131 Projesi ile 2021 y\u0131l\u0131nda ya\u015fanan orman yang\u0131nlar\u0131ndan olumsuz etkilenen k\u00f6ylerde kalk\u0131nma \u00e7al\u0131\u015fmalar\u0131 ba\u015flatt\u0131. OPET\u2019in \u00d6rnek K\u00f6y Projesi\u2019nin uzant\u0131s\u0131 niteli\u011findeki \u2018Do\u011faya Sayg\u0131 Projesi kapsam\u0131nda, k\u00f6ylerin s\u00fcrd\u00fcr\u00fclebilir kalk\u0131nmas\u0131na destek olmak temel hedef olarak belirlendi.<\/p>\n<p>Do\u011faya Sayg\u0131 Projesi ile orman yang\u0131nlar\u0131ndan etkilenen Marmaris\u2019e ba\u011fl\u0131 Osmaniye ve Bay\u0131r, Milas\u2019a ba\u011fl\u0131 \u00c7\u00f6kertme, G\u00f6kbel ve Bozalan ile K\u00f6yce\u011fiz\u2019e ba\u011fl\u0131 Ormanlar\u2019da restorasyon, rehabilitasyon ve e\u011fitim \u00e7al\u0131\u015fmalar\u0131 ger\u00e7ekle\u015ftirildi. 2004\u2019ten beri orman olu\u015fturan Opet\u2019in orman vasf\u0131n\u0131 kazanm\u0131\u015f alanlar\u0131n\u0131n yan\u0131 s\u0131ra bug\u00fcn hala korumas\u0131 alt\u0131nda olan 3 orman\u0131 mevcut.<\/p>\n<p>Do\u011faya Sayg\u0131 Projesi kapsam\u0131ndaki \u00e7al\u0131\u015fmalar; OPET\u2019in koordinasyonunda Mu\u011fla Valili\u011fi, Marmaris Belediyesi, Kaymakaml\u0131k, Tar\u0131m ve Orman M\u00fcd\u00fcrl\u00fc\u011f\u00fc, Karayollar\u0131 M\u00fcd\u00fcrl\u00fc\u011f\u00fc, Do\u011fa Koruma ve Milli Park M\u00fcd\u00fcrl\u00fc\u011f\u00fc, K\u00fclt\u00fcr Turizm M\u00fcd\u00fcrl\u00fc\u011f\u00fc, \u00c7evre ve \u015eehircilik M\u00fcd\u00fcrl\u00fc\u011f\u00fc, Milli Emlak M\u00fcd\u00fcrl\u00fc\u011f\u00fc, Orman B\u00f6lge M\u00fcd\u00fcrl\u00fc\u011f\u00fc, AFAD ve M\u00fcft\u00fcl\u00fck gibi kurum ve kurulu\u015flarla i\u015f birli\u011fi ile y\u00fcr\u00fct\u00fcld\u00fc. K\u00f6ylerde yap\u0131lan \u00e7al\u0131\u015fmalarla, fiziksel de\u011fi\u015fim ve rehabilitasyon \u00e7al\u0131\u015fmalar\u0131n\u0131n yan\u0131 s\u0131ra y\u00f6re halk\u0131na y\u00f6nelik e\u011fitim programlar\u0131 d\u00fczenlenerek, ekonomik ve sosyo-k\u00fclt\u00fcrel geli\u015fime de katk\u0131 sa\u011flamak hedeflendi. Ayr\u0131ca ya\u015fanan orman yang\u0131nlar\u0131, iklim de\u011fi\u015fikli\u011fi ve di\u011fer do\u011fal afetlere ili\u015fkin fark\u0131ndal\u0131k yaratmak i\u00e7in e\u011fitim \u00e7al\u0131\u015fmalar\u0131 yap\u0131ld\u0131. OPET, son olarak projenin ad\u0131mlar\u0131n\u0131 geni\u015fleterek orman yang\u0131nlar\u0131na kar\u015f\u0131 \u00fclke \u00e7ap\u0131nda bir seferberlik hareketine ta\u015f\u0131d\u0131.<\/p>\n<p>OPET t\u00fcm T\u00fcrkiye\u2019yi seferberli\u011fe dahil olmaya, \u00e7\u00f6pe duyars\u0131z kalmamaya \u00a0davet ediyor. \u00c7\u00f6ple sava\u015f\u0131rken foto\u011fraflar\u0131n\u0131z\u0131 #ya\u015fami\u00e7in\u00e7\u00f6pesahip\u00e7\u0131k etiketiyle payla\u015fmaya \u00e7a\u011f\u0131r\u0131yor.<\/p>\n<p>Yay\u0131na Alan: Alperen ERTA\u015e-<a href=\"http:\/\/alperen.ertas@enerjigazetesi.ist\">alperen.ertas@enerjigazetesi.ist<\/a><\/p>","protected":false},"excerpt":{"rendered":"<p>Sorry, this entry is only available in Turkish. For the sake of viewer convenience, the content is shown below in the alternative language. You may click the link to switch the active language. OPET\u2019ten orman yang\u0131nlar\u0131n\u0131 \u00f6nlemeye y\u00f6nelik T\u00fcrkiye genelinde b\u00fcy\u00fck seferberlik: \u201cDo\u011faya Sayg\u0131 Duy, \u00c7\u00f6p\u00fcne Sahip \u00c7\u0131k!\u201d OPET, 2021\u2019deki Ege orman yang\u0131nlar\u0131n\u0131n ard\u0131ndan ba\u015flatt\u0131\u011f\u0131 [&hellip;]<\/p>\n","protected":false},"author":19,"featured_media":199635,"comment_status":"open","ping_status":"open","sticky":false,"template":"","format":"standard","meta":[],"categories":[53,44],"tags":[117002,117001,4479],"views":14,"_links":{"self":[{"href":"https:\/\/www.enerjigazetesi.ist\/en\/wp-json\/wp\/v2\/posts\/199591"}],"collection":[{"href":"https:\/\/www.enerjigazetesi.ist\/en\/wp-json\/wp\/v2\/posts"}],"about":[{"href":"https:\/\/www.enerjigazetesi.ist\/en\/wp-json\/wp\/v2\/types\/post"}],"author":[{"embeddable":true,"href":"https:\/\/www.enerjigazetesi.ist\/en\/wp-json\/wp\/v2\/users\/19"}],"replies":[{"embeddable":true,"href":"https:\/\/www.enerjigazetesi.ist\/en\/wp-json\/wp\/v2\/comments?post=199591"}],"version-history":[{"count":0,"href":"https:\/\/www.enerjigazetesi.ist\/en\/wp-json\/wp\/v2\/posts\/199591\/revisions"}],"wp:featuredmedia":[{"embeddable":true,"href":"https:\/\/www.enerjigazetesi.ist\/en\/wp-json\/wp\/v2\/media\/199635"}],"wp:attachment":[{"href":"https:\/\/www.enerjigazetesi.ist\/en\/wp-json\/wp\/v2\/media?parent=199591"}],"wp:term":[{"taxonomy":"category","embeddable":true,"href":"https:\/\/www.enerjigazetesi.ist\/en\/wp-json\/wp\/v2\/categories?post=199591"},{"taxonomy":"post_tag","embeddable":true,"href":"https:\/\/www.enerjigazetesi.ist\/en\/wp-json\/wp\/v2\/tags?post=199591"}],"curies":[{"name":"wp","href":"https:\/\/api.w.org\/{rel}","templated":true}]}}