{"id":199562,"date":"2025-08-14T17:46:23","date_gmt":"2025-08-14T14:46:23","guid":{"rendered":"https:\/\/www.enerjigazetesi.ist\/?p=199562"},"modified":"2025-08-14T17:46:23","modified_gmt":"2025-08-14T14:46:23","slug":"yasam-icin-cope-sahip-cik-seferberligi-baslatiliyor","status":"publish","type":"post","link":"https:\/\/www.enerjigazetesi.ist\/en\/yasam-icin-cope-sahip-cik-seferberligi-baslatiliyor\/","title":{"rendered":"(Turkish) Ya\u015fam \u0130\u00e7in \u201c\u00c7\u00f6pe Sahip \u00c7\u0131k!\u201d Seferberli\u011fi Ba\u015flat\u0131l\u0131yor"},"content":{"rendered":"<p class=\"qtranxs-available-languages-message qtranxs-available-languages-message-en\">Sorry, this entry is only available in <a href=\"https:\/\/www.enerjigazetesi.ist\/tr\/wp-json\/wp\/v2\/posts\/199562\" class=\"qtranxs-available-language-link qtranxs-available-language-link-tr\" title=\"Turkish\">Turkish<\/a>. For the sake of viewer convenience, the content is shown below in the alternative language. You may click the link to switch the active language.<\/p><p><\/p>\n<h2><strong>2021 y\u0131l\u0131nda Ege\u2019deki orman yang\u0131nlar\u0131n\u0131n ard\u0131ndan hayata ge\u00e7irdi\u011fi \u2018Do\u011faya Sayg\u0131\u2019 Projesi\u2019yle yerel iyile\u015ftirme \u00e7al\u0131\u015fmalar\u0131na \u00f6nc\u00fcl\u00fck eden OPET, do\u011fa ve \u00e7evreyi koruma vizyonunu ya\u015fam\u0131 koruma hedefi do\u011frultusunda ulusal bir harekete d\u00f6n\u00fc\u015ft\u00fcrd\u00fc. \u0130lk ad\u0131m olarak da \u00e7\u00f6p\u00fcn orman yang\u0131nlar\u0131ndaki rol\u00fcn\u00fc hat\u0131rlatmak ve do\u011faya verdi\u011fi zarar\u0131 g\u00f6r\u00fcn\u00fcr k\u0131lmak i\u00e7in 15 A\u011fustos 2025 tarihinden itibaren \u201cDo\u011faya Sayg\u0131 Duy, \u00c7\u00f6pe Sahip \u00c7\u0131k!\u201d slogan\u0131 ile T\u00fcrkiye genelinde \u201c\u00e7\u00f6p toplama seferberli\u011fi\u201d ba\u015flatan OPET, herkesi bu seferberli\u011fe dahil olmaya \u00e7a\u011f\u0131r\u0131yor.<\/strong><\/h2>\n<p><img loading=\"lazy\" class=\"aligncenter wp-image-199563\" src=\"https:\/\/www.enerjigazetesi.ist\/wp-content\/uploads\/2025\/08\/1755086962_OPET_2025__077__DOGAYA_SAYGI___COPE_SAHIP_CIK_.jpg\" alt=\"\" width=\"550\" height=\"550\" srcset=\"https:\/\/www.enerjigazetesi.ist\/wp-content\/uploads\/2025\/08\/1755086962_OPET_2025__077__DOGAYA_SAYGI___COPE_SAHIP_CIK_.jpg 480w, https:\/\/www.enerjigazetesi.ist\/wp-content\/uploads\/2025\/08\/1755086962_OPET_2025__077__DOGAYA_SAYGI___COPE_SAHIP_CIK_-300x300.jpg 300w, https:\/\/www.enerjigazetesi.ist\/wp-content\/uploads\/2025\/08\/1755086962_OPET_2025__077__DOGAYA_SAYGI___COPE_SAHIP_CIK_-150x150.jpg 150w, https:\/\/www.enerjigazetesi.ist\/wp-content\/uploads\/2025\/08\/1755086962_OPET_2025__077__DOGAYA_SAYGI___COPE_SAHIP_CIK_-400x400.jpg 400w, https:\/\/www.enerjigazetesi.ist\/wp-content\/uploads\/2025\/08\/1755086962_OPET_2025__077__DOGAYA_SAYGI___COPE_SAHIP_CIK_-50x50.jpg 50w, https:\/\/www.enerjigazetesi.ist\/wp-content\/uploads\/2025\/08\/1755086962_OPET_2025__077__DOGAYA_SAYGI___COPE_SAHIP_CIK_-100x100.jpg 100w\" sizes=\"(max-width: 550px) 100vw, 550px\" \/><\/p>\n<p>Orman yang\u0131nlar\u0131na kar\u015f\u0131 toplumsal bilinci olu\u015fturmay\u0131 hedefleyen OPET, \u201c<strong><em>Do\u011faya Sayg\u0131\u201d\u00a0<\/em><\/strong>Projesi\u2019nin kapsam\u0131n\u0131 t\u00fcm T\u00fcrkiye\u2019yi saracak bir seferberlik hareketine d\u00f6n\u00fc\u015ft\u00fcrd\u00fc.\u00a0<strong><em>OPET Y\u00f6netim Kurulu Kurucu \u00dcyesi Nurten \u00d6zt\u00fcrk<\/em><\/strong>\u2019\u00fcn \u00f6nderli\u011finde 2021 y\u0131l\u0131ndaki Ege\u2019deki orman yang\u0131nlar\u0131ndan sonra hayata ge\u00e7irilen Do\u011faya Sayg\u0131 Projesi ile Marmaris\u2019e ba\u011fl\u0131 Bay\u0131r ve Osmaniye, K\u00f6yce\u011fiz\u2019e ba\u011fl\u0131 Otmanlar, Milas\u2019a ba\u011fl\u0131 \u00c7\u00f6kertme, G\u00f6kbel ve Bozalan k\u00f6ylerinde \u201crehabilitasyon\u201d \u00e7al\u0131\u015fmalar\u0131 ger\u00e7ekle\u015ftiren ve \u00e7e\u015fitli farkl\u0131 b\u00f6lgelerde \u201cOpet Ormanlar\u0131\u201d olu\u015fturan \u015firket, do\u011fay\u0131 ve ya\u015fam\u0131 koruma vizyonunu \u201c\u00e7\u00f6p toplama, bitki \u00f6rt\u00fcs\u00fc temizleme ve a\u011fa\u00e7land\u0131rma\u201d fazlar\u0131n\u0131 da i\u00e7eren ulusal bir harekete ta\u015f\u0131yor.<\/p>\n<h3><strong>\u00c7\u00d6P\u00dcN DO\u011eAYA VERD\u0130\u011e\u0130 ZARAR G\u00d6R\u00dcN\u00dcR KILINACAK<\/strong><\/h3>\n<p>Ege\u2019deki yang\u0131nlardan etkilenen k\u00f6ylerin 2022 y\u0131l\u0131ndan beri devam eden rehabilitasyonu ile birlikte \u00a0T\u00fcrkiye genelindeki a\u011fa\u00e7land\u0131rma \u00e7al\u0131\u015fmalar\u0131yla projenin ilk ad\u0131mlar\u0131n\u0131 atan \u015firket,\u00a0<strong><em>15 A\u011fustos 2025\u00a0<\/em><\/strong>tarihinden itibaren t\u00fcm T\u00fcrkiye\u2019yi i\u00e7ine alan bir\u00a0<strong>\u201c<em>\u00c7\u00f6p Toplama Seferberli\u011fi\u201d<\/em><\/strong>\u00a0ile Do\u011faya Sayg\u0131 Projesi\u2019nin yeni faz\u0131n\u0131 ba\u015flat\u0131yor.\u00a0<strong><em>\u201cDo\u011faya Sayg\u0131 Duy, \u00c7\u00f6pe Sahip \u00c7\u0131k!\u201d<\/em><\/strong>\u00a0slogan\u0131 ile t\u00fcm \u00fclkeyi sarmas\u0131 ama\u00e7lanan seferberlik; \u00e7\u00f6p\u00fcn orman yang\u0131nlar\u0131ndaki rol\u00fcn\u00fc hat\u0131rlatmay\u0131, \u00a0\u00e7\u00f6p\u00fcn do\u011faya verdi\u011fi zarar\u0131 g\u00f6r\u00fcn\u00fcr k\u0131lmay\u0131 ve toplumsal davran\u0131\u015f bi\u00e7imlerinde kal\u0131c\u0131 bir de\u011fi\u015fim yaratarak ya\u015fam\u0131 korumay\u0131 hedefliyor.<\/p>\n<p>T\u00fcm yurtta OPET istasyonlar\u0131, bayiler, yerel y\u00f6netimler, g\u00f6n\u00fcll\u00fcler ve sivil toplum kurulu\u015flar\u0131n\u0131n kat\u0131l\u0131m\u0131yla ger\u00e7ekle\u015ftirilecek bu seferberlikte, k\u0131y\u0131lardan ormanlara, \u015fehir merkezlerinden k\u00f6ylere kadar \u00e7\u00f6p toplama etkinli\u011fi ger\u00e7ekle\u015ftirilerek \u00e7\u00f6plerin yaratabilece\u011fi tehlikelere dikkat \u00e7ekilecek. Daha sonra bitki \u00f6rt\u00fcs\u00fc temizli\u011fi ve a\u011fa\u00e7land\u0131rma faaliyetlerini kapsayan fazlar\u0131 ile devam edecek olan projede \u00e7\u00f6p toplama etkinli\u011finin her y\u0131l d\u00fczenlenerek \u201cgeleneksel bir seferberlik\u201d haline d\u00f6n\u00fc\u015ft\u00fcr\u00fclmesi de planlan\u0131yor.<\/p>\n<p>Yay\u0131na Alan: Alperen ERTA\u015e-<a href=\"http:\/\/alperen.ertas@enerjigazetesi.ist\">alperen.ertas@enerjigazetesi.ist<\/a><\/p>","protected":false},"excerpt":{"rendered":"<p>Sorry, this entry is only available in Turkish. For the sake of viewer convenience, the content is shown below in the alternative language. You may click the link to switch the active language. 2021 y\u0131l\u0131nda Ege\u2019deki orman yang\u0131nlar\u0131n\u0131n ard\u0131ndan hayata ge\u00e7irdi\u011fi \u2018Do\u011faya Sayg\u0131\u2019 Projesi\u2019yle yerel iyile\u015ftirme \u00e7al\u0131\u015fmalar\u0131na \u00f6nc\u00fcl\u00fck eden OPET, do\u011fa ve \u00e7evreyi koruma vizyonunu [&hellip;]<\/p>\n","protected":false},"author":19,"featured_media":199563,"comment_status":"open","ping_status":"open","sticky":false,"template":"","format":"standard","meta":[],"categories":[53,44],"tags":[116997,4479],"views":19,"_links":{"self":[{"href":"https:\/\/www.enerjigazetesi.ist\/en\/wp-json\/wp\/v2\/posts\/199562"}],"collection":[{"href":"https:\/\/www.enerjigazetesi.ist\/en\/wp-json\/wp\/v2\/posts"}],"about":[{"href":"https:\/\/www.enerjigazetesi.ist\/en\/wp-json\/wp\/v2\/types\/post"}],"author":[{"embeddable":true,"href":"https:\/\/www.enerjigazetesi.ist\/en\/wp-json\/wp\/v2\/users\/19"}],"replies":[{"embeddable":true,"href":"https:\/\/www.enerjigazetesi.ist\/en\/wp-json\/wp\/v2\/comments?post=199562"}],"version-history":[{"count":0,"href":"https:\/\/www.enerjigazetesi.ist\/en\/wp-json\/wp\/v2\/posts\/199562\/revisions"}],"wp:featuredmedia":[{"embeddable":true,"href":"https:\/\/www.enerjigazetesi.ist\/en\/wp-json\/wp\/v2\/media\/199563"}],"wp:attachment":[{"href":"https:\/\/www.enerjigazetesi.ist\/en\/wp-json\/wp\/v2\/media?parent=199562"}],"wp:term":[{"taxonomy":"category","embeddable":true,"href":"https:\/\/www.enerjigazetesi.ist\/en\/wp-json\/wp\/v2\/categories?post=199562"},{"taxonomy":"post_tag","embeddable":true,"href":"https:\/\/www.enerjigazetesi.ist\/en\/wp-json\/wp\/v2\/tags?post=199562"}],"curies":[{"name":"wp","href":"https:\/\/api.w.org\/{rel}","templated":true}]}}