{"id":199555,"date":"2025-08-14T17:17:17","date_gmt":"2025-08-14T14:17:17","guid":{"rendered":"https:\/\/www.enerjigazetesi.ist\/?p=199555"},"modified":"2025-08-14T17:17:17","modified_gmt":"2025-08-14T14:17:17","slug":"evine-kacak-elektrik-cekti-mahalleyi-tehlikeye-soktu","status":"publish","type":"post","link":"https:\/\/www.enerjigazetesi.ist\/en\/evine-kacak-elektrik-cekti-mahalleyi-tehlikeye-soktu\/","title":{"rendered":"(Turkish) Evine Ka\u00e7ak Elektrik \u00c7ekti, Mahalleyi Tehlikeye Soktu"},"content":{"rendered":"<p class=\"qtranxs-available-languages-message qtranxs-available-languages-message-en\">Sorry, this entry is only available in <a href=\"https:\/\/www.enerjigazetesi.ist\/tr\/wp-json\/wp\/v2\/posts\/199555\" class=\"qtranxs-available-language-link qtranxs-available-language-link-tr\" title=\"Turkish\">Turkish<\/a>. For the sake of viewer convenience, the content is shown below in the alternative language. You may click the link to switch the active language.<\/p><p><\/p>\n<h2><strong>Dicle Elektrik, Mardin\u2019in Nusaybin il\u00e7esinde bir apartman dairesinin balkonundan, do\u011frudan havai hatta kanca ile ba\u011flant\u0131 yap\u0131larak ka\u00e7ak elektrik kullan\u0131ld\u0131\u011f\u0131n\u0131 tespit etti. Olduk\u00e7a tehlikeli olan bu y\u00f6ntemle yap\u0131lan ka\u00e7ak kullan\u0131m\u0131n hem can g\u00fcvenli\u011fini tehdit etti\u011fi hem de mahalledeki enerji kalitesini olumsuz etkiledi\u011fi a\u00e7\u0131kland\u0131. Dicle Elektrik yetkilileri, bu t\u00fcr uygulamalar\u0131n sadece tek bir haneyi de\u011fil, t\u00fcm b\u00f6lgeyi ma\u011fdur etti\u011fini vurgulad\u0131.<\/strong><\/h2>\n<p><img loading=\"lazy\" class=\"aligncenter wp-image-199556 size-full\" src=\"https:\/\/www.enerjigazetesi.ist\/wp-content\/uploads\/2025\/08\/1755156519_BB_Mardin___de_Elektrik_Hatt__na_Kanca_Atan___ah__s_Mahalleyi_Enerjisiz_B__rakt____2.jpg\" alt=\"\" width=\"550\" height=\"355\" srcset=\"https:\/\/www.enerjigazetesi.ist\/wp-content\/uploads\/2025\/08\/1755156519_BB_Mardin___de_Elektrik_Hatt__na_Kanca_Atan___ah__s_Mahalleyi_Enerjisiz_B__rakt____2.jpg 550w, https:\/\/www.enerjigazetesi.ist\/wp-content\/uploads\/2025\/08\/1755156519_BB_Mardin___de_Elektrik_Hatt__na_Kanca_Atan___ah__s_Mahalleyi_Enerjisiz_B__rakt____2-300x194.jpg 300w, https:\/\/www.enerjigazetesi.ist\/wp-content\/uploads\/2025\/08\/1755156519_BB_Mardin___de_Elektrik_Hatt__na_Kanca_Atan___ah__s_Mahalleyi_Enerjisiz_B__rakt____2-500x323.jpg 500w, https:\/\/www.enerjigazetesi.ist\/wp-content\/uploads\/2025\/08\/1755156519_BB_Mardin___de_Elektrik_Hatt__na_Kanca_Atan___ah__s_Mahalleyi_Enerjisiz_B__rakt____2-77x50.jpg 77w\" sizes=\"(max-width: 550px) 100vw, 550px\" \/><\/p>\n<p>\u0130nsan hayat\u0131n\u0131 ve \u015febeke g\u00fcvenli\u011fini hi\u00e7e sayan y\u00f6ntemlere kar\u015f\u0131 m\u00fccadelesini s\u00fcrd\u00fcren Dicle Elektrik, Mardin\u2019in Nusaybin il\u00e7esinde yapt\u0131\u011f\u0131 saha denetimi s\u0131ras\u0131nda tehlikeli bir ka\u00e7ak elektrik kullan\u0131m\u0131n\u0131 daha ortaya \u00e7\u0131kard\u0131. Kay\u0131ps\u0131z, kesintisiz ve kay\u0131ps\u0131z enerji da\u011f\u0131t\u0131m\u0131 hedefiyle \u00e7al\u0131\u015fmalar\u0131na devam eden \u015firketin ekipleri, bir apartman dairesinin balkonundan havai hatta kanca ile ba\u011flanarak ka\u00e7ak elektrik \u00e7ekildi\u011fini belirledi. Ekiplerin detayl\u0131 kontrol\u00fc sonucunda, evdeki t\u00fcm elektronik cihazlar\u0131n ve ayd\u0131nlatmalar\u0131n ka\u00e7ak elektrikle \u00e7al\u0131\u015ft\u0131r\u0131ld\u0131\u011f\u0131 tespit edildi.<\/p>\n<h3><strong>Sadece bu ev de\u011fil, t\u00fcm mahalle etkileniyor<\/strong><\/h3>\n<p>Dicle Elektrik yetkilileri, ka\u00e7ak ba\u011flant\u0131n\u0131n bulundu\u011fu mahallede s\u0131k s\u0131k ya\u015fanan elektrik kesintilerinin bu yasa d\u0131\u015f\u0131 kullan\u0131m y\u00f6nteminden kaynakland\u0131\u011f\u0131n\u0131 a\u00e7\u0131klad\u0131. Yetkililer, \u201c\u015eebekeye usuls\u00fcz \u015fekilde yap\u0131lan bu t\u00fcr m\u00fcdahaleler, sadece ka\u00e7ak kullanan evi de\u011fil, ayn\u0131 hatta ba\u011fl\u0131 di\u011fer t\u00fcm haneleri de ma\u011fdur ediyor. Bu tarz yasa d\u0131\u015f\u0131 kullan\u0131mlar, voltaj d\u00fc\u015f\u00fckl\u00fc\u011f\u00fc, ani ar\u0131zalar ve enerji kesintilerine neden oluyor\u201d de\u011ferlendirmesinde bulundu.<\/p>\n<h3><strong>Hayati tehlike ve \u015febeke riski olu\u015fturuyor<\/strong><\/h3>\n<p>Dicle Elektrik, kanca ile yap\u0131lan bu t\u00fcr ka\u00e7ak ba\u011flant\u0131lar\u0131n can g\u00fcvenli\u011fi a\u00e7\u0131s\u0131ndan b\u00fcy\u00fck risk ta\u015f\u0131d\u0131\u011f\u0131n\u0131 da vurgulad\u0131. Yetkililer, \u201cBu y\u00f6ntemler, hem yang\u0131n hem de elektrik \u00e7arpmas\u0131 gibi ciddi tehlikeleri beraberinde getiriyor. Ayn\u0131 zamanda \u015fehir \u015febekesinin genel dengesini bozarak daha b\u00fcy\u00fck ar\u0131zalara da yol a\u00e7abiliyor\u201d a\u00e7\u0131klamas\u0131nda bulundu. Ka\u00e7ak kullan\u0131m tespit edilen abone hakk\u0131nda yasal i\u015flem ba\u015flat\u0131ld\u0131\u011f\u0131 da bildirildi.<\/p>\n<p>Yay\u0131na Alan: Alperen ERTA\u015e-<a href=\"http:\/\/alperen.ertas@enerjigazetesi.ist\">alperen.ertas@enerjigazetesi.ist<\/a><\/p>","protected":false},"excerpt":{"rendered":"<p>Sorry, this entry is only available in Turkish. For the sake of viewer convenience, the content is shown below in the alternative language. You may click the link to switch the active language. Dicle Elektrik, Mardin\u2019in Nusaybin il\u00e7esinde bir apartman dairesinin balkonundan, do\u011frudan havai hatta kanca ile ba\u011flant\u0131 yap\u0131larak ka\u00e7ak elektrik kullan\u0131ld\u0131\u011f\u0131n\u0131 tespit etti. Olduk\u00e7a [&hellip;]<\/p>\n","protected":false},"author":19,"featured_media":199556,"comment_status":"open","ping_status":"open","sticky":false,"template":"","format":"standard","meta":[],"categories":[51,53],"tags":[12240,116996],"views":7,"_links":{"self":[{"href":"https:\/\/www.enerjigazetesi.ist\/en\/wp-json\/wp\/v2\/posts\/199555"}],"collection":[{"href":"https:\/\/www.enerjigazetesi.ist\/en\/wp-json\/wp\/v2\/posts"}],"about":[{"href":"https:\/\/www.enerjigazetesi.ist\/en\/wp-json\/wp\/v2\/types\/post"}],"author":[{"embeddable":true,"href":"https:\/\/www.enerjigazetesi.ist\/en\/wp-json\/wp\/v2\/users\/19"}],"replies":[{"embeddable":true,"href":"https:\/\/www.enerjigazetesi.ist\/en\/wp-json\/wp\/v2\/comments?post=199555"}],"version-history":[{"count":0,"href":"https:\/\/www.enerjigazetesi.ist\/en\/wp-json\/wp\/v2\/posts\/199555\/revisions"}],"wp:featuredmedia":[{"embeddable":true,"href":"https:\/\/www.enerjigazetesi.ist\/en\/wp-json\/wp\/v2\/media\/199556"}],"wp:attachment":[{"href":"https:\/\/www.enerjigazetesi.ist\/en\/wp-json\/wp\/v2\/media?parent=199555"}],"wp:term":[{"taxonomy":"category","embeddable":true,"href":"https:\/\/www.enerjigazetesi.ist\/en\/wp-json\/wp\/v2\/categories?post=199555"},{"taxonomy":"post_tag","embeddable":true,"href":"https:\/\/www.enerjigazetesi.ist\/en\/wp-json\/wp\/v2\/tags?post=199555"}],"curies":[{"name":"wp","href":"https:\/\/api.w.org\/{rel}","templated":true}]}}