{"id":199551,"date":"2025-08-14T17:12:32","date_gmt":"2025-08-14T14:12:32","guid":{"rendered":"https:\/\/www.enerjigazetesi.ist\/?p=199551"},"modified":"2025-08-14T17:12:32","modified_gmt":"2025-08-14T14:12:32","slug":"oedasin-enerji-dolu-fikirler-yarismasi-basvurulari-acildi","status":"publish","type":"post","link":"https:\/\/www.enerjigazetesi.ist\/en\/oedasin-enerji-dolu-fikirler-yarismasi-basvurulari-acildi\/","title":{"rendered":"(Turkish) OEDA\u015e\u2019\u0131n &#8216;Enerji Dolu Fikirler Yar\u0131\u015fmas\u0131&#8217; Ba\u015fvurular\u0131 A\u00e7\u0131ld\u0131"},"content":{"rendered":"<p class=\"qtranxs-available-languages-message qtranxs-available-languages-message-en\">Sorry, this entry is only available in <a href=\"https:\/\/www.enerjigazetesi.ist\/tr\/wp-json\/wp\/v2\/posts\/199551\" class=\"qtranxs-available-language-link qtranxs-available-language-link-tr\" title=\"Turkish\">Turkish<\/a>. For the sake of viewer convenience, the content is shown below in the alternative language. You may click the link to switch the active language.<\/p><p><\/p>\n<h2><strong>Elektrik da\u011f\u0131t\u0131m \u015firketi OEDA\u015e\u2019\u0131n Ar-Ge departman\u0131 taraf\u0131ndan, enerji sekt\u00f6r\u00fcnde yenilik\u00e7i fikirlerin ortaya \u00e7\u0131kmas\u0131na katk\u0131 sa\u011flamak amac\u0131yla ilki ge\u00e7en y\u0131l kurum i\u00e7inde d\u00fczenlenen Enerji Dolu Fikirler yar\u0131\u015fmas\u0131 bu y\u0131l kurum d\u0131\u015f\u0131na da a\u00e7\u0131ld\u0131. Yar\u0131\u015fmaya; enerji, \u00e7evre teknolojileri, s\u00fcrd\u00fcr\u00fclebilirlik ve dijital d\u00f6n\u00fc\u015f\u00fcm alanlar\u0131nda bir fikri veya giri\u015fimi olan \u015fah\u0131s firmalar\u0131, \u015firketler, teknokent firmalar\u0131 ve \u00fcniversite kulu\u00e7ka giri\u015fimleri ba\u015fvurabiliyor. Bu y\u0131l, \u201cEnerji Dolu F2rler: Watt\u2019s Next\u201d ad\u0131yla d\u00fczenlenen ve son ba\u015fvuru tarihi 1 Eyl\u00fcl 2025 olan yar\u0131\u015fman\u0131n birincisi 700 bin TL, ikincisi 500 bin TL, \u00fc\u00e7\u00fcnc\u00fcs\u00fc ise 300 bin TL\u2019lik \u00f6d\u00fcl\u00fcn sahibi olacak.<\/strong><\/h2>\n<p><strong> <img loading=\"lazy\" class=\"size-full wp-image-199552 aligncenter\" src=\"https:\/\/www.enerjigazetesi.ist\/wp-content\/uploads\/2025\/08\/ertyuiuytrertyuytre.jpg\" alt=\"\" width=\"550\" height=\"468\" srcset=\"https:\/\/www.enerjigazetesi.ist\/wp-content\/uploads\/2025\/08\/ertyuiuytrertyuytre.jpg 550w, https:\/\/www.enerjigazetesi.ist\/wp-content\/uploads\/2025\/08\/ertyuiuytrertyuytre-300x255.jpg 300w, https:\/\/www.enerjigazetesi.ist\/wp-content\/uploads\/2025\/08\/ertyuiuytrertyuytre-470x400.jpg 470w, https:\/\/www.enerjigazetesi.ist\/wp-content\/uploads\/2025\/08\/ertyuiuytrertyuytre-59x50.jpg 59w, https:\/\/www.enerjigazetesi.ist\/wp-content\/uploads\/2025\/08\/ertyuiuytrertyuytre-500x425.jpg 500w\" sizes=\"(max-width: 550px) 100vw, 550px\" \/><\/strong><\/p>\n<p>Elektrik da\u011f\u0131t\u0131m\u0131 ba\u015fta olmak \u00fczere enerji sekt\u00f6r\u00fcne do\u011frudan katk\u0131 sa\u011flayacak teknolojik, \u00e7evresel ve operasyonel \u00e7\u00f6z\u00fcmleri oda\u011f\u0131na alan <strong>Osmangazi Elektrik Da\u011f\u0131t\u0131m A\u015e\u2019nin (OEDA\u015e) Ar-Ge departman\u0131, <\/strong>bu yakla\u015f\u0131mla ge\u00e7ti\u011fimiz y\u0131l kurum \u00e7al\u0131\u015fanlar\u0131n\u0131n kat\u0131ld\u0131\u011f\u0131 <strong>Enerji Dolu Fikirler <\/strong>adl\u0131 bir yar\u0131\u015fma d\u00fczenlemi\u015fti. Bu y\u0131l yar\u0131\u015fman\u0131n kapsam\u0131 geni\u015fletilerek kurum d\u0131\u015f\u0131na ta\u015f\u0131nd\u0131. <strong>\u201cEnerji Dolu F2rler: Watt\u2019s Next\u201d<\/strong> ad\u0131yla d\u00fczenlenecek yar\u0131\u015fmaya enerji, \u00e7evre teknolojileri, s\u00fcrd\u00fcr\u00fclebilirlik ve dijital d\u00f6n\u00fc\u015f\u00fcm alanlar\u0131nda bir fikri veya giri\u015fimi olan \u015fah\u0131s firmalar\u0131, \u015firketler, teknokent firmalar\u0131 ile \u00fcniversite kulu\u00e7ka giri\u015fimleri ba\u015fvurabilecek.<\/p>\n<div id=\"attachment_199553\" style=\"width: 560px\" class=\"wp-caption aligncenter\"><img aria-describedby=\"caption-attachment-199553\" loading=\"lazy\" class=\"wp-image-199553 size-full\" src=\"https:\/\/www.enerjigazetesi.ist\/wp-content\/uploads\/2025\/08\/OEDAS-Ar-Ge-Grup-Muduru-Ural-Halacoglu.jpg\" alt=\"\" width=\"550\" height=\"367\" srcset=\"https:\/\/www.enerjigazetesi.ist\/wp-content\/uploads\/2025\/08\/OEDAS-Ar-Ge-Grup-Muduru-Ural-Halacoglu.jpg 550w, https:\/\/www.enerjigazetesi.ist\/wp-content\/uploads\/2025\/08\/OEDAS-Ar-Ge-Grup-Muduru-Ural-Halacoglu-300x200.jpg 300w, https:\/\/www.enerjigazetesi.ist\/wp-content\/uploads\/2025\/08\/OEDAS-Ar-Ge-Grup-Muduru-Ural-Halacoglu-500x334.jpg 500w, https:\/\/www.enerjigazetesi.ist\/wp-content\/uploads\/2025\/08\/OEDAS-Ar-Ge-Grup-Muduru-Ural-Halacoglu-75x50.jpg 75w, https:\/\/www.enerjigazetesi.ist\/wp-content\/uploads\/2025\/08\/OEDAS-Ar-Ge-Grup-Muduru-Ural-Halacoglu-450x300.jpg 450w\" sizes=\"(max-width: 550px) 100vw, 550px\" \/><p id=\"caption-attachment-199553\" class=\"wp-caption-text\">OEDA\u015e Ar-Ge Grup M\u00fcd\u00fcr\u00fc Ural Hala\u00e7o\u011flu<\/p><\/div>\n<h3><strong>Ural Hala\u00e7o\u011flu: Yenilik\u00e7i fikirler sekt\u00f6re y\u00f6n verecek<\/strong><\/h3>\n<p>Enerji sekt\u00f6r\u00fcn\u00fcn gelece\u011finin \u00e7evik, yenilik\u00e7i ve disiplinler aras\u0131 \u00e7\u00f6z\u00fcmlerle \u015fekillendi\u011fini s\u00f6yleyen <strong>OEDA\u015e Ar-Ge Grup M\u00fcd\u00fcr\u00fc Ural Hala\u00e7o\u011flu<\/strong>, <em>\u201cBiz de bu d\u00f6n\u00fc\u015f\u00fcm s\u00fcrecinde yaln\u0131zca kendi i\u00e7 kaynaklar\u0131m\u0131zla de\u011fil, farkl\u0131 uzmanl\u0131k alanlar\u0131yla i\u015f birli\u011fi i\u00e7inde yeni \u00e7\u00f6z\u00fcmler geli\u015ftirmenin ve \u00fcretmenin b\u00fcy\u00fck \u00f6nem ta\u015f\u0131d\u0131\u011f\u0131na inan\u0131yoruz. Bu nedenle ge\u00e7ti\u011fimiz y\u0131l yaln\u0131zca kurum i\u00e7i kat\u0131l\u0131ma a\u00e7\u0131k \u015fekilde d\u00fczenledi\u011fimiz yar\u0131\u015fmam\u0131z\u0131 bu y\u0131l kurum d\u0131\u015f\u0131na da ta\u015f\u0131d\u0131k. Enerji alan\u0131nda fark yarataca\u011f\u0131na ve sekt\u00f6re y\u00f6n verece\u011fine inand\u0131\u011f\u0131m\u0131z bu s\u00fcrece katk\u0131 sunacak t\u00fcm kat\u0131l\u0131mc\u0131lar\u0131 heyecanla bekliyoruz.\u201d<\/em> dedi.<\/p>\n<h3><strong>B\u00fcy\u00fck \u00f6d\u00fcl 700 bin TL<\/strong><\/h3>\n<p>Yar\u0131\u015fma bu y\u0131l kurum d\u0131\u015f\u0131 ve OEDA\u015e \u00e7al\u0131\u015fanlar\u0131n\u0131 kapsayan kurum i\u00e7i olmak \u00fczere iki ayr\u0131 kategoride d\u00fczenlenecek. Kurum d\u0131\u015f\u0131 kategorinin birincisi 700 bin TL\u2019lik \u00f6d\u00fcl\u00fcn sahibi olacakken ikincilik \u00f6d\u00fcl\u00fc 500 bin TL, \u00fc\u00e7\u00fcnc\u00fcl\u00fck \u00f6d\u00fcl\u00fc ise 300 bin TL olarak belirlendi. Kurum i\u00e7i yar\u0131\u015fman\u0131n kazananlar\u0131 ise s\u0131ras\u0131yla 100 bin, 75 bin ve 50 bin TL\u2019lik \u00f6d\u00fcl\u00fcn sahibi olacak.<\/p>\n<p>Yay\u0131na Alan: Alperen ERTA\u015e-<a href=\"http:\/\/alperen.ertas@enerjigazetesi.ist\">alperen.ertas@enerjigazetesi.ist<\/a><\/p>","protected":false},"excerpt":{"rendered":"<p>Sorry, this entry is only available in Turkish. For the sake of viewer convenience, the content is shown below in the alternative language. You may click the link to switch the active language. Elektrik da\u011f\u0131t\u0131m \u015firketi OEDA\u015e\u2019\u0131n Ar-Ge departman\u0131 taraf\u0131ndan, enerji sekt\u00f6r\u00fcnde yenilik\u00e7i fikirlerin ortaya \u00e7\u0131kmas\u0131na katk\u0131 sa\u011flamak amac\u0131yla ilki ge\u00e7en y\u0131l kurum i\u00e7inde d\u00fczenlenen [&hellip;]<\/p>\n","protected":false},"author":19,"featured_media":199552,"comment_status":"open","ping_status":"open","sticky":false,"template":"","format":"standard","meta":[],"categories":[51,53],"tags":[116995,9749],"views":14,"_links":{"self":[{"href":"https:\/\/www.enerjigazetesi.ist\/en\/wp-json\/wp\/v2\/posts\/199551"}],"collection":[{"href":"https:\/\/www.enerjigazetesi.ist\/en\/wp-json\/wp\/v2\/posts"}],"about":[{"href":"https:\/\/www.enerjigazetesi.ist\/en\/wp-json\/wp\/v2\/types\/post"}],"author":[{"embeddable":true,"href":"https:\/\/www.enerjigazetesi.ist\/en\/wp-json\/wp\/v2\/users\/19"}],"replies":[{"embeddable":true,"href":"https:\/\/www.enerjigazetesi.ist\/en\/wp-json\/wp\/v2\/comments?post=199551"}],"version-history":[{"count":0,"href":"https:\/\/www.enerjigazetesi.ist\/en\/wp-json\/wp\/v2\/posts\/199551\/revisions"}],"wp:featuredmedia":[{"embeddable":true,"href":"https:\/\/www.enerjigazetesi.ist\/en\/wp-json\/wp\/v2\/media\/199552"}],"wp:attachment":[{"href":"https:\/\/www.enerjigazetesi.ist\/en\/wp-json\/wp\/v2\/media?parent=199551"}],"wp:term":[{"taxonomy":"category","embeddable":true,"href":"https:\/\/www.enerjigazetesi.ist\/en\/wp-json\/wp\/v2\/categories?post=199551"},{"taxonomy":"post_tag","embeddable":true,"href":"https:\/\/www.enerjigazetesi.ist\/en\/wp-json\/wp\/v2\/tags?post=199551"}],"curies":[{"name":"wp","href":"https:\/\/api.w.org\/{rel}","templated":true}]}}