{"id":199541,"date":"2025-08-14T16:11:10","date_gmt":"2025-08-14T13:11:10","guid":{"rendered":"https:\/\/www.enerjigazetesi.ist\/?p=199541"},"modified":"2025-08-14T16:11:10","modified_gmt":"2025-08-14T13:11:10","slug":"eksim-enerji-koru-derneginin-gunes-santrali-kurulumunu-gerceklestirdi","status":"publish","type":"post","link":"https:\/\/www.enerjigazetesi.ist\/en\/eksim-enerji-koru-derneginin-gunes-santrali-kurulumunu-gerceklestirdi\/","title":{"rendered":"Eksim Enerji &#8216;KORU Derne\u011fi&#8217;nin G\u00fcne\u015f Santrali Kurulumunu Ger\u00e7ekle\u015ftirdi"},"content":{"rendered":"<p class=\"qtranxs-available-languages-message qtranxs-available-languages-message-en\">Sorry, this entry is only available in <a href=\"https:\/\/www.enerjigazetesi.ist\/tr\/wp-json\/wp\/v2\/posts\/199541\" class=\"qtranxs-available-language-link qtranxs-available-language-link-tr\" title=\"Turkish\">Turkish<\/a>. For the sake of viewer convenience, the content is shown below in the alternative language. You may click the link to switch the active language.<\/p><p><\/p>\n<h2><strong>T\u00fcrkiye\u2019nin ye\u015fil d\u00f6n\u00fc\u015f\u00fcm\u00fcne y\u00fczde y\u00fcz yenilenebilir enerji \u00fcretimiyle katk\u0131 sa\u011flayan Eksim Enerji, KORU Derne\u011fi\u2019nin yenilenebilir enerjiye ge\u00e7i\u015fini desteklemek amac\u0131yla g\u00fcne\u015f enerjisi sistemi (GES) kurulumunu ger\u00e7ekle\u015ftirdi. Kurulan sistemle dernek, elektrik t\u00fcketiminde y\u00fczde 80\u2019e varan tasarruf sa\u011flayarak at\u0131k y\u00f6netimi ve s\u00fcrd\u00fcr\u00fclebilirlik faaliyetlerinde \u00e7evresel etkisini g\u00fc\u00e7lendirecek.<\/strong><\/h2>\n<p><img loading=\"lazy\" class=\"size-full wp-image-199542 aligncenter\" src=\"https:\/\/www.enerjigazetesi.ist\/wp-content\/uploads\/2025\/08\/1755155536_koru_kompost_merkez.jpg\" alt=\"\" width=\"550\" height=\"412\" srcset=\"https:\/\/www.enerjigazetesi.ist\/wp-content\/uploads\/2025\/08\/1755155536_koru_kompost_merkez.jpg 550w, https:\/\/www.enerjigazetesi.ist\/wp-content\/uploads\/2025\/08\/1755155536_koru_kompost_merkez-300x225.jpg 300w, https:\/\/www.enerjigazetesi.ist\/wp-content\/uploads\/2025\/08\/1755155536_koru_kompost_merkez-500x375.jpg 500w, https:\/\/www.enerjigazetesi.ist\/wp-content\/uploads\/2025\/08\/1755155536_koru_kompost_merkez-67x50.jpg 67w\" sizes=\"(max-width: 550px) 100vw, 550px\" \/><\/p>\n<p>Eksim Enerji, s\u00fcrd\u00fcr\u00fclebilirlik hedefleri do\u011frultusunda yenilenebilir enerji ve kaynak verimlili\u011fi konusunda \u00e7al\u0131\u015fmalar\u0131n\u0131 s\u00fcrd\u00fcr\u00fcyor. Bu kapsamda \u015firket, \u00e7evre bilincinin art\u0131r\u0131lmas\u0131 ve israf\u0131n \u00f6nlenmesi y\u00f6n\u00fcnde \u00e7al\u0131\u015fmalar y\u00fcr\u00fcten KORU Derne\u011fi ile yeni bir projeyi hayata ge\u00e7irdi. Proje kapsam\u0131nda, Koru Derne\u011fi\u2019nde bulunan kompost d\u00f6n\u00fc\u015f\u00fcm tesisinin \u00e7at\u0131s\u0131n\u0131n tamam\u0131na g\u00fcne\u015f panelleri kuruldu. Buradan \u00fcretilecek yenilenebilir enerji sayesinde Dernek, kompost fabrikas\u0131n\u0131n elektrik t\u00fcketiminde %80\u2019e varan tasarruf sa\u011flayarak, at\u0131k y\u00f6netimi ve s\u00fcrd\u00fcr\u00fclebilirlik faaliyetlerinde \u00e7evresel etkisini g\u00fc\u00e7lendirecek.<\/p>\n<h3><strong>\u0130klim ve \u00c7evre Bilincini Yayg\u0131nla\u015ft\u0131rma \u00c7al\u0131\u015fmalar\u0131<\/strong><\/h3>\n<p>Eksim Enerji taraf\u0131ndan KORU Derne\u011fi\u2019ne kazand\u0131r\u0131lan g\u00fcne\u015f enerjisi sistemiyle birlikte, kompost fabrikas\u0131 ihtiyac\u0131 olan elektrik ihtiyac\u0131n\u0131n b\u00fcy\u00fck bir k\u0131sm\u0131n\u0131 kendi \u00fcretecek. Yenilenebilir enerji kullan\u0131m\u0131yla derne\u011fin \u00e7evreye duyarl\u0131 projeleri daha g\u00fc\u00e7l\u00fc bir altyap\u0131yla desteklenirken, kaynaklar\u0131n verimli kullan\u0131lmas\u0131 y\u00f6n\u00fcnde de \u00f6rnek bir model olu\u015fturuluyor. Hayata ge\u00e7irilen yeni proje, yaln\u0131zca KORU Derne\u011fi\u2019nin faaliyetlerine katk\u0131 sa\u011flamakla kalm\u0131yor; ayn\u0131 zamanda toplumda yenilenebilir enerjiye ge\u00e7i\u015fin ekonomik ve \u00e7evresel faydalar\u0131 konusunda fark\u0131ndal\u0131k yaratmay\u0131 hedefliyor.<\/p>\n<h3><strong>G\u0131da At\u0131klar\u0131 Kompostla Do\u011faya D\u00f6n\u00fcyor\u00a0<\/strong><\/h3>\n<p>Koru Derne\u011fi yak\u0131n bir zamanda kafe-f\u0131r\u0131n zinciri Asl\u0131 ile ger\u00e7ekle\u015ftirdi\u011fi i\u015f birli\u011fi anla\u015fmas\u0131yla da g\u0131da at\u0131klar\u0131n\u0131 komposta d\u00f6n\u00fc\u015ft\u00fcrmeye ba\u015fland\u0131. Asl\u0131 Ma\u011fazalar\u0131\u2019nda olu\u015fan ayda yakla\u015f\u0131k 2 ton g\u0131da at\u0131\u011f\u0131n\u0131n d\u00f6n\u00fc\u015ft\u00fcr\u00fcld\u00fc\u011f\u00fc projede, \u00fcretilen kompost sebze, meyve, s\u00fcs ve tarla bitkilerinin yeti\u015ftirilmesinde kullan\u0131l\u0131yor. Yerel y\u00f6netimlerin park ve bah\u00e7elerinde de kullan\u0131lan organik i\u00e7erikli kompost, \u015fehirlerin ye\u015fil alanlar\u0131n geli\u015fimine \u00f6nemli katk\u0131 sa\u011fl\u0131yor.<\/p>\n<p>Yay\u0131na Alan: Alperen ERTA\u015e-<a href=\"http:\/\/alperen.ertas@enerjigazetesi.ist\">alperen.ertas@enerjigazetesi.ist<\/a><\/p>","protected":false},"excerpt":{"rendered":"<p>Sorry, this entry is only available in Turkish. For the sake of viewer convenience, the content is shown below in the alternative language. You may click the link to switch the active language. T\u00fcrkiye\u2019nin ye\u015fil d\u00f6n\u00fc\u015f\u00fcm\u00fcne y\u00fczde y\u00fcz yenilenebilir enerji \u00fcretimiyle katk\u0131 sa\u011flayan Eksim Enerji, KORU Derne\u011fi\u2019nin yenilenebilir enerjiye ge\u00e7i\u015fini desteklemek amac\u0131yla g\u00fcne\u015f enerjisi sistemi [&hellip;]<\/p>\n","protected":false},"author":19,"featured_media":199542,"comment_status":"open","ping_status":"open","sticky":false,"template":"","format":"standard","meta":[],"categories":[53,49],"tags":[110431,846],"views":8,"_links":{"self":[{"href":"https:\/\/www.enerjigazetesi.ist\/en\/wp-json\/wp\/v2\/posts\/199541"}],"collection":[{"href":"https:\/\/www.enerjigazetesi.ist\/en\/wp-json\/wp\/v2\/posts"}],"about":[{"href":"https:\/\/www.enerjigazetesi.ist\/en\/wp-json\/wp\/v2\/types\/post"}],"author":[{"embeddable":true,"href":"https:\/\/www.enerjigazetesi.ist\/en\/wp-json\/wp\/v2\/users\/19"}],"replies":[{"embeddable":true,"href":"https:\/\/www.enerjigazetesi.ist\/en\/wp-json\/wp\/v2\/comments?post=199541"}],"version-history":[{"count":0,"href":"https:\/\/www.enerjigazetesi.ist\/en\/wp-json\/wp\/v2\/posts\/199541\/revisions"}],"wp:featuredmedia":[{"embeddable":true,"href":"https:\/\/www.enerjigazetesi.ist\/en\/wp-json\/wp\/v2\/media\/199542"}],"wp:attachment":[{"href":"https:\/\/www.enerjigazetesi.ist\/en\/wp-json\/wp\/v2\/media?parent=199541"}],"wp:term":[{"taxonomy":"category","embeddable":true,"href":"https:\/\/www.enerjigazetesi.ist\/en\/wp-json\/wp\/v2\/categories?post=199541"},{"taxonomy":"post_tag","embeddable":true,"href":"https:\/\/www.enerjigazetesi.ist\/en\/wp-json\/wp\/v2\/tags?post=199541"}],"curies":[{"name":"wp","href":"https:\/\/api.w.org\/{rel}","templated":true}]}}