{"id":199500,"date":"2025-08-13T15:37:04","date_gmt":"2025-08-13T12:37:04","guid":{"rendered":"https:\/\/www.enerjigazetesi.ist\/?p=199500"},"modified":"2025-08-13T15:37:55","modified_gmt":"2025-08-13T12:37:55","slug":"iklim-kanununun-is-hayatina-etkisi-nasil-olacak","status":"publish","type":"post","link":"https:\/\/www.enerjigazetesi.ist\/en\/iklim-kanununun-is-hayatina-etkisi-nasil-olacak\/","title":{"rendered":"(Turkish) \u0130klim Kanunu\u2019nun \u0130\u015f Hayat\u0131na Etkisi Nas\u0131l Olacak?"},"content":{"rendered":"<p class=\"qtranxs-available-languages-message qtranxs-available-languages-message-en\">Sorry, this entry is only available in <a href=\"https:\/\/www.enerjigazetesi.ist\/tr\/wp-json\/wp\/v2\/posts\/199500\" class=\"qtranxs-available-language-link qtranxs-available-language-link-tr\" title=\"Turkish\">Turkish<\/a>. For the sake of viewer convenience, the content is shown below in the alternative language. You may click the link to switch the active language.<\/p><p><\/p>\n<div>\n<h2 class=\"v1MsoNormal\">T\u00fcrkiye&#8217;nin 9 Temmuz 2025&#8217;te y\u00fcr\u00fcrl\u00fc\u011fe giren \u0130klim Kanunu, T\u00fcrk ticari hayat\u0131n\u0131n gelece\u011fini yeniden \u015fekillendirecek stratejik bir ad\u0131m olarak g\u00f6r\u00fcl\u00fcyor. \u0130klim kanunu, \u015firketler i\u00e7in yeni bir d\u00f6nemi ba\u015flat\u0131rken; emisyonlar\u0131 y\u00f6netme, raporlama ve azaltma y\u00fck\u00fcml\u00fcl\u00fckleri art\u0131k yasal bir zorunluluk haline geliyor. Kanun, \u00f6zellikle Avrupa Birli\u011fi&#8217;nin (AB) S\u0131n\u0131rda Karbon D\u00fczenleme Mekanizmas\u0131 (CBAM)&#8217;na uyum sa\u011flama amac\u0131 ta\u015f\u0131yarak, ihracat pazarlar\u0131ndaki rekabet g\u00fcc\u00fcn\u00fc korumay\u0131 hedefliyor. Art\u0131k \u015firketlerin s\u00fcrd\u00fcr\u00fclebilirlik odakl\u0131 i\u015f modellerini benimsemesi, k\u00fcresel ticarette var olabilmenin temel \u015fart\u0131 haline geliyor.<\/h2>\n<p><img loading=\"lazy\" class=\"aligncenter wp-image-199501\" src=\"https:\/\/www.enerjigazetesi.ist\/wp-content\/uploads\/2025\/08\/IklimKanunu1-min.jpg\" alt=\"\" width=\"550\" height=\"506\" srcset=\"https:\/\/www.enerjigazetesi.ist\/wp-content\/uploads\/2025\/08\/IklimKanunu1-min.jpg 522w, https:\/\/www.enerjigazetesi.ist\/wp-content\/uploads\/2025\/08\/IklimKanunu1-min-300x276.jpg 300w, https:\/\/www.enerjigazetesi.ist\/wp-content\/uploads\/2025\/08\/IklimKanunu1-min-435x400.jpg 435w, https:\/\/www.enerjigazetesi.ist\/wp-content\/uploads\/2025\/08\/IklimKanunu1-min-54x50.jpg 54w, https:\/\/www.enerjigazetesi.ist\/wp-content\/uploads\/2025\/08\/IklimKanunu1-min-500x460.jpg 500w\" sizes=\"(max-width: 550px) 100vw, 550px\" \/><\/p>\n<h3 class=\"v1MsoNormal\"><b>\u015eirketler i\u00e7in yeni bir d\u00f6nem ba\u015fl\u0131yor<\/b><\/h3>\n<p class=\"v1MsoNormal\">\u0130klim Kanununa ili\u015fkin de\u011ferlendirmede bulunan\u00a0<b>KYO Legal Hukuk B\u00fcrosu Ortak Avukat\u0131 Furkan \u00d6kse<\/b>, <em>&#8220;\u0130klim Kanunu \u015firketler i\u00e7in hukuki ve operasyonel anlamda yeni bir \u00e7a\u011f\u0131n kap\u0131s\u0131n\u0131 aral\u0131yor. Art\u0131k \u00e7evresel s\u00fcrd\u00fcr\u00fclebilirlik, bir kurumsal sosyal sorumluluk olmaktan \u00f6teye ge\u00e7erek yasal olarak ba\u011flay\u0131c\u0131 bir y\u00fck\u00fcml\u00fcl\u00fck haline geliyor. \u00d6zellikle Emisyon Ticaret Sistemi ve izleme, raporlama, do\u011frulama (\u0130RD) mekanizmalar\u0131, \u015firketlerin operasyonel s\u00fcre\u00e7lerini ve tedarik zincirlerini k\u00f6kten de\u011fi\u015ftirecektir. Hukuksal a\u00e7\u0131dan bak\u0131ld\u0131\u011f\u0131nda, bu d\u00fczenlemelere uyum sa\u011flayamayan \u015firketler ciddi idari para cezalar\u0131 ve itibar kayb\u0131 riskleriyle kar\u015f\u0131 kar\u015f\u0131ya kalacak. Bu nedenle, \u015firket y\u00f6netimlerinin, hukuki dan\u0131\u015fmanl\u0131k alarak riskleri \u00f6nceden belirlemesi ve uyum s\u00fcre\u00e7lerini profesyonelce y\u00f6netmesi b\u00fcy\u00fck \u00f6nem ta\u015f\u0131yor. \u0130klim Kanunu, \u015firketleri \u00e7evresel performans\u0131 finansal ba\u015far\u0131yla do\u011frudan ili\u015fkilendiren yeni bir paradigmaya zorluyor&#8221;<\/em> a\u00e7\u0131klamas\u0131nda bulundu.<\/p>\n<h3 class=\"v1MsoNormal\"><b>Ticari hayata etkileri ve getirdi\u011fi yenilikler<\/b><\/h3>\n<p class=\"v1MsoNormal\">\u0130klim Kanunu&#8217;nun en \u00f6nemli yeniliklerinden biri, Emisyon Ticaret Sistemi (ETS)&#8217;nin kurulmas\u0131d\u0131r. Bu sistem, sera gaz\u0131 emisyonlar\u0131na bir bedel bi\u00e7erek, \u015firketleri karbon sal\u0131n\u0131mlar\u0131n\u0131 azaltmaya te\u015fvik edecek. AB&#8217;ye ihracat yapan T\u00fcrk \u015firketleri i\u00e7in bu mekanizma hayati \u00f6nem ta\u015f\u0131yor. \u00c7\u00fcnk\u00fc AB, 2026&#8217;dan itibaren ithal etti\u011fi \u00fcr\u00fcnlerin \u00fcretiminden kaynaklanan karbon emisyonlar\u0131na bir vergi uygulamaya ba\u015flayacak. T\u00fcrkiye&#8217;nin kendi ETS&#8217;sini kurmas\u0131, bu vergiyi T\u00fcrk hazinesine y\u00f6nlendirerek, \u015firketlerin CBAM maliyetlerini azaltacak ve uluslararas\u0131 rekabet avantaj\u0131n\u0131 korumalar\u0131na yard\u0131mc\u0131 olacak. Kanun, bu kapsamda emisyonlar\u0131 izleme, raporlama ve do\u011frulama s\u00fcre\u00e7lerini yasal bir \u00e7er\u00e7eveye oturtarak, \u015firketlerin a\u00e7\u0131kl\u0131k ve hesap verebilirlik ilkelerine uymas\u0131n\u0131 sa\u011fl\u0131yor.<\/p>\n<h3 class=\"v1MsoNormal\"><b>\u0130\u015f g\u00fcc\u00fc \u00fczerindeki etkisi<\/b><\/h3>\n<p class=\"v1MsoNormal\">Kanun, i\u015fletmelerin finansal yap\u0131lar\u0131n\u0131 ve i\u015f g\u00fcc\u00fc piyasas\u0131n\u0131 da d\u00f6n\u00fc\u015ft\u00fcr\u00fcyor. D\u00fc\u015f\u00fck karbonlu ekonomiye ge\u00e7i\u015f s\u00fcreci, yeni becerilere ve uzmanl\u0131klara olan ihtiyac\u0131 art\u0131racak. Enerji verimlili\u011fi uzmanl\u0131\u011f\u0131, karbon ticareti dan\u0131\u015fmanl\u0131\u011f\u0131, s\u00fcrd\u00fcr\u00fclebilirlik y\u00f6neticili\u011fi ve yenilenebilir enerji teknisyenli\u011fi gibi roller, gelece\u011fin meslekleri aras\u0131nda \u00f6ne \u00e7\u0131kacak. Bu d\u00f6n\u00fc\u015f\u00fcm, mevcut \u00e7al\u0131\u015fanlar\u0131n yeniden e\u011fitim programlar\u0131 ile yetkinliklerini art\u0131rmas\u0131n\u0131 zorunlu k\u0131l\u0131yor. Sekt\u00f6rler aras\u0131 ge\u00e7i\u015fkenli\u011fin artaca\u011f\u0131 bu s\u00fcre\u00e7te, istihdam kay\u0131plar\u0131n\u0131n \u00f6n\u00fcne ge\u00e7mek i\u00e7in proaktif politikalar\u0131n uygulanmas\u0131 kritik \u00f6nem ta\u015f\u0131yor. \u0130\u015fletmelerin insan kaynaklar\u0131 stratejilerini bu yeni d\u00f6neme g\u00f6re \u015fekillendirmesi hem s\u00fcrd\u00fcr\u00fclebilir b\u00fcy\u00fcme hem de sosyal adalet a\u00e7\u0131s\u0131ndan hayati bir gereklilik olu\u015fturuyor.<\/p>\n<h3 class=\"v1MsoNormal\"><b>Karbon Piyasas\u0131 Kurulu&#8217;nun Rol\u00fc ve Ge\u00e7i\u015f S\u00fcreci<\/b><\/h3>\n<p class=\"v1MsoNormal\">Kanunla kurulan Karbon Piyasas\u0131 Kurulu, ETS&#8217;nin i\u015fleyi\u015finde merkezi bir rol oynayacak. Kurul, ulusal tahsisat plan\u0131n\u0131 onaylama, \u00fccretsiz tahsisatlar\u0131n da\u011f\u0131l\u0131m\u0131na karar verme ve ETS&#8217;nin uygulama takvimini belirleme yetkisine sahip. Ayr\u0131ca, kanun, sistemin tam olarak devreye girmesinden \u00f6nce bir pilot uygulama d\u00f6nemi \u00f6ng\u00f6r\u00fcyor. Bu ge\u00e7i\u015f s\u00fcreci, \u015firketlerin yeni d\u00fczenlemelere kademeli olarak uyum sa\u011flamas\u0131na olanak tan\u0131yacak. Bu yap\u0131, Kurul&#8217;un denetleyici ve y\u00f6nlendirici ve stratejik bir politika otoritesi olarak konumland\u0131r\u0131ld\u0131\u011f\u0131n\u0131 g\u00f6steriyor. \u015eirketler i\u00e7in bu d\u00f6nem, s\u00fcre\u00e7lerini g\u00f6zden ge\u00e7irme ve karbon y\u00f6netimi stratejilerini olu\u015fturma ad\u0131na kritik bir f\u0131rsat sunuyor.<\/p>\n<\/div>\n<div>Yay\u0131na Alan: Alperen ERTA\u015e-<a href=\"http:\/\/alperen.ertas@enerjigazetesi.ist\">alperen.ertas@enerjigazetesi.ist<\/a><\/div>\n<p><\/p>","protected":false},"excerpt":{"rendered":"<p>Sorry, this entry is only available in Turkish. For the sake of viewer convenience, the content is shown below in the alternative language. You may click the link to switch the active language. T\u00fcrkiye&#8217;nin 9 Temmuz 2025&#8217;te y\u00fcr\u00fcrl\u00fc\u011fe giren \u0130klim Kanunu, T\u00fcrk ticari hayat\u0131n\u0131n gelece\u011fini yeniden \u015fekillendirecek stratejik bir ad\u0131m olarak g\u00f6r\u00fcl\u00fcyor. \u0130klim kanunu, \u015firketler [&hellip;]<\/p>\n","protected":false},"author":19,"featured_media":199501,"comment_status":"open","ping_status":"open","sticky":false,"template":"","format":"standard","meta":[],"categories":[53,52],"tags":[116990,113810],"views":13,"_links":{"self":[{"href":"https:\/\/www.enerjigazetesi.ist\/en\/wp-json\/wp\/v2\/posts\/199500"}],"collection":[{"href":"https:\/\/www.enerjigazetesi.ist\/en\/wp-json\/wp\/v2\/posts"}],"about":[{"href":"https:\/\/www.enerjigazetesi.ist\/en\/wp-json\/wp\/v2\/types\/post"}],"author":[{"embeddable":true,"href":"https:\/\/www.enerjigazetesi.ist\/en\/wp-json\/wp\/v2\/users\/19"}],"replies":[{"embeddable":true,"href":"https:\/\/www.enerjigazetesi.ist\/en\/wp-json\/wp\/v2\/comments?post=199500"}],"version-history":[{"count":0,"href":"https:\/\/www.enerjigazetesi.ist\/en\/wp-json\/wp\/v2\/posts\/199500\/revisions"}],"wp:featuredmedia":[{"embeddable":true,"href":"https:\/\/www.enerjigazetesi.ist\/en\/wp-json\/wp\/v2\/media\/199501"}],"wp:attachment":[{"href":"https:\/\/www.enerjigazetesi.ist\/en\/wp-json\/wp\/v2\/media?parent=199500"}],"wp:term":[{"taxonomy":"category","embeddable":true,"href":"https:\/\/www.enerjigazetesi.ist\/en\/wp-json\/wp\/v2\/categories?post=199500"},{"taxonomy":"post_tag","embeddable":true,"href":"https:\/\/www.enerjigazetesi.ist\/en\/wp-json\/wp\/v2\/tags?post=199500"}],"curies":[{"name":"wp","href":"https:\/\/api.w.org\/{rel}","templated":true}]}}