{"id":199483,"date":"2025-08-13T11:57:42","date_gmt":"2025-08-13T08:57:42","guid":{"rendered":"https:\/\/www.enerjigazetesi.ist\/?p=199483"},"modified":"2025-08-13T11:57:42","modified_gmt":"2025-08-13T08:57:42","slug":"socar-turkiyeden-14-turek-ve-iv-azerbaycan-enerji-forumu-calismalarina-destek","status":"publish","type":"post","link":"https:\/\/www.enerjigazetesi.ist\/en\/socar-turkiyeden-14-turek-ve-iv-azerbaycan-enerji-forumu-calismalarina-destek\/","title":{"rendered":"(Turkish) SOCAR T\u00fcrkiye&#8217;den 14.T\u00dcREK ve IV. Azerbaycan Enerji Forumu \u00c7al\u0131\u015fmalar\u0131na Destek"},"content":{"rendered":"<p class=\"qtranxs-available-languages-message qtranxs-available-languages-message-en\">Sorry, this entry is only available in <a href=\"https:\/\/www.enerjigazetesi.ist\/tr\/wp-json\/wp\/v2\/posts\/199483\" class=\"qtranxs-available-language-link qtranxs-available-language-link-tr\" title=\"Turkish\">Turkish<\/a>. For the sake of viewer convenience, the content is shown below in the alternative language. You may click the link to switch the active language.<\/p><p><\/p>\n<h2><strong>Bu y\u0131l 4-5 Eyl\u00fcl 2025 tarihlerinde \u0130zmir\u2019de e\u015f zamanl\u0131 d\u00fczenlenecek 14.T\u00dcREK \u2013 IV.Azerbaycan Enerji Forumu \u00e7er\u00e7evesinde yap\u0131lacak g\u00f6r\u00fc\u015fmeler ve i\u015f ba\u011flant\u0131lar\u0131 global arenada ya\u015fanan son geli\u015fmeler ile birlikte daha da \u00f6nem arz ediyor. \u0130ki \u00fclke aras\u0131ndaki i\u015f ba\u011flant\u0131lar\u0131n\u0131 kuvvetlendirecek \u00fcst d\u00fczey diplomasiyi ve sekt\u00f6rel profesyonelleri tek \u00e7at\u0131da bir araya getirecek bu \u00f6nemli etkinlik i\u00e7in yo\u011fun \u00e7al\u0131\u015fmalar y\u00fcr\u00fcten T\u00dcREB, Y\u00f6netim Kurulu toplant\u0131s\u0131n\u0131 SOCAR T\u00fcrkiye Genel M\u00fcd\u00fcrl\u00fc\u011f\u00fc\u2019nde ger\u00e7ekle\u015ftirdi. \u00a0Toplant\u0131ya ev sahipli\u011fi yapan SOCAR T\u00fcrkiye CEO\u2019su Elchin Ibadov, T\u00dcREB Y\u00f6netim Kurulu Ba\u015fkan\u0131 Dr. \u0130brahim Erden ve T\u00dcREB Y\u00f6netim Kurulu \u00dcyeleri ile bir araya geldi. Yap\u0131lan g\u00f6r\u00fc\u015fmede etkinli\u011fin ulusal ve uluslararas\u0131 \u00e7al\u0131\u015fmalar\u0131 hakk\u0131nda stratejiler planland\u0131.\u00a0<\/strong><\/h2>\n<p><img loading=\"lazy\" class=\"aligncenter wp-image-199484 size-full\" src=\"https:\/\/www.enerjigazetesi.ist\/wp-content\/uploads\/2025\/08\/1754902761_SOCAR___T__REB_Y__NET__M.jpg\" alt=\"\" width=\"550\" height=\"412\" srcset=\"https:\/\/www.enerjigazetesi.ist\/wp-content\/uploads\/2025\/08\/1754902761_SOCAR___T__REB_Y__NET__M.jpg 550w, https:\/\/www.enerjigazetesi.ist\/wp-content\/uploads\/2025\/08\/1754902761_SOCAR___T__REB_Y__NET__M-300x225.jpg 300w, https:\/\/www.enerjigazetesi.ist\/wp-content\/uploads\/2025\/08\/1754902761_SOCAR___T__REB_Y__NET__M-500x375.jpg 500w, https:\/\/www.enerjigazetesi.ist\/wp-content\/uploads\/2025\/08\/1754902761_SOCAR___T__REB_Y__NET__M-67x50.jpg 67w\" sizes=\"(max-width: 550px) 100vw, 550px\" \/><\/p>\n<p><strong>SOCAR T\u00fcrkiye CEO\u2019su Elchin Ibadov<\/strong>: <em>\u201cT\u00fcrkiye\u2019nin en b\u00fcy\u00fck d\u0131\u015f yat\u0131r\u0131mc\u0131s\u0131 ve en b\u00fcy\u00fck entegre end\u00fcstri grubu SOCAR T\u00fcrkiye olarak, T\u00dcREB\u2019in Y\u00f6netim Kurulu toplant\u0131s\u0131na ev sahipli\u011fi yapmaktan memnuniyet duyuyoruz. Enerji yat\u0131r\u0131mlar\u0131m\u0131z\u0131 s\u00fcrd\u00fcr\u00fcrken. 2017 y\u0131l\u0131ndan bu yana faaliyette olan Petkim RES tesisimiz, 51 MW kurulu ve 45 MW lisansl\u0131 g\u00fcc\u00fcyle sa\u011flad\u0131\u011f\u0131 yenilenebilir enerji ile Petkim\u2019in elektrik talebinin \u00f6nemli bir k\u0131sm\u0131n\u0131 kar\u015f\u0131l\u0131yor ve karbon emisyonunun azalt\u0131lmas\u0131na do\u011frudan katk\u0131 sunuyor. Grup \u015firketimiz SOCAR Terminal, r\u00fczgar enerjisi ekipmanlar\u0131n\u0131n Avrupa\u2019ya ihracat\u0131nda stratejik bir lojistik merkez h\u00e2line geldi. R\u00fczgar enerjisi, yaln\u0131zca bir elektrik \u00fcretim kayna\u011f\u0131 de\u011fil; ayn\u0131 zamanda T\u00fcrkiye sanayisi ve ihracat\u0131 i\u00e7in stratejik bir kald\u0131ra\u00e7. \u00dclkemizin r\u00fczgar potansiyelini ekonomiye kazand\u0131rmak ve bu alandaki yat\u0131r\u0131mlar\u0131 desteklemek \u00fczere \u00f6nemli \u00e7al\u0131\u015fmalar y\u00fcr\u00fcten T\u00dcREB\u2019in bu toplant\u0131s\u0131nda al\u0131nan kararlar\u0131n, sekt\u00f6re yeni bak\u0131\u015f a\u00e7\u0131lar\u0131 kazand\u0131rmas\u0131n\u0131, i\u015f birliklerini g\u00fc\u00e7lendirmesini ve yeni f\u0131rsatlara kap\u0131 aralamas\u0131n\u0131 diliyorum.\u201d<\/em> \u015feklinde konu\u015ftu.<\/p>\n<h3><strong>3 B\u0130NDEN FAZLA SEKT\u00d6R PROFESYONEL\u0130N\u0130 T\u00dcRK\u0130YE\u2019DE B\u0130R ARAYA GET\u0130RECE\u011e\u0130Z<\/strong><\/h3>\n<p>SOCAR T\u00fcrkiye\u2019nin sekt\u00f6re ve \u00fclkemize olumlu yakla\u015f\u0131m\u0131n\u0131n \u00e7ok de\u011ferli oldu\u011funu dile getiren\u00a0<strong>T\u00dcREB Ba\u015fkan\u0131 Dr. \u0130brahim Erden:<\/strong>\u00a0<em>\u201cBug\u00fcn T\u00dcREB Y\u00f6netim Kurulu toplant\u0131m\u0131za SOCAR T\u00fcrkiye ev sahipli\u011fi yap\u0131yor. Say\u0131n Elchin Ibadov\u2019a destekleri i\u00e7in \u00e7ok te\u015fekk\u00fcr ediyoruz. \u0130zmir\u2019de 14. kez d\u00fczenleyece\u011fimiz T\u00dcREK (T\u00fcrkiye R\u00fczgar Enerjisi Kongresi ve Fuar\u0131) \u2018in IV. Azerbaycan Enerji Forumu ile e\u015f zamanl\u0131 olmas\u0131 b\u00fcy\u00fck \u00f6nem ta\u015f\u0131yor. R\u00fczgar enerjisi sekt\u00f6r\u00fcm\u00fcze iki \u00fclke aras\u0131ndaki i\u015f ba\u011flant\u0131lar\u0131n\u0131 sa\u011flama f\u0131rsat\u0131 sunmu\u015f olaca\u011f\u0131z. H\u0131zla b\u00fcy\u00fcyen r\u00fczgar enerjisi yat\u0131r\u0131mlar\u0131 ve sanayii ile Avrupa ve d\u00fcnyada r\u00fczgar enerjisi ekosisteminin \u00f6nde gelen \u00fclkeleri aras\u0131nda yer alan\u00a0T\u00fcrkiye\u2019de 3 binden fazla ulusal ve uluslararas\u0131 sekt\u00f6r profesyonelini bir araya getirece\u011fiz\u201d<\/em> dedi.<\/p>\n<p>T\u00fcrkiye\u2019nin en b\u00fcy\u00fck ve en kapsaml\u0131 r\u00fczgar enerjisi organizasyonu olan T\u00fcrkiye R\u00fczgar Enerjisi Kongresi (T\u00dcREK), 4-5 Eyl\u00fcl 2025 tarihlerinde\u00a0<strong>\u0130zmir Hyatt Regency \u0130stinyepark<\/strong>\u2019ta d\u00fczenlenecek. \u00a0T\u00dcREK kapsam\u0131nda; sekt\u00f6r isti\u015fare toplant\u0131lar\u0131, teknik geziler, teknik oturumlar, uluslararas\u0131 temaslar, sergi alan\u0131 ve standlar, tedarik\u00e7i-yat\u0131r\u0131mc\u0131 B2B g\u00f6r\u00fc\u015fmeler yer alacak. Avrupa ba\u015fta olmak \u00fczere d\u00fcnyan\u0131n r\u00fczgar alan\u0131nda \u00f6ne \u00e7\u0131kan di\u011fer b\u00f6lgelerinden de uzmanlar\u0131n, payda\u015flar\u0131n, politika yap\u0131c\u0131lar\u0131n ve akademisyenlerin kat\u0131l\u0131m\u0131yla sekt\u00f6rdeki mevcut ve gelecekteki geli\u015fmelere \u0131\u015f\u0131k tutacak.<\/p>\n<p>T\u00dcREK 2025 oturumlar\u0131, sekt\u00f6r\u00fcn \u00f6nde gelen uzmanlar\u0131 ve kanaat \u00f6nderleri taraf\u0131ndan y\u00f6netilecek. Oturumlarda; r\u00fczgar enerjisi sekt\u00f6r\u00fcndeki son teknolojik geli\u015fmeler, yat\u0131r\u0131m f\u0131rsatlar\u0131, s\u00fcrd\u00fcr\u00fclebilirlik konular\u0131 ele al\u0131nacak. R\u00fczgar enerjisi sekt\u00f6r\u00fcndeki en son teknolojik geli\u015fmeler, yenilik\u00e7i stratejiler ve gelecek projeksiyonlar\u0131 de\u011ferlendirilecek.<\/p>\n<p>Yay\u0131na Alan: Alperen ERTA\u015e-<a href=\"http:\/\/alperen.ertas@enerjigazetesi.ist\">alperen.ertas@enerjigazetesi.ist<\/a><\/p>","protected":false},"excerpt":{"rendered":"<p>Sorry, this entry is only available in Turkish. For the sake of viewer convenience, the content is shown below in the alternative language. You may click the link to switch the active language. Bu y\u0131l 4-5 Eyl\u00fcl 2025 tarihlerinde \u0130zmir\u2019de e\u015f zamanl\u0131 d\u00fczenlenecek 14.T\u00dcREK \u2013 IV.Azerbaycan Enerji Forumu \u00e7er\u00e7evesinde yap\u0131lacak g\u00f6r\u00fc\u015fmeler ve i\u015f ba\u011flant\u0131lar\u0131 global [&hellip;]<\/p>\n","protected":false},"author":19,"featured_media":199484,"comment_status":"open","ping_status":"open","sticky":false,"template":"","format":"standard","meta":[],"categories":[53,50],"tags":[116870,116989],"views":6,"_links":{"self":[{"href":"https:\/\/www.enerjigazetesi.ist\/en\/wp-json\/wp\/v2\/posts\/199483"}],"collection":[{"href":"https:\/\/www.enerjigazetesi.ist\/en\/wp-json\/wp\/v2\/posts"}],"about":[{"href":"https:\/\/www.enerjigazetesi.ist\/en\/wp-json\/wp\/v2\/types\/post"}],"author":[{"embeddable":true,"href":"https:\/\/www.enerjigazetesi.ist\/en\/wp-json\/wp\/v2\/users\/19"}],"replies":[{"embeddable":true,"href":"https:\/\/www.enerjigazetesi.ist\/en\/wp-json\/wp\/v2\/comments?post=199483"}],"version-history":[{"count":0,"href":"https:\/\/www.enerjigazetesi.ist\/en\/wp-json\/wp\/v2\/posts\/199483\/revisions"}],"wp:featuredmedia":[{"embeddable":true,"href":"https:\/\/www.enerjigazetesi.ist\/en\/wp-json\/wp\/v2\/media\/199484"}],"wp:attachment":[{"href":"https:\/\/www.enerjigazetesi.ist\/en\/wp-json\/wp\/v2\/media?parent=199483"}],"wp:term":[{"taxonomy":"category","embeddable":true,"href":"https:\/\/www.enerjigazetesi.ist\/en\/wp-json\/wp\/v2\/categories?post=199483"},{"taxonomy":"post_tag","embeddable":true,"href":"https:\/\/www.enerjigazetesi.ist\/en\/wp-json\/wp\/v2\/tags?post=199483"}],"curies":[{"name":"wp","href":"https:\/\/api.w.org\/{rel}","templated":true}]}}