{"id":199349,"date":"2025-08-07T21:56:33","date_gmt":"2025-08-07T18:56:33","guid":{"rendered":"https:\/\/www.enerjigazetesi.ist\/?p=199349"},"modified":"2025-08-07T21:56:33","modified_gmt":"2025-08-07T18:56:33","slug":"dicle-elektrikin-dagitim-bolgesinde-temmuzda-rekor-enerji-tuketim-artisi","status":"publish","type":"post","link":"https:\/\/www.enerjigazetesi.ist\/en\/dicle-elektrikin-dagitim-bolgesinde-temmuzda-rekor-enerji-tuketim-artisi\/","title":{"rendered":"(Turkish) Dicle Elektrik\u2019in Da\u011f\u0131t\u0131m B\u00f6lgesinde Temmuz&#8217;da Rekor Enerji T\u00fcketim Art\u0131\u015f\u0131"},"content":{"rendered":"<p class=\"qtranxs-available-languages-message qtranxs-available-languages-message-en\">Sorry, this entry is only available in <a href=\"https:\/\/www.enerjigazetesi.ist\/tr\/wp-json\/wp\/v2\/posts\/199349\" class=\"qtranxs-available-language-link qtranxs-available-language-link-tr\" title=\"Turkish\">Turkish<\/a>. For the sake of viewer convenience, the content is shown below in the alternative language. You may click the link to switch the active language.<\/p><p><\/p>\n<h2><strong>Dicle Elektrik da\u011f\u0131t\u0131m b\u00f6lgesinde Temmuz ay\u0131 boyunca a\u015f\u0131r\u0131 s\u0131caklar\u0131n etkisiyle elektrik t\u00fcketimi Haziran ay\u0131na g\u00f6re yakla\u015f\u0131k\u00a0 y\u00fczde 57 art\u0131\u015f g\u00f6sterdi. Temmuz ay\u0131nda g\u00fcnl\u00fck t\u00fcketimde \u015eanl\u0131urfa ilk s\u0131ray\u0131 ald\u0131. Dicle Elektrik \u015eanl\u0131urfa \u0130l M\u00fcd\u00fcr\u00fc Naci Obut, a\u015f\u0131r\u0131 s\u0131caklarla birlikte artan elektrik kullan\u0131m\u0131na tar\u0131msal sulamada kullan\u0131lan ka\u00e7ak elektrik y\u00fck\u00fcn\u00fcn de eklenmesiyle altyap\u0131da dalgalanmalar ve b\u00f6lgesel kesintiler ya\u015fand\u0131\u011f\u0131n\u0131 belirtti. Olas\u0131 kesintilere ya\u015fanm\u0131\u015f bir \u00f6rnek veren Obut, son olarak \u015eanl\u0131urfa\u2019n\u0131n Siverek il\u00e7esinde ka\u00e7ak kullan\u0131m ve a\u015f\u0131r\u0131 y\u00fcklenmeden dolay\u0131 trafolar\u0131n yand\u0131\u011f\u0131n\u0131, ekiplerin ar\u0131zaya 45 dakika i\u00e7inde m\u00fcdahale ederek merkeze yeniden enerji sa\u011flad\u0131\u011f\u0131n\u0131 s\u00f6yledi. Ayr\u0131ca Naci Obut, k\u0131rsal alanlara enerji verilmesi i\u00e7in de ekiplerin uzun s\u00fcre \u00e7al\u0131\u015fmak durumunda kald\u0131\u011f\u0131n\u0131 aktard\u0131.<\/strong><\/h2>\n<p><strong><em> <img loading=\"lazy\" class=\"aligncenter wp-image-199351 size-full\" src=\"https:\/\/www.enerjigazetesi.ist\/wp-content\/uploads\/2025\/08\/1754549883_Dicle_Elektrik_Temmuz_Rekor_Tu__ketim_BB__3.jpg\" alt=\"\" width=\"550\" height=\"328\" srcset=\"https:\/\/www.enerjigazetesi.ist\/wp-content\/uploads\/2025\/08\/1754549883_Dicle_Elektrik_Temmuz_Rekor_Tu__ketim_BB__3.jpg 550w, https:\/\/www.enerjigazetesi.ist\/wp-content\/uploads\/2025\/08\/1754549883_Dicle_Elektrik_Temmuz_Rekor_Tu__ketim_BB__3-300x179.jpg 300w, https:\/\/www.enerjigazetesi.ist\/wp-content\/uploads\/2025\/08\/1754549883_Dicle_Elektrik_Temmuz_Rekor_Tu__ketim_BB__3-500x298.jpg 500w, https:\/\/www.enerjigazetesi.ist\/wp-content\/uploads\/2025\/08\/1754549883_Dicle_Elektrik_Temmuz_Rekor_Tu__ketim_BB__3-80x48.jpg 80w\" sizes=\"(max-width: 550px) 100vw, 550px\" \/><\/em><\/strong><\/p>\n<p>Kay\u0131ps\u0131z, kesintisiz ve kaliteli enerji da\u011f\u0131t\u0131m\u0131 hedefiyle faaliyetlerini s\u00fcrd\u00fcren Dicle Elektrik, G\u00fcneydo\u011fu Anadolu B\u00f6lgesi\u2019ni etkisi alt\u0131na alan a\u015f\u0131r\u0131 s\u0131caklara kar\u015f\u0131 enerji arz\u0131n\u0131 g\u00fcvenle s\u00fcrd\u00fcr\u00fcyor. B\u00f6lgede hava s\u0131cakl\u0131klar\u0131n\u0131n yer yer 54 dereceyi buldu\u011fu Temmuz ay\u0131nda elektrik t\u00fcketimi rekor seviyelere ula\u015ft\u0131. 6 ili kapsayan Dicle Elektrik da\u011f\u0131t\u0131m b\u00f6lgesinde Haziran ay\u0131nda 1 milyon 767 bin MWh olan toplam elektrik t\u00fcketimi, Temmuz\u2019da yakla\u015f\u0131k y\u00fczde 57 oran\u0131nda art\u0131\u015fla 2 milyon 780 bin MWh\u2019ye y\u00fckseldi.<\/p>\n<div id=\"attachment_199350\" style=\"width: 560px\" class=\"wp-caption aligncenter\"><img aria-describedby=\"caption-attachment-199350\" loading=\"lazy\" class=\"wp-image-199350 size-full\" src=\"https:\/\/www.enerjigazetesi.ist\/wp-content\/uploads\/2025\/08\/1754549882_Dicle_Elektrik___anl__urfa___l_M__d__r___Naci_Obut.jpg\" alt=\"\" width=\"550\" height=\"367\" srcset=\"https:\/\/www.enerjigazetesi.ist\/wp-content\/uploads\/2025\/08\/1754549882_Dicle_Elektrik___anl__urfa___l_M__d__r___Naci_Obut.jpg 550w, https:\/\/www.enerjigazetesi.ist\/wp-content\/uploads\/2025\/08\/1754549882_Dicle_Elektrik___anl__urfa___l_M__d__r___Naci_Obut-300x200.jpg 300w, https:\/\/www.enerjigazetesi.ist\/wp-content\/uploads\/2025\/08\/1754549882_Dicle_Elektrik___anl__urfa___l_M__d__r___Naci_Obut-500x334.jpg 500w, https:\/\/www.enerjigazetesi.ist\/wp-content\/uploads\/2025\/08\/1754549882_Dicle_Elektrik___anl__urfa___l_M__d__r___Naci_Obut-75x50.jpg 75w, https:\/\/www.enerjigazetesi.ist\/wp-content\/uploads\/2025\/08\/1754549882_Dicle_Elektrik___anl__urfa___l_M__d__r___Naci_Obut-450x300.jpg 450w\" sizes=\"(max-width: 550px) 100vw, 550px\" \/><p id=\"caption-attachment-199350\" class=\"wp-caption-text\">Dicle Elektrik \u015eanl\u0131urfa \u0130l M\u00fcd\u00fcr\u00fc Naci Obut<\/p><\/div>\n<h3><strong>Ka\u00e7ak Elektrik S\u00fcrd\u00fcr\u00fclebilir Elektrik Da\u011f\u0131t\u0131m\u0131n\u0131 Tehdit ediyor<\/strong><\/h3>\n<p>\u0130l baz\u0131nda en y\u00fcksek g\u00fcnl\u00fck t\u00fcketim 31 Temmuz 2025 g\u00fcn\u00fc 45.088 MWh ile \u015eanl\u0131urfa\u2019da ger\u00e7ekle\u015fti. \u015eanl\u0131urfa\u2019y\u0131 23.444 MWh ile Diyarbak\u0131r ve 19.609 MWh ile Mardin izlerken; konuya ili\u015fkin de\u011ferlendirmelerde bulunan <strong>Dicle Elektrik \u015eanl\u0131urfa \u0130l M\u00fcd\u00fcr\u00fc Naci Obut,<\/strong> <em>\u201cA\u015f\u0131r\u0131 s\u0131caklar nedeniyle kullan\u0131ma ba\u011fl\u0131 olarak elektrik \u015febekesinde olu\u015fan yo\u011funluk, tar\u0131msal sulamada kullan\u0131lan ka\u00e7ak elektri\u011fin olu\u015fturdu\u011fu y\u00fckle birle\u015fince elektrik altyap\u0131s\u0131 zaman zaman s\u0131n\u0131rlar\u0131na dayan\u0131yor. \u00a0Bu durum hem dalgalanmalara hem de b\u00f6lgesel kesintilere yol a\u00e7abiliyor\u201d<\/em> dedi. Olas\u0131 kesintileri bir \u00f6rnekle a\u00e7\u0131klayan Obut, son olarak \u015eanl\u0131urfa\u2019n\u0131n Siverek il\u00e7esinde ka\u00e7ak kullan\u0131m ve a\u015f\u0131r\u0131 y\u00fcklenmeden dolay\u0131 trafolar\u0131n yand\u0131\u011f\u0131n\u0131, ekiplerin ar\u0131zaya 45 dakika i\u00e7inde m\u00fcdahale ederek merkeze yeniden enerji sa\u011flad\u0131\u011f\u0131n\u0131 s\u00f6yleyerek, k\u0131rsal alanlara enerji verilmesi i\u00e7in de ekiplerin uzun s\u00fcre \u00e7al\u0131\u015fmak durumunda kald\u0131\u011f\u0131n\u0131 belirtti.<\/p>\n<h3><strong>A\u015f\u0131r\u0131 y\u00fck, iletim sistemlerini bile etkiliyor<\/strong><\/h3>\n<p>Tar\u0131msal sulama trafolar\u0131 ve sulama pompalar\u0131nda kompanzasyon sistemlerinin bulunmamas\u0131n\u0131n da elektrik \u015febekesinde ciddi bir y\u00fck olu\u015fturdu\u011funu belirten Obut, <em>\u201cBu durum sadece bizim \u015febekemizi de\u011fil, zaman zaman ulusal trafo merkezlerindeki iletim sistemlerini de etkiliyor. Bu da ar\u0131zalara ve kesintilere neden olabiliyor. Da\u011f\u0131t\u0131m b\u00f6lgemizde ya\u015fanabilecek elektrik dalgalanmalar\u0131n\u0131 en aza indirmek i\u00e7in t\u00fcketicilerimizin ihtiya\u00e7 kadar elektrik kullanmalar\u0131n\u0131, elektri\u011fi israf etmeden t\u00fcketmelerini bekliyoruz. B\u00f6ylesi bir davran\u0131\u015f bi\u00e7imi sistemi rahatlatacak, olas\u0131 sorunlar\u0131 da \u00f6nleyecektir\u201d<\/em> ifadelerini kulland\u0131.<\/p>\n<p>Yay\u0131na Alan: Alperen ERTA\u015e-<a href=\"http:\/\/alperen.ertas@enerjigazetesi.ist\">alperen.ertas@enerjigazetesi.ist<\/a><\/p>","protected":false},"excerpt":{"rendered":"<p>Sorry, this entry is only available in Turkish. For the sake of viewer convenience, the content is shown below in the alternative language. You may click the link to switch the active language. Dicle Elektrik da\u011f\u0131t\u0131m b\u00f6lgesinde Temmuz ay\u0131 boyunca a\u015f\u0131r\u0131 s\u0131caklar\u0131n etkisiyle elektrik t\u00fcketimi Haziran ay\u0131na g\u00f6re yakla\u015f\u0131k\u00a0 y\u00fczde 57 art\u0131\u015f g\u00f6sterdi. Temmuz ay\u0131nda [&hellip;]<\/p>\n","protected":false},"author":19,"featured_media":199351,"comment_status":"open","ping_status":"open","sticky":false,"template":"","format":"standard","meta":[],"categories":[51,53],"tags":[12240,67],"views":5,"_links":{"self":[{"href":"https:\/\/www.enerjigazetesi.ist\/en\/wp-json\/wp\/v2\/posts\/199349"}],"collection":[{"href":"https:\/\/www.enerjigazetesi.ist\/en\/wp-json\/wp\/v2\/posts"}],"about":[{"href":"https:\/\/www.enerjigazetesi.ist\/en\/wp-json\/wp\/v2\/types\/post"}],"author":[{"embeddable":true,"href":"https:\/\/www.enerjigazetesi.ist\/en\/wp-json\/wp\/v2\/users\/19"}],"replies":[{"embeddable":true,"href":"https:\/\/www.enerjigazetesi.ist\/en\/wp-json\/wp\/v2\/comments?post=199349"}],"version-history":[{"count":0,"href":"https:\/\/www.enerjigazetesi.ist\/en\/wp-json\/wp\/v2\/posts\/199349\/revisions"}],"wp:featuredmedia":[{"embeddable":true,"href":"https:\/\/www.enerjigazetesi.ist\/en\/wp-json\/wp\/v2\/media\/199351"}],"wp:attachment":[{"href":"https:\/\/www.enerjigazetesi.ist\/en\/wp-json\/wp\/v2\/media?parent=199349"}],"wp:term":[{"taxonomy":"category","embeddable":true,"href":"https:\/\/www.enerjigazetesi.ist\/en\/wp-json\/wp\/v2\/categories?post=199349"},{"taxonomy":"post_tag","embeddable":true,"href":"https:\/\/www.enerjigazetesi.ist\/en\/wp-json\/wp\/v2\/tags?post=199349"}],"curies":[{"name":"wp","href":"https:\/\/api.w.org\/{rel}","templated":true}]}}