{"id":199324,"date":"2025-08-07T18:53:58","date_gmt":"2025-08-07T15:53:58","guid":{"rendered":"https:\/\/www.enerjigazetesi.ist\/?p=199324"},"modified":"2025-08-07T21:10:21","modified_gmt":"2025-08-07T18:10:21","slug":"jenerator-sanayisi-icin-tarihi-adim-jender-ve-meb-is-birligi","status":"publish","type":"post","link":"https:\/\/www.enerjigazetesi.ist\/en\/jenerator-sanayisi-icin-tarihi-adim-jender-ve-meb-is-birligi\/","title":{"rendered":"(Turkish) Jenerat\u00f6r Sanayisi \u0130\u00e7in Tarihi Ad\u0131m: JENDER ve MEB \u0130\u015f Birli\u011fi!"},"content":{"rendered":"<p class=\"qtranxs-available-languages-message qtranxs-available-languages-message-en\">Sorry, this entry is only available in <a href=\"https:\/\/www.enerjigazetesi.ist\/tr\/wp-json\/wp\/v2\/posts\/199324\" class=\"qtranxs-available-language-link qtranxs-available-language-link-tr\" title=\"Turkish\">Turkish<\/a>. For the sake of viewer convenience, the content is shown below in the alternative language. You may click the link to switch the active language.<\/p><p><\/p>\n<h2>T\u00fcrkiye jenerat\u00f6r ve g\u00fc\u00e7 sistemleri sanayisini temsil eden <strong>JENDER (Jenerat\u00f6r Sanayicileri ve G\u00fc\u00e7 Sistemleri Derne\u011fi)<\/strong> ile <strong>T.C. Mill\u00ee E\u011fitim Bakanl\u0131\u011f\u0131 Meslek\u00ee ve Teknik E\u011fitim Genel M\u00fcd\u00fcrl\u00fc\u011f\u00fc<\/strong>, sekt\u00f6re \u00f6zel nitelikli insan kayna\u011f\u0131 yeti\u015ftirilmesi amac\u0131yla \u00f6nemli bir i\u015f birli\u011fine imza att\u0131.<\/h2>\n<p><img loading=\"lazy\" class=\"size-full wp-image-199325 aligncenter\" src=\"https:\/\/www.enerjigazetesi.ist\/wp-content\/uploads\/2025\/08\/JENDER-PLAKET-TAKDIM.jpg\" alt=\"\" width=\"550\" height=\"266\" srcset=\"https:\/\/www.enerjigazetesi.ist\/wp-content\/uploads\/2025\/08\/JENDER-PLAKET-TAKDIM.jpg 550w, https:\/\/www.enerjigazetesi.ist\/wp-content\/uploads\/2025\/08\/JENDER-PLAKET-TAKDIM-300x145.jpg 300w, https:\/\/www.enerjigazetesi.ist\/wp-content\/uploads\/2025\/08\/JENDER-PLAKET-TAKDIM-500x242.jpg 500w, https:\/\/www.enerjigazetesi.ist\/wp-content\/uploads\/2025\/08\/JENDER-PLAKET-TAKDIM-80x39.jpg 80w\" sizes=\"(max-width: 550px) 100vw, 550px\" \/><\/p>\n<p>\u0130mzalanan <strong>Meslek\u00ee E\u011fitim \u0130\u015f Birli\u011fi Protokol\u00fc<\/strong>, elektrik-elektronik ve motorlu ara\u00e7lar teknolojisi alanlar\u0131nda faaliyet g\u00f6steren meslek liselerinde yeni nesil at\u00f6lye ve laboratuvarlar\u0131n kurulmas\u0131n\u0131, \u00f6\u011frencilerin uygulamal\u0131 e\u011fitim yoluyla sekt\u00f6rel ihtiya\u00e7lara uygun bilgi ve becerilerle yeti\u015ftirilmesini hedefliyor.<\/p>\n<h3><strong>\u0130mza T\u00f6reni<\/strong><\/h3>\n<p>Protokol, Mill\u00ee E\u011fitim Bakanl\u0131\u011f\u0131 ad\u0131na<\/p>\n<p><strong>-Genel M\u00fcd\u00fcr Vekili Sn. Salih KAYGUSUZ<\/strong>,<\/p>\n<h3>JENDER ad\u0131na ise<\/h3>\n<p><strong>-Ba\u015fkan Sn. R\u0131dvan \u00d6ZER<\/strong> taraf\u0131ndan imzaland\u0131.<\/p>\n<h3>T\u00f6rende ayr\u0131ca;<\/h3>\n<p><strong>-Daire Ba\u015fkan\u0131 Sn. Mustafa G\u00dcNAY<\/strong><\/p>\n<p><strong>-Proje Sorumlusu, Ba\u015f\u00f6\u011fretmen Sn. \u015eehnaz \u00c7\u0130V\u0130C\u0130<\/strong><\/p>\n<p><strong>JENDER Heyeti:<\/strong><\/p>\n<p>-R\u0131dvan \u00d6ZER<\/p>\n<p>-Burak BA\u015eE\u011eMEZLER \u2013 Ba\u015fkan Vekili<\/p>\n<p>-Kadir S\u00dcMERKENT \u2013 Ba\u015fkan Vekili<\/p>\n<p>-Semih G\u00d6KALP \u2013 Y\u00f6netim Kurulu \u00dcyesi<\/p>\n<p>-Faruk AKSOY \u2013 Genel Sekreter ve YK \u00dcyesi<\/p>\n<p>-Umut H\u00fcseyin \u015eENEL \u2013 E\u011fitim Komitesi Ba\u015fkan\u0131<\/p>\n<p>Protokol s\u00fcrecine destek sa\u011flad\u0131 ve kat\u0131l\u0131m g\u00f6sterdi.<\/p>\n<h3><strong>Protokol Kapsam\u0131nda At\u0131lacak Ad\u0131mlar<\/strong><\/h3>\n<p>-\u0130lk etapta <strong>5 ilde 16 meslek lisesinde<\/strong> modern at\u00f6lye ve laboratuvarlar\u0131n kurulmas\u0131<\/p>\n<p>-Yakla\u015f\u0131k <strong>80 \u00f6\u011frenciye<\/strong> i\u015fletmelerde mesleki e\u011fitim ve staj imk\u00e2n\u0131 sunulmas\u0131<\/p>\n<p>-E\u011fitim ortamlar\u0131nda <strong>i\u015f sa\u011fl\u0131\u011f\u0131 ve g\u00fcvenli\u011fi<\/strong> i\u00e7in ekipman deste\u011fi<\/p>\n<p>-\u00d6\u011fretmenlere y\u00f6nelik <strong>hizmet i\u00e7i e\u011fitimler<\/strong> ile beceri g\u00fcncelleme<\/p>\n<p><strong>-Ba\u015far\u0131l\u0131 \u00f6\u011frencilere burs deste\u011fi<\/strong><\/p>\n<p>-Teknik geziler, seminerler, fuarlar ve yar\u0131\u015fmalar ile <strong>fark\u0131ndal\u0131k art\u0131r\u0131m\u0131<\/strong><\/p>\n<p>-Mezuniyet sonras\u0131 <strong>istihdam destekleri<\/strong> ile do\u011frudan sekt\u00f6re kazand\u0131rma<\/p>\n<h3><strong>Proje kapsam\u0131ndaki \u0130ller ve Okullar<\/strong><\/h3>\n<p><strong>-Bal\u0131kesir<\/strong>: Borsa \u0130stanbul, Mimar Sinan, 100. Y\u0131l MTAL<\/p>\n<p><strong>-Eski\u015fehir<\/strong>: Turgut Reis, T\u00fcrk Telekom MTAL<\/p>\n<p><strong>-\u0130stanbul<\/strong>: Sancaktepe Ey\u00fcp Sultan, Tuzla Cezeri, K\u00e2\u015fif Kalkavan, Pendik Borsa \u0130stanbul, Nuri Demira\u011f MTAL<\/p>\n<p><strong>-Kocaeli<\/strong>: Bah\u00e7ecik, Gebze, Dar\u0131ca Aslan \u00c7imento, Deniz Y\u0131ld\u0131zlar\u0131 MTAL<\/p>\n<p><strong>-Tekirda\u011f<\/strong>: \u00c7erkezk\u00f6y Halit Narin, Velik\u00f6y MTAL<\/p>\n<p>Yay\u0131na Alan: Alperen ERTA\u015e-<a href=\"http:\/\/alperen.ertas@enerjigazetesi.ist\">alperen.ertas@enerjigazetesi.ist<\/a><\/p>","protected":false},"excerpt":{"rendered":"<p>Sorry, this entry is only available in Turkish. For the sake of viewer convenience, the content is shown below in the alternative language. You may click the link to switch the active language. T\u00fcrkiye jenerat\u00f6r ve g\u00fc\u00e7 sistemleri sanayisini temsil eden JENDER (Jenerat\u00f6r Sanayicileri ve G\u00fc\u00e7 Sistemleri Derne\u011fi) ile T.C. Mill\u00ee E\u011fitim Bakanl\u0131\u011f\u0131 Meslek\u00ee ve [&hellip;]<\/p>\n","protected":false},"author":19,"featured_media":199325,"comment_status":"open","ping_status":"open","sticky":false,"template":"","format":"standard","meta":[],"categories":[51,53],"tags":[116975,43474],"views":7,"_links":{"self":[{"href":"https:\/\/www.enerjigazetesi.ist\/en\/wp-json\/wp\/v2\/posts\/199324"}],"collection":[{"href":"https:\/\/www.enerjigazetesi.ist\/en\/wp-json\/wp\/v2\/posts"}],"about":[{"href":"https:\/\/www.enerjigazetesi.ist\/en\/wp-json\/wp\/v2\/types\/post"}],"author":[{"embeddable":true,"href":"https:\/\/www.enerjigazetesi.ist\/en\/wp-json\/wp\/v2\/users\/19"}],"replies":[{"embeddable":true,"href":"https:\/\/www.enerjigazetesi.ist\/en\/wp-json\/wp\/v2\/comments?post=199324"}],"version-history":[{"count":0,"href":"https:\/\/www.enerjigazetesi.ist\/en\/wp-json\/wp\/v2\/posts\/199324\/revisions"}],"wp:featuredmedia":[{"embeddable":true,"href":"https:\/\/www.enerjigazetesi.ist\/en\/wp-json\/wp\/v2\/media\/199325"}],"wp:attachment":[{"href":"https:\/\/www.enerjigazetesi.ist\/en\/wp-json\/wp\/v2\/media?parent=199324"}],"wp:term":[{"taxonomy":"category","embeddable":true,"href":"https:\/\/www.enerjigazetesi.ist\/en\/wp-json\/wp\/v2\/categories?post=199324"},{"taxonomy":"post_tag","embeddable":true,"href":"https:\/\/www.enerjigazetesi.ist\/en\/wp-json\/wp\/v2\/tags?post=199324"}],"curies":[{"name":"wp","href":"https:\/\/api.w.org\/{rel}","templated":true}]}}