{"id":199310,"date":"2025-08-07T18:01:13","date_gmt":"2025-08-07T15:01:13","guid":{"rendered":"https:\/\/www.enerjigazetesi.ist\/?p=199310"},"modified":"2025-08-07T18:04:26","modified_gmt":"2025-08-07T15:04:26","slug":"sepas-enerjinin-tum-ofislerinde-karbon-notr-elektrik-tuketimi-donemi","status":"publish","type":"post","link":"https:\/\/www.enerjigazetesi.ist\/en\/sepas-enerjinin-tum-ofislerinde-karbon-notr-elektrik-tuketimi-donemi\/","title":{"rendered":"(Turkish) Sepa\u015f Enerji\u2019nin T\u00fcm Ofislerinde Karbon N\u00f6tr Elektrik T\u00fcketimi D\u00f6nemi&#8230;"},"content":{"rendered":"<p class=\"qtranxs-available-languages-message qtranxs-available-languages-message-en\">Sorry, this entry is only available in <a href=\"https:\/\/www.enerjigazetesi.ist\/tr\/wp-json\/wp\/v2\/posts\/199310\" class=\"qtranxs-available-language-link qtranxs-available-language-link-tr\" title=\"Turkish\">Turkish<\/a>. For the sake of viewer convenience, the content is shown below in the alternative language. You may click the link to switch the active language.<\/p><p><\/p>\n<h2><strong>Sepa\u015f Enerji, yenilenebilir enerjiye ge\u00e7i\u015fte \u00f6nemli bir ad\u0131m atarak M\u00fc\u015fteri Hizmetleri Merkezleri ve ofislerindeki elektrik t\u00fcketimini karbon n\u00f6tr hale getirdi. Bu d\u00f6n\u00fc\u015f\u00fcm, uluslararas\u0131 ge\u00e7erlili\u011fe sahip I-REC (International Renewable Energy Certificate) sertifikas\u0131yla belgelendi. Bu giri\u015fimiyle, s\u00fcrd\u00fcr\u00fclebilirlik alan\u0131nda \u00f6nemli bir ad\u0131m atan \u015firket, \u00e7evresel etkilerini azaltmaya y\u00f6nelik kararl\u0131l\u0131\u011f\u0131n\u0131 bir kez daha ortaya koydu.<\/strong><\/h2>\n<p><img loading=\"lazy\" class=\"aligncenter wp-image-199314 size-full\" src=\"https:\/\/www.enerjigazetesi.ist\/wp-content\/uploads\/2025\/08\/1_2.jpg\" alt=\"\" width=\"550\" height=\"366\" srcset=\"https:\/\/www.enerjigazetesi.ist\/wp-content\/uploads\/2025\/08\/1_2.jpg 550w, https:\/\/www.enerjigazetesi.ist\/wp-content\/uploads\/2025\/08\/1_2-300x200.jpg 300w, https:\/\/www.enerjigazetesi.ist\/wp-content\/uploads\/2025\/08\/1_2-500x333.jpg 500w, https:\/\/www.enerjigazetesi.ist\/wp-content\/uploads\/2025\/08\/1_2-75x50.jpg 75w, https:\/\/www.enerjigazetesi.ist\/wp-content\/uploads\/2025\/08\/1_2-450x300.jpg 450w\" sizes=\"(max-width: 550px) 100vw, 550px\" \/><\/p>\n<p>Enerji sekt\u00f6r\u00fcnde s\u00fcrd\u00fcr\u00fclebilirlik vizyonu kapsam\u0131nda \u00e7evresel sorumluluklar\u0131n\u0131 \u00f6n planda tutan ve d\u00f6n\u00fc\u015f\u00fcm\u00fcn\u00fc kararl\u0131l\u0131kla s\u00fcrd\u00fcren Sepa\u015f Enerji, \u00e7evresel etkilerini azaltma hedefi do\u011frultusunda g\u00fc\u00e7l\u00fc bir ad\u0131m daha att\u0131. Bolu, D\u00fczce, Kocaeli ve Sakarya\u2019n\u0131n EPDK taraf\u0131ndan yetkilendirilen g\u00f6revli tedarik \u015firketi Sepa\u015f Enerji (Sakarya Elektrik Perakende Sat\u0131\u015f A.\u015e.); enerji verimlili\u011fi, karbon azalt\u0131m\u0131 ve iklim de\u011fi\u015fikli\u011fiyle m\u00fccadele gibi alanlarda \u00f6nemli \u00e7al\u0131\u015fmalara imza at\u0131yor. Bu kapsamda, M\u00fc\u015fteri Hizmetleri Merkezleri ve ofislerinde toplam enerji t\u00fcketimini kWh cinsinden karbon n\u00f6tr hale getiren \u015firket, uluslararas\u0131 ge\u00e7erlili\u011fe sahip olan I-REC sertifikas\u0131 ald\u0131.<\/p>\n<p><img loading=\"lazy\" class=\"aligncenter wp-image-199311 size-full\" src=\"https:\/\/www.enerjigazetesi.ist\/wp-content\/uploads\/2025\/08\/I-REC-sertifikasi.jpg\" alt=\"\" width=\"550\" height=\"309\" srcset=\"https:\/\/www.enerjigazetesi.ist\/wp-content\/uploads\/2025\/08\/I-REC-sertifikasi.jpg 550w, https:\/\/www.enerjigazetesi.ist\/wp-content\/uploads\/2025\/08\/I-REC-sertifikasi-300x169.jpg 300w, https:\/\/www.enerjigazetesi.ist\/wp-content\/uploads\/2025\/08\/I-REC-sertifikasi-500x281.jpg 500w, https:\/\/www.enerjigazetesi.ist\/wp-content\/uploads\/2025\/08\/I-REC-sertifikasi-80x45.jpg 80w\" sizes=\"(max-width: 550px) 100vw, 550px\" \/><\/p>\n<h3><strong>\u00c7evresel Etkiyi S\u0131f\u0131rlayan Uygulama<\/strong><\/h3>\n<p>Sepa\u015f Enerji, bu sertifika ile karbon sal\u0131m\u0131n\u0131 s\u0131f\u0131ra indirerek, operasyonel s\u00fcre\u00e7lerinde iklim de\u011fi\u015fikli\u011fiyle m\u00fccadeleye do\u011frudan katk\u0131 sa\u011flad\u0131. Karbon n\u00f6tr hale getirilen elektrik t\u00fcketimi sayesinde, \u015firketin s\u00fcrd\u00fcr\u00fclebilirlik vizyonu somut bir ad\u0131mla daha desteklenmi\u015f oldu.<\/p>\n<h3><strong>Kurumsal Sorumlulu\u011fun Uluslararas\u0131 Belgesi<\/strong><\/h3>\n<p>Yenilenebilir enerji kaynaklar\u0131ndan \u00fcretilen elektri\u011fin kullan\u0131m\u0131n\u0131 belgeleyen I-REC sertifikas\u0131, Sepa\u015f Enerji\u2019nin sadece ekonomik de\u011fil, \u00e7evresel ve toplumsal sorumluluklar\u0131 da g\u00f6zeten bir b\u00fct\u00fcnsel yakla\u015f\u0131ma sahip oldu\u011funu bir kez daha g\u00f6stermi\u015f oldu.<\/p>\n<p>Sepa\u015f Enerji, \u00f6n\u00fcm\u00fczdeki d\u00f6nemde de enerji verimlili\u011fi, dijitalle\u015fme, kaynak optimizasyonu ve \u00e7evresel etki azalt\u0131m\u0131 konular\u0131nda yat\u0131r\u0131mlar\u0131n\u0131 s\u00fcrd\u00fcrece\u011fini belirterek, s\u00fcrd\u00fcr\u00fclebilir i\u015f modelleriyle gelece\u011fin enerjisine y\u00f6n vermeyi hedefliyor.<\/p>\n<p>Yay\u0131na Alan: Alperen ERTA\u015e-<a href=\"http:\/\/alperen.ertas@enerjigazetesi.ist\">alperen.ertas@enerjigazetesi.ist<\/a><\/p>","protected":false},"excerpt":{"rendered":"<p>Sorry, this entry is only available in Turkish. For the sake of viewer convenience, the content is shown below in the alternative language. You may click the link to switch the active language. Sepa\u015f Enerji, yenilenebilir enerjiye ge\u00e7i\u015fte \u00f6nemli bir ad\u0131m atarak M\u00fc\u015fteri Hizmetleri Merkezleri ve ofislerindeki elektrik t\u00fcketimini karbon n\u00f6tr hale getirdi. Bu d\u00f6n\u00fc\u015f\u00fcm, [&hellip;]<\/p>\n","protected":false},"author":19,"featured_media":199314,"comment_status":"open","ping_status":"open","sticky":false,"template":"","format":"standard","meta":[],"categories":[51,53],"tags":[89161,21296],"views":18,"_links":{"self":[{"href":"https:\/\/www.enerjigazetesi.ist\/en\/wp-json\/wp\/v2\/posts\/199310"}],"collection":[{"href":"https:\/\/www.enerjigazetesi.ist\/en\/wp-json\/wp\/v2\/posts"}],"about":[{"href":"https:\/\/www.enerjigazetesi.ist\/en\/wp-json\/wp\/v2\/types\/post"}],"author":[{"embeddable":true,"href":"https:\/\/www.enerjigazetesi.ist\/en\/wp-json\/wp\/v2\/users\/19"}],"replies":[{"embeddable":true,"href":"https:\/\/www.enerjigazetesi.ist\/en\/wp-json\/wp\/v2\/comments?post=199310"}],"version-history":[{"count":0,"href":"https:\/\/www.enerjigazetesi.ist\/en\/wp-json\/wp\/v2\/posts\/199310\/revisions"}],"wp:featuredmedia":[{"embeddable":true,"href":"https:\/\/www.enerjigazetesi.ist\/en\/wp-json\/wp\/v2\/media\/199314"}],"wp:attachment":[{"href":"https:\/\/www.enerjigazetesi.ist\/en\/wp-json\/wp\/v2\/media?parent=199310"}],"wp:term":[{"taxonomy":"category","embeddable":true,"href":"https:\/\/www.enerjigazetesi.ist\/en\/wp-json\/wp\/v2\/categories?post=199310"},{"taxonomy":"post_tag","embeddable":true,"href":"https:\/\/www.enerjigazetesi.ist\/en\/wp-json\/wp\/v2\/tags?post=199310"}],"curies":[{"name":"wp","href":"https:\/\/api.w.org\/{rel}","templated":true}]}}