{"id":199281,"date":"2025-08-06T16:26:53","date_gmt":"2025-08-06T13:26:53","guid":{"rendered":"https:\/\/www.enerjigazetesi.ist\/?p=199281"},"modified":"2025-08-06T16:27:05","modified_gmt":"2025-08-06T13:27:05","slug":"yesil-ve-ekolojik-yapi-anlayisi-bir-zorunluluk","status":"publish","type":"post","link":"https:\/\/www.enerjigazetesi.ist\/en\/yesil-ve-ekolojik-yapi-anlayisi-bir-zorunluluk\/","title":{"rendered":"(Turkish) \u201cYe\u015fil ve Ekolojik Yap\u0131\u201d Anlay\u0131\u015f\u0131 Bir Zorunluluk\u2026"},"content":{"rendered":"<p class=\"qtranxs-available-languages-message qtranxs-available-languages-message-en\">Sorry, this entry is only available in <a href=\"https:\/\/www.enerjigazetesi.ist\/tr\/wp-json\/wp\/v2\/posts\/199281\" class=\"qtranxs-available-language-link qtranxs-available-language-link-tr\" title=\"Turkish\">Turkish<\/a>. For the sake of viewer convenience, the content is shown below in the alternative language. You may click the link to switch the active language.<\/p><p><\/p>\n<h2><strong>G\u00fcn\u00fcm\u00fczde plans\u0131z kentle\u015fmenin etkisiyle ortaya \u00e7\u0131kan \u00e7evresel sorunlar\u0131n \u00e7\u00f6z\u00fcm\u00fcnde \u00e7evre dostu yap\u0131 teknolojileri, s\u00fcrd\u00fcr\u00fclebilir malzeme kullan\u0131m\u0131, enerji verimlili\u011fi ve karbon ayak izinin azalt\u0131lmas\u0131 gibi hedefler \u00f6ne \u00e7\u0131k\u0131yor. \u0130stanbul Atlas \u00dcniversitesi\u2019nde bu y\u0131l ilk kez \u00f6\u011frenci alacak &#8220;Ye\u015fil ve Ekolojik Bina Teknikerli\u011fi&#8221; program\u0131, bu alanda donan\u0131ml\u0131 uzman teknik elemanlar yeti\u015ftirmeyi ama\u00e7l\u0131yor. Atlas \u00dcniversitesi Meslek Y\u00fcksekokulu M\u00fcd\u00fcr\u00fc \u00d6\u011fr. G\u00f6r. \u0130lkay Altunsoy, program\u0131n sadece teknik bir e\u011fitim sunmayaca\u011f\u0131n\u0131 belirterek \u201cAyn\u0131 zamanda \u00f6\u011frencilerimize \u00e7evreyle uyumlu ya\u015fam k\u00fclt\u00fcr\u00fc kazand\u0131rmay\u0131 hedefliyoruz. Ye\u015fil ve ekolojik yap\u0131 anlay\u0131\u015f\u0131 art\u0131k bir tercih de\u011fil, zorunluluk h\u00e2line geldi\u201d dedi.<\/strong><\/h2>\n<p><strong> <img loading=\"lazy\" class=\"aligncenter wp-image-199283 size-full\" src=\"https:\/\/www.enerjigazetesi.ist\/wp-content\/uploads\/2025\/08\/1-ilkay-altunsoy.jpg\" alt=\"\" width=\"550\" height=\"367\" srcset=\"https:\/\/www.enerjigazetesi.ist\/wp-content\/uploads\/2025\/08\/1-ilkay-altunsoy.jpg 550w, https:\/\/www.enerjigazetesi.ist\/wp-content\/uploads\/2025\/08\/1-ilkay-altunsoy-300x200.jpg 300w, https:\/\/www.enerjigazetesi.ist\/wp-content\/uploads\/2025\/08\/1-ilkay-altunsoy-500x334.jpg 500w, https:\/\/www.enerjigazetesi.ist\/wp-content\/uploads\/2025\/08\/1-ilkay-altunsoy-75x50.jpg 75w, https:\/\/www.enerjigazetesi.ist\/wp-content\/uploads\/2025\/08\/1-ilkay-altunsoy-450x300.jpg 450w\" sizes=\"(max-width: 550px) 100vw, 550px\" \/><\/strong><\/p>\n<p>\u0130stanbul Atlas \u00dcniversitesi Meslek Y\u00fcksekokulu Ye\u015fil ve Ekolojik Bina Teknikerli\u011fi Program\u0131, \u00e7evre dostu yap\u0131 teknolojileri, s\u00fcrd\u00fcr\u00fclebilir malzeme kullan\u0131m\u0131, enerji verimlili\u011fi ve karbon ayak izinin azalt\u0131lmas\u0131 gibi ba\u015fl\u0131klarda uzman teknik elemanlar yeti\u015ftirmeyi ama\u00e7l\u0131yor.<\/p>\n<p><strong>\u201cGelece\u011fin yap\u0131lar\u0131 do\u011fayla uyumlu olmal\u0131\u201d<\/strong><\/p>\n<p><strong>Atlas \u00dcniversitesi Meslek Y\u00fcksekokulu M\u00fcd\u00fcr\u00fc \u00d6\u011fr. G\u00f6r. \u0130lkay Altunsoy,<\/strong> gelece\u011fin yap\u0131lar\u0131n\u0131n do\u011fayla uyumlu olmas\u0131n\u0131n bir ihtiya\u00e7 oldu\u011funu vurgulayarak <em>\u201cBu program sadece teknik bir e\u011fitim sunmuyor; ayn\u0131 zamanda \u00f6\u011frencilerimize \u00e7evreyle uyumlu ya\u015fam k\u00fclt\u00fcr\u00fc kazand\u0131rmay\u0131 hedefliyoruz. Ye\u015fil ve ekolojik yap\u0131 anlay\u0131\u015f\u0131 art\u0131k bir tercih de\u011fil, zorunluluk h\u00e2line geldi\u201d<\/em> dedi.<\/p>\n<p><strong>Sertifikal\u0131, uygulamal\u0131 ve \u00e7ok disiplinli e\u011fitim<\/strong><\/p>\n<p>Programda LEED, BREEAM, \u00c7EDB\u0130K gibi uluslararas\u0131 sertifikasyon sistemleri tan\u0131t\u0131l\u0131rken, enerji analiz yaz\u0131l\u0131mlar\u0131 (DesignBuilder, Insight vb.), BIM (Yap\u0131 Bilgi Modellemesi), CAD\/Revit uygulamalar\u0131 gibi teknik donan\u0131mlarla da \u00f6\u011frencilere saha deneyimi kazand\u0131r\u0131lmas\u0131 hedefleniyor.<\/p>\n<p><strong>Kapsaml\u0131 bir ders program\u0131 uygulanacak<\/strong><\/p>\n<p>\u0130ki y\u0131l s\u00fcren e\u011fitim program\u0131n\u0131n i\u00e7eri\u011fine ili\u015fkin bilgi veren \u00d6\u011fr. G\u00f6r. \u0130lkay Altunsoy, \u201cProgram\u0131n ders i\u00e7eri\u011finde enerji verimli bina sistemleri, \u0131s\u0131 ve su yal\u0131t\u0131m\u0131, yenilenebilir enerji teknolojileri, ekolojik malzeme kullan\u0131m\u0131, ye\u015fil bina sertifikasyon sistemleri ve ak\u0131ll\u0131 bina teknolojileri ve karbon ayak izi analizi gibi derslerin yer alaca\u011f\u0131 bir m\u00fcfredat program\u0131 uygulanacak\u201d dedi.<\/p>\n<p>Proje senaryolar\u0131, malzeme testleri, at\u00f6lye \u00e7al\u0131\u015fmalar\u0131 ve teknik gezilerle uygulamal\u0131 e\u011fitimin \u00f6ne \u00e7\u0131kt\u0131\u011f\u0131n\u0131 kaydeden Altunsoy, program\u0131n sekt\u00f6rle g\u00fc\u00e7l\u00fc ba\u011f kurdu\u011funu belirterek <em>\u201c\u00d6\u011frencilerimiz sadece s\u0131n\u0131fta de\u011fil, ger\u00e7ek \u015fantiye ortamlar\u0131nda da e\u011fitim alacak. Zorunlu staj ve\/veya mesleki uygulamam\u0131zla kamu kurumlar\u0131 ve \u00f6zel sekt\u00f6rle i\u00e7 i\u00e7e, i\u015f ya\u015fam\u0131na haz\u0131r mezunlar yeti\u015ftiriyoruz\u201d<\/em> diye konu\u015ftu.<\/p>\n<p>Program, teknik bilgiyle birlikte \u00e7evresel ve toplumsal duyarl\u0131l\u0131\u011f\u0131 \u00f6n planda tutan bir yakla\u015f\u0131m sunuyor. \u0130klim kriziyle m\u00fccadelede toplumsal sorumlulu\u011fu y\u00fcksek, bilin\u00e7li profesyoneller yeti\u015ftirmeyi hedefliyor.<\/p>\n<p><strong>Bu alanda uzmana olan ihtiya\u00e7 artacak<\/strong><\/p>\n<p>Program mezunlar\u0131; ye\u015fil bina proje ofislerinde, mimarl\u0131k, m\u00fchendislik ve yap\u0131 denetim firmalar\u0131nda, yenilenebilir enerji ve s\u00fcrd\u00fcr\u00fclebilirlik dan\u0131\u015fmanl\u0131k \u015firketlerinde, belediyeler ve kamu kurumlar\u0131nda g\u00f6rev alabilecek. Ayr\u0131ca kendi giri\u015fimini kurarak \u00e7evre dostu malzeme \u00fcretimi ve uygulamalar\u0131 ger\u00e7ekle\u015ftirme f\u0131rsat\u0131na da sahip olacaklar.<\/p>\n<p>Meslek Y\u00fcksekokulu Ye\u015fil ve Ekolojik Bina Teknikerli\u011fi program\u0131n\u0131n gelecekte \u00f6nemli i\u015f f\u0131rsatlar\u0131 olu\u015fturaca\u011f\u0131n\u0131 ifade eden \u00d6\u011fr. G\u00f6r. \u0130lkay Altunsoy<em>, \u201cS\u00fcrd\u00fcr\u00fclebilir yap\u0131la\u015fma, k\u00fcresel bir zorunlulu\u011fa d\u00f6n\u00fc\u015fm\u00fc\u015fken, bu alanda uzman teknik personele duyulan ihtiya\u00e7 da h\u0131zla art\u0131yor. Mezunlar\u0131m\u0131z hem \u00e7evresel hem ekonomik de\u011fer yaratan, gelece\u011fin aranan profesyonelleri olacak\u201d<\/em> dedi.<\/p>\n<p>Yay\u0131na Alan: Alperen ERTA\u015e-<a href=\"http:\/\/alperen.ertas@enerjigazetesi.ist\">alperen.ertas@enerjigazetesi.ist<\/a><\/p>","protected":false},"excerpt":{"rendered":"<p>Sorry, this entry is only available in Turkish. For the sake of viewer convenience, the content is shown below in the alternative language. You may click the link to switch the active language. G\u00fcn\u00fcm\u00fczde plans\u0131z kentle\u015fmenin etkisiyle ortaya \u00e7\u0131kan \u00e7evresel sorunlar\u0131n \u00e7\u00f6z\u00fcm\u00fcnde \u00e7evre dostu yap\u0131 teknolojileri, s\u00fcrd\u00fcr\u00fclebilir malzeme kullan\u0131m\u0131, enerji verimlili\u011fi ve karbon ayak izinin [&hellip;]<\/p>\n","protected":false},"author":19,"featured_media":199283,"comment_status":"open","ping_status":"open","sticky":false,"template":"","format":"standard","meta":[],"categories":[53,52],"tags":[67,116974],"views":13,"_links":{"self":[{"href":"https:\/\/www.enerjigazetesi.ist\/en\/wp-json\/wp\/v2\/posts\/199281"}],"collection":[{"href":"https:\/\/www.enerjigazetesi.ist\/en\/wp-json\/wp\/v2\/posts"}],"about":[{"href":"https:\/\/www.enerjigazetesi.ist\/en\/wp-json\/wp\/v2\/types\/post"}],"author":[{"embeddable":true,"href":"https:\/\/www.enerjigazetesi.ist\/en\/wp-json\/wp\/v2\/users\/19"}],"replies":[{"embeddable":true,"href":"https:\/\/www.enerjigazetesi.ist\/en\/wp-json\/wp\/v2\/comments?post=199281"}],"version-history":[{"count":0,"href":"https:\/\/www.enerjigazetesi.ist\/en\/wp-json\/wp\/v2\/posts\/199281\/revisions"}],"wp:featuredmedia":[{"embeddable":true,"href":"https:\/\/www.enerjigazetesi.ist\/en\/wp-json\/wp\/v2\/media\/199283"}],"wp:attachment":[{"href":"https:\/\/www.enerjigazetesi.ist\/en\/wp-json\/wp\/v2\/media?parent=199281"}],"wp:term":[{"taxonomy":"category","embeddable":true,"href":"https:\/\/www.enerjigazetesi.ist\/en\/wp-json\/wp\/v2\/categories?post=199281"},{"taxonomy":"post_tag","embeddable":true,"href":"https:\/\/www.enerjigazetesi.ist\/en\/wp-json\/wp\/v2\/tags?post=199281"}],"curies":[{"name":"wp","href":"https:\/\/api.w.org\/{rel}","templated":true}]}}