{"id":199232,"date":"2025-08-05T17:04:09","date_gmt":"2025-08-05T14:04:09","guid":{"rendered":"https:\/\/www.enerjigazetesi.ist\/?p=199232"},"modified":"2025-08-05T17:11:29","modified_gmt":"2025-08-05T14:11:29","slug":"prof-dr-metin-sozen-son-yolculuguna-ugurlandi","status":"publish","type":"post","link":"https:\/\/www.enerjigazetesi.ist\/en\/prof-dr-metin-sozen-son-yolculuguna-ugurlandi\/","title":{"rendered":"(Turkish) Prof. Dr. Metin S\u00f6zen Son Yolculu\u011funa U\u011furland\u0131&#8230;"},"content":{"rendered":"<p class=\"qtranxs-available-languages-message qtranxs-available-languages-message-en\">Sorry, this entry is only available in <a href=\"https:\/\/www.enerjigazetesi.ist\/tr\/wp-json\/wp\/v2\/posts\/199232\" class=\"qtranxs-available-language-link qtranxs-available-language-link-tr\" title=\"Turkish\">Turkish<\/a>. For the sake of viewer convenience, the content is shown below in the alternative language. You may click the link to switch the active language.<\/p><p><\/p>\n<h2>Tarihi Kentler Birli\u011fi Kurucular\u0131ndan ve Onursal Dan\u0131\u015fma Kurulu Ba\u015fkan\u0131 Prof. Dr. Metin S\u00f6zen, Zincirlikuyu Camii&#8217;nde k\u0131l\u0131nan ikindi namaz\u0131n\u0131n ard\u0131ndan Zincirli Kuyu Mezarl\u0131\u011f\u0131&#8217;nda topra\u011fa verildi.<\/h2>\n<p><img loading=\"lazy\" class=\"size-full wp-image-199234 aligncenter\" src=\"https:\/\/www.enerjigazetesi.ist\/wp-content\/uploads\/2025\/08\/1754128720276-gx-v-mb-a-xk-aa-26-hq.jpg\" alt=\"\" width=\"550\" height=\"309\" srcset=\"https:\/\/www.enerjigazetesi.ist\/wp-content\/uploads\/2025\/08\/1754128720276-gx-v-mb-a-xk-aa-26-hq.jpg 550w, https:\/\/www.enerjigazetesi.ist\/wp-content\/uploads\/2025\/08\/1754128720276-gx-v-mb-a-xk-aa-26-hq-300x169.jpg 300w, https:\/\/www.enerjigazetesi.ist\/wp-content\/uploads\/2025\/08\/1754128720276-gx-v-mb-a-xk-aa-26-hq-500x281.jpg 500w, https:\/\/www.enerjigazetesi.ist\/wp-content\/uploads\/2025\/08\/1754128720276-gx-v-mb-a-xk-aa-26-hq-80x45.jpg 80w\" sizes=\"(max-width: 550px) 100vw, 550px\" \/><\/p>\n<p>\u0130stanbul&#8217;da Zincirlikuyu Camii&#8217;nde ikindi namaz\u0131na m\u00fcteakiben k\u0131l\u0131nan cenaze namaz\u0131nda<strong> \u0130stanbul Valisi Davut G\u00fcl,<\/strong> siyaset\u00e7iler, merhum S\u00f6zen&#8217;in yak\u0131nlar\u0131 ve \u00e7ok say\u0131da vatanda\u015f yer ald\u0131.<\/p>\n<p>K\u0131l\u0131nan cenaze namaz\u0131n\u0131n ard\u0131ndan 89 ya\u015f\u0131nda hayat\u0131n\u0131 kaybeden<strong> Prof. Dr. Metin S\u00f6zen<\/strong>, Zincirlikuyu mezarl\u0131\u011f\u0131nda son yolculu\u011funa u\u011furland\u0131.<\/p>\n<h3>DR. MET\u0130N S\u00d6ZEN ADINA F\u0130DAN D\u0130K\u0130LD\u0130<\/h3>\n<p>\u00c7evre K\u00fclt\u00fcr De\u011ferlerini Koruma ve Tan\u0131tma Vakf\u0131 (\u00c7EK\u00dcL) Kurucu Ba\u015fkan\u0131 Prof. Dr. Metin S\u00f6zen&#8217;in ad\u0131, Sonsuz \u015e\u00fckran k\u00f6y\u00fcnde ya\u015fat\u0131lacak.<\/p>\n<p>\u0130stanbul&#8217;da d\u00fcn vefat eden S\u00f6zen i\u00e7in Konya&#8217;n\u0131n H\u00fcy\u00fck il\u00e7esine Ba\u011fl\u0131 \u00c7avu\u015f Mahallesi&#8217;nde bulunan Sonsuz \u015e\u00fckran k\u00f6y\u00fcnde fidan dikme etkinli\u011fi d\u00fczenlendi.<\/p>\n<h3>Prof. Dr. Metin S\u00d6ZEN Kimdir?<\/h3>\n<p>Metin S\u00f6zen, babas\u0131n\u0131n devlet memuru olmas\u0131 sebebiyle ilkokul ve ortaokul e\u011fitimini farkl\u0131 \u015fehirlerde tamamlad\u0131. 1959 y\u0131l\u0131nda \u0130stanbul \u00dcniversitesi Sanat Tarihi B\u00f6l\u00fcm\u00fc&#8217;nden mezun oldu. Ayn\u0131 \u00fcniversitede doktora e\u011fitimini tamamlad\u0131ktan sonra, 1967&#8217;de \u0130stanbul Teknik \u00dcniversitesi (\u0130T\u00dc) Mimarl\u0131k Fak\u00fcltesi&#8217;nde asistan olarak g\u00f6reve ba\u015flad\u0131. Burada do\u00e7entlik (1972) ve profes\u00f6rl\u00fck (1979) unvanlar\u0131n\u0131 ald\u0131.<\/p>\n<p class=\"ys-paragraph-node\">1990 y\u0131l\u0131nda, T\u00fcrkiye&#8217;nin do\u011fal, k\u00fclt\u00fcrel ve tarihi miras\u0131n\u0131n korunmas\u0131 amac\u0131yla kurulan \u00c7evre ve K\u00fclt\u00fcr De\u011ferlerini Koruma ve Tan\u0131tma Vakf\u0131 (\u00c7EK\u00dcL)&#8217;\u00fcn kurucu ba\u015fkan\u0131 oldu. Ya\u015fam\u0131 boyunca bu vakf\u0131n liderli\u011fini \u00fcstlenerek say\u0131s\u0131z projenin hayata ge\u00e7irilmesine \u00f6nc\u00fcl\u00fck etti.<\/p>\n<div class=\"ys-paragraph-node\">S\u00f6zen, akademik kariyerinin yan\u0131 s\u0131ra, TBMM Milli Saraylar Daire Ba\u015fkanl\u0131\u011f\u0131 Bilim Kurulu Ba\u015fkanl\u0131\u011f\u0131 gibi \u00f6nemli g\u00f6revlerde de bulundu. Safranbolu&#8217;nun UNESCO D\u00fcnya Miras\u0131 Listesi&#8217;ne al\u0131nmas\u0131 s\u00fcrecinde de etkili rol oynayan isimlerden biriydi. \u00d6mr\u00fcn\u00fc T\u00fcrkiye&#8217;nin k\u00fclt\u00fcrel ve tarihi miras\u0131na adam\u0131\u015f olan Prof. Dr. Metin S\u00f6zen, 2 A\u011fustos 2025 tarihinde, 89 ya\u015f\u0131nda hayat\u0131n\u0131 kaybetti.<\/div>\n<p>Yay\u0131na Alan: Alperen ERTA\u015e-<a href=\"http:\/\/alperen.ertas@enerjigazetesi.ist\">alperen.ertas@enerjigazetesi.ist<\/a><\/p>","protected":false},"excerpt":{"rendered":"<p>Sorry, this entry is only available in Turkish. For the sake of viewer convenience, the content is shown below in the alternative language. You may click the link to switch the active language. Tarihi Kentler Birli\u011fi Kurucular\u0131ndan ve Onursal Dan\u0131\u015fma Kurulu Ba\u015fkan\u0131 Prof. Dr. Metin S\u00f6zen, Zincirlikuyu Camii&#8217;nde k\u0131l\u0131nan ikindi namaz\u0131n\u0131n ard\u0131ndan Zincirli Kuyu Mezarl\u0131\u011f\u0131&#8217;nda [&hellip;]<\/p>\n","protected":false},"author":19,"featured_media":199234,"comment_status":"open","ping_status":"open","sticky":false,"template":"","format":"standard","meta":[],"categories":[53],"tags":[67,116972],"views":7,"_links":{"self":[{"href":"https:\/\/www.enerjigazetesi.ist\/en\/wp-json\/wp\/v2\/posts\/199232"}],"collection":[{"href":"https:\/\/www.enerjigazetesi.ist\/en\/wp-json\/wp\/v2\/posts"}],"about":[{"href":"https:\/\/www.enerjigazetesi.ist\/en\/wp-json\/wp\/v2\/types\/post"}],"author":[{"embeddable":true,"href":"https:\/\/www.enerjigazetesi.ist\/en\/wp-json\/wp\/v2\/users\/19"}],"replies":[{"embeddable":true,"href":"https:\/\/www.enerjigazetesi.ist\/en\/wp-json\/wp\/v2\/comments?post=199232"}],"version-history":[{"count":0,"href":"https:\/\/www.enerjigazetesi.ist\/en\/wp-json\/wp\/v2\/posts\/199232\/revisions"}],"wp:featuredmedia":[{"embeddable":true,"href":"https:\/\/www.enerjigazetesi.ist\/en\/wp-json\/wp\/v2\/media\/199234"}],"wp:attachment":[{"href":"https:\/\/www.enerjigazetesi.ist\/en\/wp-json\/wp\/v2\/media?parent=199232"}],"wp:term":[{"taxonomy":"category","embeddable":true,"href":"https:\/\/www.enerjigazetesi.ist\/en\/wp-json\/wp\/v2\/categories?post=199232"},{"taxonomy":"post_tag","embeddable":true,"href":"https:\/\/www.enerjigazetesi.ist\/en\/wp-json\/wp\/v2\/tags?post=199232"}],"curies":[{"name":"wp","href":"https:\/\/api.w.org\/{rel}","templated":true}]}}