{"id":199216,"date":"2025-08-05T15:58:00","date_gmt":"2025-08-05T12:58:00","guid":{"rendered":"https:\/\/www.enerjigazetesi.ist\/?p=199216"},"modified":"2025-08-05T15:58:00","modified_gmt":"2025-08-05T12:58:00","slug":"dicle-elektrikten-mardine-nitelikli-insan-kaynagi-yatirimi","status":"publish","type":"post","link":"https:\/\/www.enerjigazetesi.ist\/en\/dicle-elektrikten-mardine-nitelikli-insan-kaynagi-yatirimi\/","title":{"rendered":"(Turkish) Dicle Elektrik\u2019ten Mardin\u2019e Nitelikli \u0130nsan Kayna\u011f\u0131 Yat\u0131r\u0131m\u0131"},"content":{"rendered":"<p class=\"qtranxs-available-languages-message qtranxs-available-languages-message-en\">Sorry, this entry is only available in <a href=\"https:\/\/www.enerjigazetesi.ist\/tr\/wp-json\/wp\/v2\/posts\/199216\" class=\"qtranxs-available-language-link qtranxs-available-language-link-tr\" title=\"Turkish\">Turkish<\/a>. For the sake of viewer convenience, the content is shown below in the alternative language. You may click the link to switch the active language.<\/p><p><\/p>\n<h2><strong>Dicle Elektrik, da\u011f\u0131t\u0131m sekt\u00f6r\u00fcnde s\u00fcrd\u00fcr\u00fclebilir geli\u015fime katk\u0131 sa\u011flamak ve b\u00f6lge gen\u00e7lerine istihdam f\u0131rsatlar\u0131 sunmak amac\u0131yla ba\u015flatt\u0131\u011f\u0131 \u201cEnerjin \u0130\u015fin Olsun\u201d projesini geni\u015fletmeye devam ediyor. Projenin yeni ad\u0131m\u0131 Mardin\u2019de at\u0131ld\u0131. Artuklu \u00dcniversitesi ile imzalanan protokolle birlikte \u00fcniversite-sanayi i\u015f birli\u011finde \u00f6nemli bir geli\u015fme daha kaydedildi.<\/strong><\/h2>\n<p><img loading=\"lazy\" class=\"aligncenter wp-image-199218 size-full\" src=\"https:\/\/www.enerjigazetesi.ist\/wp-content\/uploads\/2025\/08\/1754294341_Enerjin_____in_Olsun_ARtuklu___nv.___mza__2_.jpg\" alt=\"\" width=\"550\" height=\"360\" srcset=\"https:\/\/www.enerjigazetesi.ist\/wp-content\/uploads\/2025\/08\/1754294341_Enerjin_____in_Olsun_ARtuklu___nv.___mza__2_.jpg 550w, https:\/\/www.enerjigazetesi.ist\/wp-content\/uploads\/2025\/08\/1754294341_Enerjin_____in_Olsun_ARtuklu___nv.___mza__2_-300x196.jpg 300w, https:\/\/www.enerjigazetesi.ist\/wp-content\/uploads\/2025\/08\/1754294341_Enerjin_____in_Olsun_ARtuklu___nv.___mza__2_-500x327.jpg 500w, https:\/\/www.enerjigazetesi.ist\/wp-content\/uploads\/2025\/08\/1754294341_Enerjin_____in_Olsun_ARtuklu___nv.___mza__2_-76x50.jpg 76w\" sizes=\"(max-width: 550px) 100vw, 550px\" \/><\/p>\n<p>Nitelikli insan kayna\u011f\u0131na yat\u0131r\u0131m yapmay\u0131 s\u00fcrd\u00fcren Dicle Elektrik, insan ve geli\u015fim odakl\u0131 yakla\u015f\u0131m\u0131yla b\u00f6lge gen\u00e7lerine yeni kap\u0131lar aral\u0131yor. Bu kapsamda sekt\u00f6re gen\u00e7 ve yetkin \u00e7al\u0131\u015fanlar kazand\u0131rmak amac\u0131yla hayata ge\u00e7en \u201cEnerjin \u0130\u015fin Olsun\u201d projesi b\u00fct\u00fcn h\u0131z\u0131yla devam ediyor. Mardin Artuklu \u00dcniversitesi ile imzalanan yeni protokol, \u00fcniversite-sanayi i\u015f birli\u011finin g\u00fc\u00e7lendirilmesine ve gen\u00e7lerin mesleki geli\u015fimine \u00f6nemli katk\u0131lar sunmay\u0131 hedefliyor. S\u00f6z konusu protokol ile \u00fcniversite \u00f6\u011frencileri, Dicle Elektrik\u2019te bir yar\u0131y\u0131l boyunca i\u015f yeri uygulamas\u0131na kat\u0131larak, e\u011fitimlerini sahada peki\u015ftirme imk\u00e2n\u0131 bulacak.<\/p>\n<h3><strong>\u00dcniversite-Sanayi \u0130\u015f birli\u011fini daha da g\u00fc\u00e7lendirmekten mutluyuz<\/strong><\/h3>\n<p>Dicle Elektrik ile Artuklu \u00dcniversitesi aras\u0131nda ger\u00e7ekle\u015fen protokol t\u00f6renine,<strong> Dicle Elektrik \u0130nsan Kaynaklar\u0131 End\u00fcstriyel \u0130li\u015fkiler M\u00fcd\u00fcr\u00fc Bet\u00fcl G\u00fcne\u015f<\/strong> ve <strong>Artuklu \u00dcniversitesi OSB Meslek Y\u00fcksekokulu M\u00fcd\u00fcr\u00fc Prof. Dr. Ferhat K\u0131z\u0131lge\u00e7i kat\u0131ld\u0131<\/strong>. G\u00fcne\u015f, imza t\u00f6reninde yapt\u0131\u011f\u0131 konu\u015fmada<em> \u201cB\u00f6lgemizdeki lider \u00fcniversitelerle kurdu\u011fumuz bu i\u015f birlikleri sayesinde gen\u00e7lerimize sekt\u00f6rel deneyim kazand\u0131r\u0131yor, onlar\u0131n kariyer yolculuklar\u0131na katk\u0131 sa\u011fl\u0131yoruz. Artuklu \u00dcniversitesi ile att\u0131\u011f\u0131m\u0131z bu ad\u0131m bizi daha da g\u00fc\u00e7l\u00fc k\u0131l\u0131yor\u201d<\/em> dedi. Prof. Dr. K\u0131z\u0131lge\u00e7i ise protokol\u00fcn \u00f6\u011frencilerin mesleki geli\u015fimlerine ve istihdam olanaklar\u0131na \u00f6nemli katk\u0131lar sa\u011flayaca\u011f\u0131na inand\u0131\u011f\u0131n\u0131 belirtti.<\/p>\n<h3><strong>Gen\u00e7lerimizin enerjisini sekt\u00f6r\u00fcm\u00fcze entegre ediyoruz<\/strong><\/h3>\n<p>Projenin detaylar\u0131na da de\u011finen G\u00fcne\u015f, \u00f6\u011frencilere Dicle Elektrik b\u00fcnyesinde staj imk\u00e2n\u0131 sunduklar\u0131n\u0131, ba\u015far\u0131l\u0131 adaylar\u0131n ise istihdam edildi\u011fini s\u00f6yledi. G\u00fcne\u015f, <em>\u201cGen\u00e7lerimizin potansiyelini ke\u015ffetmelerine, pratik deneyim kazanmalar\u0131na ve kariyerlerine g\u00fc\u00e7l\u00fc bir ba\u015flang\u0131\u00e7 yapmalar\u0131na destek oluyoruz. Bu yakla\u015f\u0131m, kurumumuzun sosyal sorumluluk ve istihdam vizyonunun temel ta\u015flar\u0131ndan biri. \u201cEnerjin \u0130\u015fin Olsun\u201d projesiyle gen\u00e7lerin enerjisini sekt\u00f6r\u00fcm\u00fcze entegre ederken onlar\u0131 gelece\u011fe birlikte haz\u0131rl\u0131yoruz\u201d <\/em>ifadelerini kulland\u0131.<\/p>\n<p>Proje kapsam\u0131nda daha \u00f6nce Diyarbak\u0131r\u2019da Dicle \u00dcniversitesi ve \u015eanl\u0131urfa\u2019da Harran \u00dcniversitesi ile de i\u015fbirli\u011fi protokolleri imzalanm\u0131\u015ft\u0131.<\/p>\n<p>Yay\u0131na Alan: Alperen ERTA\u015e-<a href=\"http:\/\/alperen.ertas@enerjigazetesi.ist\">alperen.ertas@enerjigazetesi.ist<\/a><\/p>","protected":false},"excerpt":{"rendered":"<p>Sorry, this entry is only available in Turkish. For the sake of viewer convenience, the content is shown below in the alternative language. You may click the link to switch the active language. Dicle Elektrik, da\u011f\u0131t\u0131m sekt\u00f6r\u00fcnde s\u00fcrd\u00fcr\u00fclebilir geli\u015fime katk\u0131 sa\u011flamak ve b\u00f6lge gen\u00e7lerine istihdam f\u0131rsatlar\u0131 sunmak amac\u0131yla ba\u015flatt\u0131\u011f\u0131 \u201cEnerjin \u0130\u015fin Olsun\u201d projesini geni\u015fletmeye devam [&hellip;]<\/p>\n","protected":false},"author":19,"featured_media":199218,"comment_status":"open","ping_status":"open","sticky":false,"template":"","format":"standard","meta":[],"categories":[51,53],"tags":[116971,12240],"views":18,"_links":{"self":[{"href":"https:\/\/www.enerjigazetesi.ist\/en\/wp-json\/wp\/v2\/posts\/199216"}],"collection":[{"href":"https:\/\/www.enerjigazetesi.ist\/en\/wp-json\/wp\/v2\/posts"}],"about":[{"href":"https:\/\/www.enerjigazetesi.ist\/en\/wp-json\/wp\/v2\/types\/post"}],"author":[{"embeddable":true,"href":"https:\/\/www.enerjigazetesi.ist\/en\/wp-json\/wp\/v2\/users\/19"}],"replies":[{"embeddable":true,"href":"https:\/\/www.enerjigazetesi.ist\/en\/wp-json\/wp\/v2\/comments?post=199216"}],"version-history":[{"count":0,"href":"https:\/\/www.enerjigazetesi.ist\/en\/wp-json\/wp\/v2\/posts\/199216\/revisions"}],"wp:featuredmedia":[{"embeddable":true,"href":"https:\/\/www.enerjigazetesi.ist\/en\/wp-json\/wp\/v2\/media\/199218"}],"wp:attachment":[{"href":"https:\/\/www.enerjigazetesi.ist\/en\/wp-json\/wp\/v2\/media?parent=199216"}],"wp:term":[{"taxonomy":"category","embeddable":true,"href":"https:\/\/www.enerjigazetesi.ist\/en\/wp-json\/wp\/v2\/categories?post=199216"},{"taxonomy":"post_tag","embeddable":true,"href":"https:\/\/www.enerjigazetesi.ist\/en\/wp-json\/wp\/v2\/tags?post=199216"}],"curies":[{"name":"wp","href":"https:\/\/api.w.org\/{rel}","templated":true}]}}