{"id":199032,"date":"2025-07-30T15:53:17","date_gmt":"2025-07-30T12:53:17","guid":{"rendered":"https:\/\/www.enerjigazetesi.ist\/?p=199032"},"modified":"2025-07-30T17:40:26","modified_gmt":"2025-07-30T14:40:26","slug":"ikea-konutlar-icin-balkon-tipi-gunes-enerjisi-kitleri-satmaya-basladi","status":"publish","type":"post","link":"https:\/\/www.enerjigazetesi.ist\/en\/ikea-konutlar-icin-balkon-tipi-gunes-enerjisi-kitleri-satmaya-basladi\/","title":{"rendered":"(Turkish) Ikea, Konutlar \u0130\u00e7in Balkon Tipi G\u00fcne\u015f Enerjisi Kitleri Satmaya Ba\u015flad\u0131"},"content":{"rendered":"<p class=\"qtranxs-available-languages-message qtranxs-available-languages-message-en\">Sorry, this entry is only available in <a href=\"https:\/\/www.enerjigazetesi.ist\/tr\/wp-json\/wp\/v2\/posts\/199032\" class=\"qtranxs-available-language-link qtranxs-available-language-link-tr\" title=\"Turkish\">Turkish<\/a>. For the sake of viewer convenience, the content is shown below in the alternative language. You may click the link to switch the active language.<\/p><p><\/p>\n<h2><strong>Ikea<\/strong>, s\u00fcrd\u00fcr\u00fclebilir enerji \u00e7\u00f6z\u00fcmlerini t\u00fcketicilere ula\u015ft\u0131rma hedefiyle Almanya\u2019da tak-\u00e7al\u0131\u015ft\u0131r<strong> balkon tipi g\u00fcne\u015f enerjisi kitleri<\/strong> sat\u0131\u015f\u0131na ba\u015flad\u0131. \u015eirket, farkl\u0131 ihtiya\u00e7lara uygun olarak d\u00f6rt ayr\u0131 paket sunarken bunlar\u0131n yan\u0131na enerji depolama sistemlerini de dahil ediyor.<\/h2>\n<p><img loading=\"lazy\" class=\"aligncenter wp-image-199033 size-full\" src=\"https:\/\/www.enerjigazetesi.ist\/wp-content\/uploads\/2025\/07\/indir.jpg\" alt=\"\" width=\"550\" height=\"412\" srcset=\"https:\/\/www.enerjigazetesi.ist\/wp-content\/uploads\/2025\/07\/indir.jpg 550w, https:\/\/www.enerjigazetesi.ist\/wp-content\/uploads\/2025\/07\/indir-300x225.jpg 300w, https:\/\/www.enerjigazetesi.ist\/wp-content\/uploads\/2025\/07\/indir-500x375.jpg 500w, https:\/\/www.enerjigazetesi.ist\/wp-content\/uploads\/2025\/07\/indir-67x50.jpg 67w\" sizes=\"(max-width: 550px) 100vw, 550px\" \/><\/p>\n<p id=\"193126-paragraph-0\">En uygun fiyatl\u0131 se\u00e7enek olan \u201cStream Complete Package\u201d, KDV dahil <strong>449 euro ba\u015flang\u0131\u00e7<\/strong> fiyat\u0131yla sat\u0131\u015fa sunuluyor. Paket, iki adet 450 W g\u00fcne\u015f paneli, 800 W mikroinverter, ba\u011flant\u0131 kablolar\u0131 ve montaj kitini i\u00e7eriyor.<\/p>\n<h3 id=\"tak-calistir-cozumlu-temiz-enerji\">Tak-\u00e7al\u0131\u015ft\u0131r \u00e7\u00f6z\u00fcml\u00fc temiz enerji<\/h3>\n<p id=\"193126-paragraph-1\"><strong>Enerji depolama \u00f6zelli\u011fi isteyenler i\u00e7in<\/strong> \u201cStream Complete Package M\u201d sunuluyor. Bu pakette iki adet 450 W panel (520 W\u2019a y\u00fckseltme se\u00e7ene\u011fi mevcut) ve 1,92 kWh kapasiteli \u201cStream Pro Battery\u201d bulunuyor. <strong>Ba\u015flang\u0131\u00e7 fiyat\u0131 1.229 euro<\/strong>. Dileyen kullan\u0131c\u0131lar 60 euro ek \u00fccretle, ayn\u0131 kapasiteye sahip ama daha geli\u015fmi\u015f \u201cStream Ultra Battery\u201d se\u00e7ene\u011fini tercih edebiliyor.<\/p>\n<p id=\"193126-paragraph-2\">En kapsaml\u0131 paket olan \u201cStream Complete Package XL\u201d, d\u00f6rt panelin yan\u0131 s\u0131ra hem \u201cStream Ultra Battery\u201d hem de ek olarak \u201cStream AC Pro\u201d bataryas\u0131n\u0131 i\u00e7eriyor. Fiyatlar 2.230 eurodan ba\u015fl\u0131yor, d\u00f6rt 520 W panel ve ayarlanabilir montaj sistemleriyle 2.761 euroya kadar \u00e7\u0131k\u0131yor.<\/p>\n<h3>Faturada b\u00fcy\u00fck kazan\u00e7 sa\u011flanabilir<\/h3>\n<p>Almanya\u2019da elektrikli su \u0131s\u0131tma sistemine sahip be\u015f ki\u015filik hanelerde y\u0131ll\u0131k ortalama elektrik t\u00fcketimi m\u00fcstakil evlerde 6.300 kWh, apartman dairelerinde ise 4.500 kWh seviyesinde. Ikea\u2019n\u0131n satt\u0131\u011f\u0131 sistemler ile apartman dairelerinde <strong>elektrik ihtiyac\u0131n\u0131n neredeyse yar\u0131s\u0131n\u0131 kadar\u0131n\u0131 kar\u015f\u0131lamak m\u00fcmk\u00fcn.\u00a0<\/strong>T\u00fcrkiye&#8217;de hanelerin enerji t\u00fcketimleri Almanan&#8217;yadan \u00e7ok daha d\u00fc\u015f\u00fck. Dolay\u0131s\u0131yla benzer kurulumlar\u0131n avantajlar\u0131 daha y\u00fcksek olacakt\u0131r.<\/p>\n<p>Kaynak:\u00a0<a href=\"https:\/\/www.donanimhaber.com\/ikea-balkon-tipi-gunes-enerjisi-kitleri-satmaya-basladi--193126\">Donan\u0131mhaber<\/a><\/p>\n<p>Yay\u0131na Alan: Alperen ERTA\u015e-<a href=\"http:\/\/alperen.ertas@enerjigazetesi.ist\">alperen.ertas@enerjigazetesi.ist<\/a><\/p>","protected":false},"excerpt":{"rendered":"<p>Sorry, this entry is only available in Turkish. For the sake of viewer convenience, the content is shown below in the alternative language. You may click the link to switch the active language. Ikea, s\u00fcrd\u00fcr\u00fclebilir enerji \u00e7\u00f6z\u00fcmlerini t\u00fcketicilere ula\u015ft\u0131rma hedefiyle Almanya\u2019da tak-\u00e7al\u0131\u015ft\u0131r balkon tipi g\u00fcne\u015f enerjisi kitleri sat\u0131\u015f\u0131na ba\u015flad\u0131. \u015eirket, farkl\u0131 ihtiya\u00e7lara uygun olarak d\u00f6rt [&hellip;]<\/p>\n","protected":false},"author":19,"featured_media":199033,"comment_status":"open","ping_status":"open","sticky":false,"template":"","format":"standard","meta":[],"categories":[53,49],"tags":[13,14366],"views":13,"_links":{"self":[{"href":"https:\/\/www.enerjigazetesi.ist\/en\/wp-json\/wp\/v2\/posts\/199032"}],"collection":[{"href":"https:\/\/www.enerjigazetesi.ist\/en\/wp-json\/wp\/v2\/posts"}],"about":[{"href":"https:\/\/www.enerjigazetesi.ist\/en\/wp-json\/wp\/v2\/types\/post"}],"author":[{"embeddable":true,"href":"https:\/\/www.enerjigazetesi.ist\/en\/wp-json\/wp\/v2\/users\/19"}],"replies":[{"embeddable":true,"href":"https:\/\/www.enerjigazetesi.ist\/en\/wp-json\/wp\/v2\/comments?post=199032"}],"version-history":[{"count":0,"href":"https:\/\/www.enerjigazetesi.ist\/en\/wp-json\/wp\/v2\/posts\/199032\/revisions"}],"wp:featuredmedia":[{"embeddable":true,"href":"https:\/\/www.enerjigazetesi.ist\/en\/wp-json\/wp\/v2\/media\/199033"}],"wp:attachment":[{"href":"https:\/\/www.enerjigazetesi.ist\/en\/wp-json\/wp\/v2\/media?parent=199032"}],"wp:term":[{"taxonomy":"category","embeddable":true,"href":"https:\/\/www.enerjigazetesi.ist\/en\/wp-json\/wp\/v2\/categories?post=199032"},{"taxonomy":"post_tag","embeddable":true,"href":"https:\/\/www.enerjigazetesi.ist\/en\/wp-json\/wp\/v2\/tags?post=199032"}],"curies":[{"name":"wp","href":"https:\/\/api.w.org\/{rel}","templated":true}]}}