{"id":198967,"date":"2025-07-29T14:46:08","date_gmt":"2025-07-29T11:46:08","guid":{"rendered":"https:\/\/www.enerjigazetesi.ist\/?p=198967"},"modified":"2025-07-29T15:25:24","modified_gmt":"2025-07-29T12:25:24","slug":"sicak-hava-alarmi-calisma-hayatinda-yeni-donem-basladi","status":"publish","type":"post","link":"https:\/\/www.enerjigazetesi.ist\/en\/sicak-hava-alarmi-calisma-hayatinda-yeni-donem-basladi\/","title":{"rendered":"(Turkish) S\u0131cak Hava Alarm\u0131: \u00c7al\u0131\u015fma Hayat\u0131nda Yeni D\u00f6nem Ba\u015flad\u0131"},"content":{"rendered":"<p class=\"qtranxs-available-languages-message qtranxs-available-languages-message-en\">Sorry, this entry is only available in <a href=\"https:\/\/www.enerjigazetesi.ist\/tr\/wp-json\/wp\/v2\/posts\/198967\" class=\"qtranxs-available-language-link qtranxs-available-language-link-tr\" title=\"Turkish\">Turkish<\/a>. For the sake of viewer convenience, the content is shown below in the alternative language. You may click the link to switch the active language.<\/p><p><\/p>\n<h2><strong>40 dereceyi a\u015fan b\u00f6lgelerde mesai saatleri de\u011fi\u015fti, \u015firketler sahaya \u00f6zel \u00f6nlemler ald\u0131. Allservice Y\u00f6netim Kurulu Ba\u015fkan\u0131 Ebru Aky\u00fcz, \u00e7al\u0131\u015fan sa\u011fl\u0131\u011f\u0131na y\u00f6nelik uygulamalar\u0131n hem verimlili\u011fi art\u0131rd\u0131\u011f\u0131n\u0131 hem de i\u015f g\u00fcvenli\u011fi risklerini azaltt\u0131\u011f\u0131n\u0131 vurgulad\u0131.<\/strong><\/h2>\n<p><img loading=\"lazy\" class=\"aligncenter wp-image-198968 size-full\" src=\"https:\/\/www.enerjigazetesi.ist\/wp-content\/uploads\/2025\/07\/1753773373_1689238328132.jpg\" alt=\"\" width=\"550\" height=\"309\" srcset=\"https:\/\/www.enerjigazetesi.ist\/wp-content\/uploads\/2025\/07\/1753773373_1689238328132.jpg 550w, https:\/\/www.enerjigazetesi.ist\/wp-content\/uploads\/2025\/07\/1753773373_1689238328132-300x169.jpg 300w, https:\/\/www.enerjigazetesi.ist\/wp-content\/uploads\/2025\/07\/1753773373_1689238328132-500x281.jpg 500w, https:\/\/www.enerjigazetesi.ist\/wp-content\/uploads\/2025\/07\/1753773373_1689238328132-80x45.jpg 80w\" sizes=\"(max-width: 550px) 100vw, 550px\" \/><\/p>\n<p>Yaz aylar\u0131nda artan a\u015f\u0131r\u0131 s\u0131cakl\u0131klar, \u00e7al\u0131\u015fma hayat\u0131n\u0131 yeniden \u015fekillendiriyor. \u00c7al\u0131\u015fma ve Sosyal G\u00fcvenlik Bakanl\u0131\u011f\u0131\u2019n\u0131n s\u0131cakl\u0131klar\u0131n 40\u00b0C\u2019yi a\u015ft\u0131\u011f\u0131 iller i\u00e7in ald\u0131\u011f\u0131 kararlar do\u011frultusunda bir\u00e7ok b\u00f6lgede yeni mesai saatleri devreye girerken, \u00f6zel sekt\u00f6r de bu d\u00f6n\u00fc\u015f\u00fcme uyum sa\u011fl\u0131yor. Allservice Y\u00f6netim Kurulu Ba\u015fkan\u0131 ve \u0130K Y\u00f6neticisi Ebru Aky\u00fcz, s\u0131cak hava ko\u015fullar\u0131n\u0131n \u00e7al\u0131\u015fma hayat\u0131na etkileri ve al\u0131nan \u00f6nlemlerle ilgili \u00f6nemli de\u011ferlendirmelerde bulundu.<\/p>\n<h3><strong>S\u0131cak hava sadece rahats\u0131z etmiyor, hayati risk yarat\u0131yor<\/strong><\/h3>\n<p>Ebru Aky\u00fcz\u2019e g\u00f6re a\u015f\u0131r\u0131 s\u0131caklar, sadece konfor sorunu de\u011fil; ayn\u0131 zamanda ciddi bir i\u015f g\u00fcvenli\u011fi riski. <em>\u201cIs\u0131 \u00e7arpmas\u0131, tansiyon d\u00fc\u015fmeleri, konsantrasyon kayb\u0131 gibi sa\u011fl\u0131k sorunlar\u0131 \u00e7al\u0131\u015fanlar\u0131n performans\u0131n\u0131 olumsuz etkiliyor. \u00d6zellikle a\u00e7\u0131k alanda g\u00f6rev yapanlar i\u00e7in bu riskler hayati boyutta. Zihinsel ve fiziksel yorgunluk hem verimlili\u011fi d\u00fc\u015f\u00fcr\u00fcyor hem de i\u015f kazas\u0131 ihtimalini art\u0131r\u0131yor\u201d<\/em> diyen Aky\u00fcz, s\u0131cak havalarda i\u015f g\u00fcvenli\u011fi tedbirlerinin daha da \u00f6nemli hale geldi\u011fini vurgulad\u0131.<\/p>\n<h3><strong>Yeni d\u00fczenleme 40 derece \u00fczeri s\u0131cakl\u0131klar i\u00e7in ge\u00e7erli<\/strong><\/h3>\n<p>Bakanl\u0131k d\u00fczenlemeleri a\u011f\u0131rl\u0131kl\u0131 olarak G\u00fcneydo\u011fu Anadolu, Akdeniz ve baz\u0131 Ege illerini kaps\u0131yor. Aky\u00fcz, <em>\u201cBu b\u00f6lgelerde s\u0131cakl\u0131klar\u0131n 40\u00b0C\u2019yi a\u015fmas\u0131yla birlikte in\u015faat, tar\u0131m, temizlik ve altyap\u0131 sekt\u00f6rlerinde 12:00\u201316:00 saatleri aras\u0131nda \u00e7al\u0131\u015fman\u0131n durdurulmas\u0131 \u00f6ng\u00f6r\u00fcl\u00fcyor. Ofis \u00e7al\u0131\u015fanlar\u0131 i\u00e7inse esnek mesai, klima kontrol\u00fc ve uzaktan \u00e7al\u0131\u015fma gibi alternatifler devrede\u201d<\/em> ifadelerini kulland\u0131.<\/p>\n<h3><strong>Yeni \u00e7al\u0131\u015fma saatleri: Sabah erken, ak\u015fam serin<\/strong><\/h3>\n<p>Baz\u0131 illerde valilik karar\u0131yla mesai saatlerinin 06:00\u201311:00 ve 16:00\u201320:00 aras\u0131nda yeniden d\u00fczenlendi\u011fini belirten Aky\u00fcz, Allservice olarak kendilerinin de bu d\u00fczenlemelere h\u0131zl\u0131ca adapte olduklar\u0131n\u0131 ifade etti:<br \/>\n\u201c<em>\u00d6\u011fle molalar\u0131 uzat\u0131ld\u0131, baz\u0131 b\u00f6lgelerde vardiyal\u0131 sistem uyguland\u0131. \u00c7al\u0131\u015fanlar\u0131m\u0131z\u0131n hem sa\u011fl\u0131\u011f\u0131n\u0131 hem de verimlili\u011fini korumak ad\u0131na bu t\u00fcr uyarlamalar\u0131 benimsiyoruz.\u201d <\/em>dedi.<\/p>\n<h3>Sa\u011fl\u0131\u011f\u0131n \u00f6nemsendi\u011fini g\u00f6rmek motivasyonu art\u0131r\u0131yor<\/h3>\n<p>Bu t\u00fcr uygulamalar\u0131n sadece fiziksel de\u011fil, psikolojik faydalar da sa\u011flad\u0131\u011f\u0131na dikkat \u00e7eken Aky\u00fcz, <em>\u201c\u00c7al\u0131\u015fan \u015firketin kendisini \u00f6nemsedi\u011fini hissetti\u011finde, i\u015fine daha ba\u011fl\u0131 hale geliyor. Sa\u011fl\u0131k problemleri azald\u0131k\u00e7a devams\u0131zl\u0131k oranlar\u0131 da d\u00fc\u015f\u00fcyor. K\u0131sa vadede planlama zorluklar\u0131 ya\u015fansa da, orta ve uzun vadede performans art\u0131\u015f\u0131 g\u00f6zleniyor\u201d<\/em> dedi.<\/p>\n<h3><strong>So\u011futma \u00fcniteleri, koruyucu ekipmanlar ve elektrolit takviyesi<\/strong><\/h3>\n<p>Allservice, s\u0131cak havalarda \u00e7al\u0131\u015fanlar\u0131n sa\u011fl\u0131\u011f\u0131n\u0131 korumak i\u00e7in \u00e7ok y\u00f6nl\u00fc tedbirler al\u0131yor. Aky\u00fcz \u015fu \u00f6nlemleri s\u0131ral\u0131yor:<\/p>\n<p>-So\u011fuk su ve elektrolit i\u00e7eren i\u00e7ecek da\u011f\u0131t\u0131m\u0131<\/p>\n<p>-\u015eapka, g\u00fcne\u015f g\u00f6zl\u00fc\u011f\u00fc ve g\u00fcne\u015f koruyucu krem kullan\u0131m\u0131<\/p>\n<p>-G\u00f6lgelendirilmi\u015f dinlenme alanlar\u0131<\/p>\n<p>-Mobil so\u011futma \u00fcniteleri kurulumu<\/p>\n<p>-Kronik rahats\u0131zl\u0131\u011f\u0131 olan \u00e7al\u0131\u015fanlar i\u00e7in g\u00f6rev de\u011fi\u015fimi ve \u00f6zel takip<\/p>\n<p>Yay\u0131na Alan: Alperen ERTA\u015e-<a href=\"http:\/\/alperen.ertas@enerjigazetesi.ist\">alperen.ertas@enerjigazetesi.ist<\/a><\/p>","protected":false},"excerpt":{"rendered":"<p>Sorry, this entry is only available in Turkish. For the sake of viewer convenience, the content is shown below in the alternative language. You may click the link to switch the active language. 40 dereceyi a\u015fan b\u00f6lgelerde mesai saatleri de\u011fi\u015fti, \u015firketler sahaya \u00f6zel \u00f6nlemler ald\u0131. Allservice Y\u00f6netim Kurulu Ba\u015fkan\u0131 Ebru Aky\u00fcz, \u00e7al\u0131\u015fan sa\u011fl\u0131\u011f\u0131na y\u00f6nelik uygulamalar\u0131n [&hellip;]<\/p>\n","protected":false},"author":19,"featured_media":198968,"comment_status":"open","ping_status":"open","sticky":false,"template":"","format":"standard","meta":[],"categories":[53],"tags":[116956,116957],"views":18,"_links":{"self":[{"href":"https:\/\/www.enerjigazetesi.ist\/en\/wp-json\/wp\/v2\/posts\/198967"}],"collection":[{"href":"https:\/\/www.enerjigazetesi.ist\/en\/wp-json\/wp\/v2\/posts"}],"about":[{"href":"https:\/\/www.enerjigazetesi.ist\/en\/wp-json\/wp\/v2\/types\/post"}],"author":[{"embeddable":true,"href":"https:\/\/www.enerjigazetesi.ist\/en\/wp-json\/wp\/v2\/users\/19"}],"replies":[{"embeddable":true,"href":"https:\/\/www.enerjigazetesi.ist\/en\/wp-json\/wp\/v2\/comments?post=198967"}],"version-history":[{"count":0,"href":"https:\/\/www.enerjigazetesi.ist\/en\/wp-json\/wp\/v2\/posts\/198967\/revisions"}],"wp:featuredmedia":[{"embeddable":true,"href":"https:\/\/www.enerjigazetesi.ist\/en\/wp-json\/wp\/v2\/media\/198968"}],"wp:attachment":[{"href":"https:\/\/www.enerjigazetesi.ist\/en\/wp-json\/wp\/v2\/media?parent=198967"}],"wp:term":[{"taxonomy":"category","embeddable":true,"href":"https:\/\/www.enerjigazetesi.ist\/en\/wp-json\/wp\/v2\/categories?post=198967"},{"taxonomy":"post_tag","embeddable":true,"href":"https:\/\/www.enerjigazetesi.ist\/en\/wp-json\/wp\/v2\/tags?post=198967"}],"curies":[{"name":"wp","href":"https:\/\/api.w.org\/{rel}","templated":true}]}}