{"id":198928,"date":"2025-07-28T17:29:32","date_gmt":"2025-07-28T14:29:32","guid":{"rendered":"https:\/\/www.enerjigazetesi.ist\/?p=198928"},"modified":"2025-07-28T17:30:21","modified_gmt":"2025-07-28T14:30:21","slug":"farkli-ulkelerde-aldiginiz-tecrubeyi-ulkemizde-aktarin","status":"publish","type":"post","link":"https:\/\/www.enerjigazetesi.ist\/en\/farkli-ulkelerde-aldiginiz-tecrubeyi-ulkemizde-aktarin\/","title":{"rendered":"(Turkish) Farkl\u0131 \u00dclkelerde Ald\u0131\u011f\u0131n\u0131z Tecr\u00fcbeyi \u00dclkemizde Aktar\u0131n"},"content":{"rendered":"<p class=\"qtranxs-available-languages-message qtranxs-available-languages-message-en\">Sorry, this entry is only available in <a href=\"https:\/\/www.enerjigazetesi.ist\/tr\/wp-json\/wp\/v2\/posts\/198928\" class=\"qtranxs-available-language-link qtranxs-available-language-link-tr\" title=\"Turkish\">Turkish<\/a>. For the sake of viewer convenience, the content is shown below in the alternative language. You may click the link to switch the active language.<\/p><p><\/p>\n<h2>\u00dcniversite tercihi yapacak olan gen\u00e7lerle bir araya gelen Enerji ve Tabii Kaynaklar Bakan\u0131 Alparslan Bayraktar, yerli petrol ve do\u011fal gaz operasyonlar\u0131n\u0131n ba\u015flamas\u0131yla birlikte bu alanda \u00e7al\u0131\u015fan bir\u00e7ok ki\u015finin T\u00fcrkiye\u2019ye d\u00f6nd\u00fc\u011f\u00fcn\u00fc belirterek, <em>\u201cSizler de farkl\u0131 \u00fclkelere gidin; Farkl\u0131 e\u011fitimler, farkl\u0131 beceriler \u00fczerinde \u00e7al\u0131\u015f\u0131n ama \u00fclkemize d\u00f6n\u00fcp ald\u0131\u011f\u0131n\u0131z o tecr\u00fcbeyi de burada aktarmaya devam edin\u201d<\/em> ifadelerini kulland\u0131.<\/h2>\n<p><img loading=\"lazy\" class=\"aligncenter wp-image-198931 size-full\" src=\"https:\/\/www.enerjigazetesi.ist\/wp-content\/uploads\/2025\/07\/dynupload_202507271834.jpg\" alt=\"\" width=\"550\" height=\"362\" srcset=\"https:\/\/www.enerjigazetesi.ist\/wp-content\/uploads\/2025\/07\/dynupload_202507271834.jpg 550w, https:\/\/www.enerjigazetesi.ist\/wp-content\/uploads\/2025\/07\/dynupload_202507271834-300x197.jpg 300w, https:\/\/www.enerjigazetesi.ist\/wp-content\/uploads\/2025\/07\/dynupload_202507271834-500x329.jpg 500w, https:\/\/www.enerjigazetesi.ist\/wp-content\/uploads\/2025\/07\/dynupload_202507271834-76x50.jpg 76w\" sizes=\"(max-width: 550px) 100vw, 550px\" \/><\/p>\n<p>Bakan Bayraktar, \u0130stanbul\u2019da \u0130bn Haldun \u00dcniversitesi taraf\u0131ndan \u0130stanbul Teknik \u00dcniversitesi i\u015f birli\u011fiyle haz\u0131rlanan TercihFest 2025 program\u0131na kat\u0131ld\u0131. \u00dc\u00e7 g\u00fcn s\u00fcren etkinli\u011fin son g\u00fcn\u00fcnde gen\u00e7lerle bir araya gelen Bakan Bayraktar, gen\u00e7lere T\u00fcrkiye\u2019nin enerji vizyonu ile ilgili bilgiler verdi ve tavsiyelerde bulundu.<\/p>\n<h3><strong>Enerji T\u00fcm Mesleklerin Kesi\u015fti\u011fi Bir Alan<\/strong><\/h3>\n<p>D\u00fcnyan\u0131n giderek elektrikle\u015fti\u011fini belirten Bayraktar, enerji ihtiyac\u0131n\u0131n da \u00e7ok daha fazlala\u015faca\u011f\u0131na vurgu yapt\u0131. Enerji alan\u0131n\u0131n b\u00fcy\u00fcyece\u011fine ve geli\u015fece\u011fine dikkat \u00e7eken Bayraktar, bu nedenle enerji g\u00fcvenli\u011finin \u00e7ok b\u00fcy\u00fck \u00f6nem arz etti\u011fini s\u00f6yledi. Bayraktar, enerji alan\u0131n\u0131n b\u00fct\u00fcn meslek gruplar\u0131n\u0131n kesi\u015fti\u011fi bir alan oldu\u011funu da vurgulad\u0131.<\/p>\n<h3><strong>Farkl\u0131 Alanlar\u0131 Da Kabiliyetlerinize Katman\u0131z Laz\u0131m<\/strong><\/h3>\n<p>Gen\u00e7lere tavsiyelerde de bulunan Bayraktar, gen\u00e7lerin \u00e7ok y\u00f6nl\u00fc olmas\u0131 gerekti\u011fini belirterek, <em>\u201cFarkl\u0131 disiplinleri, farkl\u0131 alanlar\u0131 da b\u00fcnyenize ve kabiliyetlerinize katman\u0131z laz\u0131m\u201d<\/em> dedi.<\/p>\n<h3><strong>\u0130ddian\u0131z, Hedefiniz, Kendinize G\u00fcveniniz Olsun<\/strong><\/h3>\n<p>T\u00fcrkiye\u2019nin enerjideki d\u0131\u015fa ba\u011fl\u0131l\u0131\u011f\u0131n\u0131 bitirmek ve artan enerji talebini kar\u015f\u0131lamak i\u00e7in \u00e7al\u0131\u015ft\u0131klar\u0131na i\u015faret eden Bayraktar, <em>\u201cBiz \u2018Evet, co\u011frafya kader ama enerjide d\u0131\u015fa ba\u011f\u0131ml\u0131l\u0131k kader de\u011fildir\u2019 diyoruz. Bir iddiayla yola \u00e7\u0131k\u0131yoruz; \u00dclkemizde petrol, do\u011fal gaz, madenler, yeralt\u0131 zenginliklerini arayaca\u011f\u0131z ve varsa bulaca\u011f\u0131z. B\u00f6yle bir kabulle yola \u00e7\u0131k\u0131yoruz. Biz kendi gemilerini sat\u0131n alan ve arama yapabilen, karalarda arama yapabilen \u00e7ok g\u00fc\u00e7l\u00fc bir ekip olu\u015fturduk. \u00c7ok inan\u00e7l\u0131 bir ekip olu\u015fturduk ve bu sayede art\u0131k do\u011fal gaz ve petrol\u00fcm\u00fcz\u00fc aramaya ba\u015flad\u0131k. Hangi alandaysan\u0131z; iddian\u0131z olsun, hedefiniz olsun ve kendinize g\u00fcveniniz olsun. Biz bu iddiayla yola \u00e7\u0131kt\u0131k ve bak\u0131n \u00e7ok k\u0131sa bir s\u00fcre i\u00e7erisinde T\u00fcrkiye, Karadeniz&#8217;de gaz buldu. Bize \u2018Bulamazs\u0131n\u0131z, arayamazs\u0131n\u0131z\u2019 dediler. Bizim kendi i\u00e7imizde baz\u0131 arkada\u015flar\u0131m\u0131z da \u20182 bin 100 metre deniz derinli\u011fi var, bulsak bunu nas\u0131l \u00e7\u0131karaca\u011f\u0131z?\u2019 Karaya 170 kilometre nas\u0131l getirece\u011fiz\u2019 dediler ama dedik ki \u2018Bu, d\u00fcnyada yap\u0131l\u0131yorsa, bunu birileri yapabiliyorsa bizim insan\u0131m\u0131z da petrol m\u00fchendislerimiz de bizim \u00e7ocuklar\u0131m\u0131z da yapabilir\u2019 dedik ve yapmaya ba\u015flad\u0131k.\u201d<\/em> dedi.<\/p>\n<h3><strong>Tersine G\u00f6\u00e7 Tavsiyesi<\/strong><\/h3>\n<p>Bayraktar, yurt d\u0131\u015f\u0131na gitmek isteyen \u00f6\u011frencilere de bir tavsiyelerde bulundu. Yerli ve milli petrol ve do\u011fal gaz operasyonlar\u0131n\u0131n ba\u015flamas\u0131yla birlikte bu alanda \u00e7al\u0131\u015fan bir\u00e7ok ki\u015finin T\u00fcrkiye\u2019ye d\u00f6nd\u00fc\u011f\u00fcn\u00fc belirten Bayraktar, <em>\u201cY\u0131llarca yurt d\u0131\u015f\u0131nda b\u00fcy\u00fck \u015firketlerde, d\u00fcnyan\u0131n farkl\u0131 co\u011frafyalar\u0131nda 5, 10, 15, 20 y\u0131l \u00e7al\u0131\u015fan insanlar\u0131m\u0131z vard\u0131. Bunlar\u0131n hepsi yava\u015f yava\u015f \u2018T\u00fcrkiye\u2019de de bir \u015feyler oluyormu\u015f, orada da bu tarz \u015feyler varm\u0131\u015f. Benim mesle\u011fimi icra edece\u011fim yer, sadece buras\u0131 de\u011fil\u2019 deyip tersine beyin g\u00f6\u00e7\u00fcyle geldi, T\u00fcrkiye\u2019ye bir\u00e7ok arkada\u015f\u0131m\u0131z\u0131 kazand\u0131rd\u0131k. Sizler de farkl\u0131 \u00fclkelere gidin; Farkl\u0131 e\u011fitimler, farkl\u0131 beceriler \u00fczerinde \u00e7al\u0131\u015f\u0131n ama \u00fclkemize d\u00f6n\u00fcp ald\u0131\u011f\u0131n\u0131z o tecr\u00fcbeyi de burada aktarmaya devam edin\u201d<\/em> ifadelerini kulland\u0131.<\/p>\n<p>Kaynak:\u00a0<a href=\"https:\/\/enerji.gov.tr\/haber-detay?id=21540\">ETKB<\/a><\/p>\n<p>Yay\u0131na Alan: Alperen ERTA\u015e-<a href=\"http:\/\/alperen.ertas@enerjigazetesi.ist\">alperen.ertas@enerjigazetesi.ist<\/a><\/p>","protected":false},"excerpt":{"rendered":"<p>Sorry, this entry is only available in Turkish. For the sake of viewer convenience, the content is shown below in the alternative language. You may click the link to switch the active language. \u00dcniversite tercihi yapacak olan gen\u00e7lerle bir araya gelen Enerji ve Tabii Kaynaklar Bakan\u0131 Alparslan Bayraktar, yerli petrol ve do\u011fal gaz operasyonlar\u0131n\u0131n ba\u015flamas\u0131yla [&hellip;]<\/p>\n","protected":false},"author":19,"featured_media":198931,"comment_status":"open","ping_status":"open","sticky":false,"template":"","format":"standard","meta":[],"categories":[46,53,44],"tags":[115617,116953],"views":8,"_links":{"self":[{"href":"https:\/\/www.enerjigazetesi.ist\/en\/wp-json\/wp\/v2\/posts\/198928"}],"collection":[{"href":"https:\/\/www.enerjigazetesi.ist\/en\/wp-json\/wp\/v2\/posts"}],"about":[{"href":"https:\/\/www.enerjigazetesi.ist\/en\/wp-json\/wp\/v2\/types\/post"}],"author":[{"embeddable":true,"href":"https:\/\/www.enerjigazetesi.ist\/en\/wp-json\/wp\/v2\/users\/19"}],"replies":[{"embeddable":true,"href":"https:\/\/www.enerjigazetesi.ist\/en\/wp-json\/wp\/v2\/comments?post=198928"}],"version-history":[{"count":0,"href":"https:\/\/www.enerjigazetesi.ist\/en\/wp-json\/wp\/v2\/posts\/198928\/revisions"}],"wp:featuredmedia":[{"embeddable":true,"href":"https:\/\/www.enerjigazetesi.ist\/en\/wp-json\/wp\/v2\/media\/198931"}],"wp:attachment":[{"href":"https:\/\/www.enerjigazetesi.ist\/en\/wp-json\/wp\/v2\/media?parent=198928"}],"wp:term":[{"taxonomy":"category","embeddable":true,"href":"https:\/\/www.enerjigazetesi.ist\/en\/wp-json\/wp\/v2\/categories?post=198928"},{"taxonomy":"post_tag","embeddable":true,"href":"https:\/\/www.enerjigazetesi.ist\/en\/wp-json\/wp\/v2\/tags?post=198928"}],"curies":[{"name":"wp","href":"https:\/\/api.w.org\/{rel}","templated":true}]}}