{"id":198918,"date":"2025-07-28T17:14:42","date_gmt":"2025-07-28T14:14:42","guid":{"rendered":"https:\/\/www.enerjigazetesi.ist\/?p=198918"},"modified":"2025-07-28T17:46:16","modified_gmt":"2025-07-28T14:46:16","slug":"ulkemizde-nice-gabarlar-olacak","status":"publish","type":"post","link":"https:\/\/www.enerjigazetesi.ist\/en\/ulkemizde-nice-gabarlar-olacak\/","title":{"rendered":"(Turkish) \u00dclkemizde Nice Gabar\u2019lar Olacak"},"content":{"rendered":"<p class=\"qtranxs-available-languages-message qtranxs-available-languages-message-en\">Sorry, this entry is only available in <a href=\"https:\/\/www.enerjigazetesi.ist\/tr\/wp-json\/wp\/v2\/posts\/198918\" class=\"qtranxs-available-language-link qtranxs-available-language-link-tr\" title=\"Turkish\">Turkish<\/a>. For the sake of viewer convenience, the content is shown below in the alternative language. You may click the link to switch the active language.<\/p><p><\/p>\n<h2>Enerji ve Tabii Kaynaklar Bakan\u0131 Alparslan Bayraktar, Ter\u00f6rs\u00fcz T\u00fcrkiye s\u00fcrecinin \u00e7ok de\u011ferli oldu\u011funu belirterek, <em>\u201c\u015eimdi \u00f6n\u00fcm\u00fcze yeni ve b\u00fcy\u00fck bir hedef var; Ter\u00f6rs\u00fcz T\u00fcrkiye hedefi. Nas\u0131l Gabar\u2019da ter\u00f6rden kurtulduysak ve bu sonu\u00e7lar\u0131 almaya ba\u015flad\u0131ysak, t\u00fcm \u00fclke olarak ter\u00f6rden kurtuldu\u011fumuzda, o silahlar b\u0131rak\u0131ld\u0131\u011f\u0131nda \u00fclkemizde \u0130n\u015fallah nice Gabar\u2019lar olacak ve bir\u00e7ok alanda Gabar petrollerinde oldu\u011fu gibi ba\u015far\u0131 hikayeleri yazmaya devam edece\u011fiz. Onun i\u00e7in Ter\u00f6rs\u00fcz T\u00fcrkiye \u00e7ok de\u011ferli bir proje\u201d<\/em> a\u00e7\u0131klamas\u0131n\u0131 yapt\u0131.<\/h2>\n<p><img loading=\"lazy\" class=\"aligncenter wp-image-198925 size-full\" src=\"https:\/\/www.enerjigazetesi.ist\/wp-content\/uploads\/2025\/07\/dynupload_202507261941.jpg\" alt=\"\" width=\"550\" height=\"362\" srcset=\"https:\/\/www.enerjigazetesi.ist\/wp-content\/uploads\/2025\/07\/dynupload_202507261941.jpg 550w, https:\/\/www.enerjigazetesi.ist\/wp-content\/uploads\/2025\/07\/dynupload_202507261941-300x197.jpg 300w, https:\/\/www.enerjigazetesi.ist\/wp-content\/uploads\/2025\/07\/dynupload_202507261941-500x329.jpg 500w, https:\/\/www.enerjigazetesi.ist\/wp-content\/uploads\/2025\/07\/dynupload_202507261941-76x50.jpg 76w\" sizes=\"(max-width: 550px) 100vw, 550px\" \/><\/p>\n<p>Bakan Bayraktar, K\u0131rklareli ve Edirne\u2019de \u00e7e\u015fitli temaslarda bulundu. K\u0131rklareli\u2019de valili\u011fi ziyaret eden Bayraktar, AK Parti K\u0131rklareli Te\u015fkilat Akademisi toplant\u0131s\u0131na kat\u0131ld\u0131.<\/p>\n<h3><strong>Hedef Enerjide Tam Ba\u011f\u0131ms\u0131z T\u00fcrkiye<\/strong><\/h3>\n<p>Burada bir konu\u015fma yapan<strong> Bakan Bayraktar,\u00a0<\/strong>86 milyon vatanda\u015fa kesintisiz, kaliteli ve ucuz enerji sunmak i\u00e7in \u00e7al\u0131\u015ft\u0131klar\u0131na vurgu yapt\u0131. T\u00fcrkiye\u2019nin enerjide d\u0131\u015fa ba\u011f\u0131ml\u0131 oldu\u011funu ve enerji talebinin de her ge\u00e7en g\u00fcn artt\u0131\u011f\u0131n\u0131 ifade eden Bayraktar, <em>\u201cT\u00fcrkiye Y\u00fczy\u0131l\u0131nda Cumhurba\u015fkan\u0131m\u0131z\u0131n ortaya koydu\u011fu hedef do\u011frultusunda, T\u00fcrkiye&#8217;yi enerjide tam ba\u011f\u0131ms\u0131z hale getirme hedefiyle \u00e7al\u0131\u015f\u0131yoruz. T\u00fcrkiye e\u011fer enerjide tam ba\u011f\u0131ms\u0131z olursa, d\u0131\u015far\u0131ya ba\u011f\u0131ml\u0131l\u0131\u011f\u0131n\u0131 bitirirse ekonomik anlamda ba\u011f\u0131ms\u0131zl\u0131\u011f\u0131n\u0131 kazanm\u0131\u015f olacak ve siyaseten de \u00e7ok daha g\u00fc\u00e7l\u00fc bir \u00fclke olacak. Art\u0131k T\u00fcrkiye&#8217;de d\u00f6viz, enflasyon bunlar\u0131n hepsi problem olmaktan \u00e7\u0131kacak. Enerjiyi e\u011fer kendi imkanlar\u0131m\u0131zla kar\u015f\u0131larsak cari a\u00e7\u0131\u011f\u0131, yani T\u00fcrkiye&#8217;nin ekonomideki en b\u00fcy\u00fck problemini ortadan kald\u0131rm\u0131\u015f olaca\u011f\u0131z. Biz bu bilin\u00e7le ve bu inan\u00e7la \u00e7al\u0131\u015f\u0131yoruz\u201d<\/em> dedi.<\/p>\n<h3><strong>\u2018Ter\u00f6rs\u00fcz T\u00fcrkiye\u2019 \u00c7ok De\u011ferli<\/strong><\/h3>\n<p>2016\u2019da ortaya koyulan Milli Enerji ve Maden Stratejisi ile Gabar gibi ter\u00f6rle an\u0131lan yerler de dahil olmak \u00fczere petrol ve do\u011fal gaz aranmayan yer b\u0131rakmamay\u0131 hedeflediklerini hat\u0131rlatan Bayraktar, \u015fu anda Gabar\u2019da yap\u0131lan petrol \u00fcretimiyle y\u0131lda yakla\u015f\u0131k 80 milyar liral\u0131k bir ekonomik de\u011fer olu\u015fturuldu\u011funu s\u00f6yledi. Bayraktar<em>, \u201c\u015eimdi \u00f6n\u00fcm\u00fcze yeni ve b\u00fcy\u00fck bir hedef var; Ter\u00f6rs\u00fcz T\u00fcrkiye hedefi. Nas\u0131l Gabar\u2019da ter\u00f6rden kurtulduysak ve bu sonu\u00e7lar\u0131 almaya ba\u015flad\u0131ysak, t\u00fcm \u00fclke olarak ter\u00f6rden kurtuldu\u011fumuzda, o silahlar b\u0131rak\u0131ld\u0131\u011f\u0131nda \u00fclkemizde \u0130n\u015fallah nice Gabar\u2019lar olacak ve bir\u00e7ok alanda Gabar petrollerinde oldu\u011fu gibi ba\u015far\u0131 hikayeleri yazmaya devam edece\u011fiz. Onun i\u00e7in Ter\u00f6rs\u00fcz T\u00fcrkiye \u00e7ok de\u011ferli bir proje. Adeta g\u00f6z bebe\u011fi gibi onu koruyarak ba\u015far\u0131ya, neticeye ula\u015ft\u0131rmam\u0131z, T\u00fcrkiye&#8217;yi t\u00fcm\u00fcyle ter\u00f6rden kurtarmam\u0131z gerekiyor\u201d<\/em> a\u00e7\u0131klamas\u0131n\u0131 yapt\u0131.<\/p>\n<h3><strong>\u0130ki Yeni Gemi<\/strong><\/h3>\n<p>Bayraktar, Mavi Vatan\u2019da destan yazmaya devam ettiklerini kaydetti. Enerji filosundaki sondaj gemilerinin say\u0131s\u0131n\u0131 4\u2019ten 6\u2019ya y\u00fckselttiklerini ifade eden Bayraktar, 6 derin derin sondaj gemisiyle ve 2 tane sismik gemisiyle T\u00fcrkiye\u2019nin bug\u00fcn d\u00fcnyada d\u00f6rd\u00fcnc\u00fc b\u00fcy\u00fck derin deniz filosuna sahip \u00fclke haline geldi\u011fini an\u0131msatt\u0131.<\/p>\n<h3><strong>Muhalefete Cevap<\/strong><\/h3>\n<p>Muhalefetin gemi al\u0131mlar\u0131yla ilgili ele\u015ftirilerine at\u0131fta bulunan Bayraktar, <em>\u201c\u00c7ok g\u00fc\u00e7l\u00fc bir derin deniz filomuz var. Bunlarla Akdeniz&#8217;de sondajlar yapt\u0131k. Hi\u00e7 kimsenin hayal dahi edemedi\u011fi yerlerde, K\u0131br\u0131s adas\u0131n\u0131n g\u00fcneyinde sondaj yapt\u0131k. O zamanlar dediler ki \u2018Bu gemileri niye al\u0131yorsunuz?\u2019 Sen kiral\u0131k gemiyle Akdeniz&#8217;de sondaj yapabilir misin? Acaba bir metre kaz\u0131 yapabilir misin? Hepsi, \u2018Kusura bakmay\u0131n, biz Akdeniz\u2019de sizinle \u00e7al\u0131\u015famay\u0131z. Hadi bize eyvallah\u2019 deyip \u00e7ekip gidiyorlard\u0131. Kendi gemileriniz olunca, arkan\u0131zda g\u00fc\u00e7l\u00fc bir donanma olunca kimsenin size \u2018Eyvallah\u2019 deme \u015fans\u0131 yok.\u201d<\/em> dedi.<\/p>\n<h3><strong>16 Milyon Haneye Yerli Gaz<\/strong><\/h3>\n<p>Bug\u00fcn T\u00fcrkiye&#8217;de d\u00f6rt milyon hanenin yerli gaz kulland\u0131\u011f\u0131n\u0131 belirten Bayraktar, <em>\u201cBunu 2026\u2019da 8 milyon haneye \u00e7\u0131kar\u0131yoruz. 2028\u2019de d\u00f6rt kat\u0131na \u00e7\u0131karaca\u011f\u0131z ve T\u00fcrkiye&#8217;deki 16 milyon hanenin do\u011fal gaz ihtiyac\u0131n\u0131 art\u0131k kendi gaz\u0131m\u0131zla kar\u015f\u0131lar hale gelece\u011fiz.\u201d<\/em> dedi.<\/p>\n<h3><strong>Akkuyu\u2019da Birinci Reakt\u00f6r\u00fcn Y\u00fczde 95\u2019i Tamam<\/strong><\/h3>\n<p>T\u00fcrkiye&#8217;nin \u00e7ok b\u00fcy\u00fck bir yenilenebilir enerji potansiyeli oldu\u011funu vurgulayan Bayraktar, konutlardaki elektrik ihtiyac\u0131n\u0131n tamam\u0131n\u0131n r\u00fczgar ve g\u00fcne\u015ften kar\u015f\u0131land\u0131\u011f\u0131n\u0131 anlatt\u0131. Akkuyu N\u00fckleer G\u00fc\u00e7 Santrali\u2019ndeki \u00e7al\u0131\u015fmalardan da bahseden Bayraktar, santraldeki birinci reakt\u00f6r\u00fcn y\u00fczde 95\u2019inin tamamland\u0131\u011f\u0131n\u0131 belirtti. T\u00fcrkiye&#8217;nin n\u00fckleerde daha b\u00fcy\u00fck hedefleri oldu\u011funu ifade eden Bayraktar, <em>\u201cT\u00fcrkiye&#8217;nin n\u00fckleerde, Akkuyu\u2019daki 4 reakt\u00f6r gibi toplamda bunlara ilave 8 tane daha reakt\u00f6r yapma hedefi var. Sinop bunlar i\u00e7in tespit etti\u011fimiz lokasyonlardan birisi. Trakya \u00f6nemli alternatiflerden bir tanesi.\u201d<\/em> dedi.<\/p>\n<h3><strong>Elektrikte 387, Do\u011fal Gazda 363 Milyar Lira Destek<\/strong><\/h3>\n<p>Vatanda\u015fa y\u00f6nelik enerji destekleriyle ilgili de bilgi veren Bayraktar, \u201c2025 y\u0131l\u0131nda elektrikteki destek 387 milyar lira. Do\u011fal gazdaki destek 363 milyar lira\u201d bilgisini verdi.<\/p>\n<h3><strong>Edirne Temaslar\u0131<\/strong><\/h3>\n<p>Bayraktar, daha sonra K\u0131rklareli \u0130l Dan\u0131\u015fma Meclisi Toplant\u0131s\u0131na da i\u015ftirak etti. K\u0131rklareli\u2019deki temaslar\u0131n\u0131n ard\u0131ndan Edirne\u2019ye ge\u00e7en Bayraktar, burada da valili\u011fi ziyaret ettikten sonra AK Parti Edirne Te\u015fkilat Akademisi toplant\u0131s\u0131na kat\u0131ld\u0131.<\/p>\n<p>Kaynak:\u00a0<a href=\"https:\/\/enerji.gov.tr\/haber-detay?id=21539\">ETKB<\/a><\/p>\n<p>Yay\u0131na Alan: Alperen ERTA\u015e-<a href=\"http:\/\/alperen.ertas@enerjigazetesi.ist\">alperen.ertas@enerjigazetesi.ist<\/a><\/p>","protected":false},"excerpt":{"rendered":"<p>Sorry, this entry is only available in Turkish. For the sake of viewer convenience, the content is shown below in the alternative language. You may click the link to switch the active language. Enerji ve Tabii Kaynaklar Bakan\u0131 Alparslan Bayraktar, Ter\u00f6rs\u00fcz T\u00fcrkiye s\u00fcrecinin \u00e7ok de\u011ferli oldu\u011funu belirterek, \u201c\u015eimdi \u00f6n\u00fcm\u00fcze yeni ve b\u00fcy\u00fck bir hedef var; [&hellip;]<\/p>\n","protected":false},"author":19,"featured_media":198925,"comment_status":"open","ping_status":"open","sticky":false,"template":"","format":"standard","meta":[],"categories":[53,44],"tags":[115617,846],"views":18,"_links":{"self":[{"href":"https:\/\/www.enerjigazetesi.ist\/en\/wp-json\/wp\/v2\/posts\/198918"}],"collection":[{"href":"https:\/\/www.enerjigazetesi.ist\/en\/wp-json\/wp\/v2\/posts"}],"about":[{"href":"https:\/\/www.enerjigazetesi.ist\/en\/wp-json\/wp\/v2\/types\/post"}],"author":[{"embeddable":true,"href":"https:\/\/www.enerjigazetesi.ist\/en\/wp-json\/wp\/v2\/users\/19"}],"replies":[{"embeddable":true,"href":"https:\/\/www.enerjigazetesi.ist\/en\/wp-json\/wp\/v2\/comments?post=198918"}],"version-history":[{"count":0,"href":"https:\/\/www.enerjigazetesi.ist\/en\/wp-json\/wp\/v2\/posts\/198918\/revisions"}],"wp:featuredmedia":[{"embeddable":true,"href":"https:\/\/www.enerjigazetesi.ist\/en\/wp-json\/wp\/v2\/media\/198925"}],"wp:attachment":[{"href":"https:\/\/www.enerjigazetesi.ist\/en\/wp-json\/wp\/v2\/media?parent=198918"}],"wp:term":[{"taxonomy":"category","embeddable":true,"href":"https:\/\/www.enerjigazetesi.ist\/en\/wp-json\/wp\/v2\/categories?post=198918"},{"taxonomy":"post_tag","embeddable":true,"href":"https:\/\/www.enerjigazetesi.ist\/en\/wp-json\/wp\/v2\/tags?post=198918"}],"curies":[{"name":"wp","href":"https:\/\/api.w.org\/{rel}","templated":true}]}}