{"id":19889,"date":"2013-12-25T11:17:42","date_gmt":"2013-12-25T08:17:42","guid":{"rendered":"https:\/\/www.enerjigazetesi.ist\/?p=19889"},"modified":"2013-12-25T11:17:42","modified_gmt":"2013-12-25T08:17:42","slug":"isi-yalitimi-olmayan-binalar-cok-usuyor","status":"publish","type":"post","link":"https:\/\/www.enerjigazetesi.ist\/en\/isi-yalitimi-olmayan-binalar-cok-usuyor\/","title":{"rendered":"(Turkish) Is\u0131 Yal\u0131t\u0131m\u0131 Olmayan Binalar \u00c7ok \u00dc\u015f\u00fcyor&#8230;"},"content":{"rendered":"<p class=\"qtranxs-available-languages-message qtranxs-available-languages-message-en\">Sorry, this entry is only available in <a href=\"https:\/\/www.enerjigazetesi.ist\/tr\/wp-json\/wp\/v2\/posts\/19889\" class=\"qtranxs-available-language-link qtranxs-available-language-link-tr\" title=\"Turkish\">Turkish<\/a>. For the sake of viewer convenience, the content is shown below in the alternative language. You may click the link to switch the active language.<\/p><p><strong>\u00dclkemizdeki binalar\u0131n sadece y\u00fczde 15\u2019inde \u0131s\u0131 yal\u0131t\u0131m\u0131 var ve Is\u0131 yal\u0131t\u0131m\u0131 olmayan binalar\u0131n ekonomiye maliyeti her y\u0131l 10 milyar dolara yak\u0131n. Is\u0131 yal\u0131t\u0131m\u0131 sekt\u00f6r\u00fcnde komple \u00e7\u00f6z\u00fcmler sunan Blue`Safe Mavi Kale markas\u0131n\u0131n yetkilileri, \u00fc\u015f\u00fcyen binalar\u0131n hem aile b\u00fct\u00e7esine hem de \u00fclke ekonomisine b\u00fcy\u00fck k\u00fclfet getirdi\u011fini a\u00e7\u0131klad\u0131.<\/strong><\/p>\n<p><strong>\u00dcLKEM\u0130ZDEK\u0130 B\u0130NALARIN SADECE Y\u00dcZDE 15\u2019\u0130NDE ISI YALITIMI VAR<\/strong><br \/>\nBlue\u2019Safe Mavi Kale s\u00f6zc\u00fclerinden Mardav Genel M\u00fcd\u00fcr\u00fc Levent Pelesen, \u201cT\u00fcrkiye enerjide ithalata ba\u011f\u0131ml\u0131 bir \u00fclke ve maalesef cari a\u00e7\u0131kta en b\u00fcy\u00fck kalemi de enerji olu\u015ftu<a href=\"https:\/\/www.enerjigazetesi.ist\/wp-content\/uploads\/2013\/12\/isi-yalitimi-olmayan-binalar-cok-usuyor.jpg\"><img loading=\"lazy\" class=\"alignleft size-medium wp-image-19890\" title=\"isi-yalitimi-olmayan-binalar-cok-usuyor\" src=\"https:\/\/www.enerjigazetesi.ist\/wp-content\/uploads\/2013\/12\/isi-yalitimi-olmayan-binalar-cok-usuyor-300x218.jpg\" alt=\"\" width=\"300\" height=\"218\" srcset=\"https:\/\/www.enerjigazetesi.ist\/wp-content\/uploads\/2013\/12\/isi-yalitimi-olmayan-binalar-cok-usuyor-300x218.jpg 300w, https:\/\/www.enerjigazetesi.ist\/wp-content\/uploads\/2013\/12\/isi-yalitimi-olmayan-binalar-cok-usuyor-68x50.jpg 68w, https:\/\/www.enerjigazetesi.ist\/wp-content\/uploads\/2013\/12\/isi-yalitimi-olmayan-binalar-cok-usuyor.jpg 448w\" sizes=\"(max-width: 300px) 100vw, 300px\" \/><\/a>ruyor. \u0130thal etti\u011fimiz enerjinin b\u00fcy\u00fck k\u0131sm\u0131 konutlarda kullan\u0131l\u0131rken, bunun da y\u00fczde 80\u2019ini binalar\u0131m\u0131z\u0131 \u0131s\u0131tmak i\u00e7in harc\u0131yoruz. Halihaz\u0131rda \u00fclkemizdeki binalar\u0131n sadece y\u00fczde 15\u2019inde \u0131s\u0131 yal\u0131t\u0131m\u0131 uygulamas\u0131 yap\u0131lm\u0131\u015f durumda ve yal\u0131t\u0131ms\u0131zl\u0131k y\u00fcz\u00fcnden her y\u0131l 10 milyar dolara yak\u0131n enerjiyi bo\u015fa harc\u0131yoruz. Bu tabloyu de\u011fi\u015ftirmek ise elimizde\u201d dedi.<\/p>\n<p>Is\u0131 yal\u0131t\u0131m\u0131 ile elektrik ve do\u011falgaz faturalar\u0131n\u0131 yar\u0131 yar\u0131ya d\u00fc\u015f\u00fcrmenin m\u00fcmk\u00fcn oldu\u011funa vurgu yapan Levent Pelesen \u015funlar\u0131 s\u00f6yledi, \u201c\u00dclkemizde yal\u0131t\u0131m bilincinin artt\u0131\u011f\u0131n\u0131 ve bir\u00e7ok bina sahibinin bu konuda \u00f6nlem almak i\u00e7in harekete ge\u00e7ti\u011fini g\u00f6r\u00fcyoruz. Bina sahiplerini d\u00fc\u015f\u00fcnd\u00fcren en \u00f6nemli konu ise maliyet\u2026 Oysa yal\u0131t\u0131m uygulamas\u0131 yaratt\u0131\u011f\u0131 enerji tasarrufu ile 3 ila 5 y\u0131l i\u00e7inde kendini amorti ediyor. Is\u0131 yal\u0131t\u0131m\u0131 yapt\u0131ramad\u0131\u011f\u0131 i\u00e7in bu k\u0131\u015f binlerce ki\u015fi neredeyse iki kat\u0131na \u00e7\u0131kan elektrik ve do\u011falgaz faturas\u0131 \u00f6deyecek. Harcanan enerjinin y\u00fcksekli\u011fi d\u00fc\u015f\u00fcn\u00fcld\u00fc\u011f\u00fcnde yal\u0131t\u0131ma yap\u0131lan yat\u0131r\u0131m \u00e7ok d\u00fc\u015f\u00fck oranlarda kal\u0131yor.\u201d<\/p>\n<p><strong>SON 10 YILDA T\u00dcRK\u0130YE\u2019DE ENERJ\u0130 T\u00dcKET\u0130M\u0130 Y\u00dcZDE 30 ATTI<\/strong><br \/>\nKalekim Genel M\u00fcd\u00fcr\u00fc Altu\u011f Akba\u015f ise, \u00fclkemizdeki enerji t\u00fcketiminin yal\u0131t\u0131ms\u0131z binalar ve enerjinin verimli kullan\u0131lmamas\u0131 nedeniyle son 10 y\u0131lda y\u00fczde 30 artt\u0131\u011f\u0131n\u0131 vurgulayarak, \u201cT\u00fcrkiye Fransa, Almanya, \u0130sve\u00e7 gibi k\u0131\u015f ko\u015fullar\u0131n\u0131n \u00e7ok daha sert oldu\u011fu bir Avrupa \u00fclkesine g\u00f6re daha fazla enerji t\u00fcketiyor. Son 10 y\u0131lda Avrupa Birli\u011fi \u00fclkelerinin enerji t\u00fcketimi, sadece y\u00fczde 10 artt\u0131.<\/p>\n<p>Bizde ise bu art\u0131\u015f oran\u0131 y\u00fczde 30\u2026 Bunun ba\u015fl\u0131ca sebebi, \u00fclkemizdeki yal\u0131t\u0131ms\u0131z binalar nedeniyle \u0131s\u0131tma ve so\u011futmaya daha fazla enerji harcamak zorunda kalmam\u0131z. Yal\u0131t\u0131ms\u0131z bir bina y\u0131lda 300-350 kwh\/m2 enerji t\u00fcketirken, mevcut Is\u0131 Yal\u0131t\u0131m Y\u00f6netmeli\u011fi TS 825\u2019e uygun in\u015fa edilmi\u015f bir bina y\u0131lda yakla\u015f\u0131k 100 kwh\/m2 seviyelerinde enerji t\u00fcketiyor. Avrupa Birli\u011fi\u2019nde bu rakam\u0131n y\u0131lda 15 kwh\/m2\u2019nin alt\u0131na indirilmesi i\u00e7in \u00e7al\u0131\u015fmalar ba\u015flam\u0131\u015f ve Pasif Evlere y\u00f6nelik bir trend olu\u015fmu\u015f durumda\u201d dedi.<\/p>\n<p>Is\u0131 yal\u0131t\u0131m\u0131nda standartlara uygun \u00fcr\u00fcn se\u00e7imi ve do\u011fru uygulaman\u0131n da enerji tasarrufunu direkt olarak etkiledi\u011fini belirten Altu\u011f Akba\u015f, t\u00fcketicinin bu konuda dikkatli olmas\u0131 gerekti\u011fi konusunda uyard\u0131. Sekt\u00f6rde merdiven alt\u0131 \u00fcretimin yayg\u0131n oldu\u011funu, CE ve ETAG Belgelerine sahip, uygulama garantisi veren g\u00fcvenilir markalar\u0131n tercih edilmesinin \u0131s\u0131 yal\u0131t\u0131m\u0131nda maksimum fayda sa\u011flayaca\u011f\u0131n\u0131 ifade etti.<\/p>\n<p>Kaynak: <a href=\"http:\/\/enerjigunlugu.net\/isi-yalitimi-olmayan-binalar-cok-usuyor_6264.html\" target=\"_blank\">Enerji G\u00fcnl\u00fc\u011f\u00fc<\/a><\/p>","protected":false},"excerpt":{"rendered":"<p>Sorry, this entry is only available in Turkish. For the sake of viewer convenience, the content is shown below in the alternative language. You may click the link to switch the active language.\u00dclkemizdeki binalar\u0131n sadece y\u00fczde 15\u2019inde \u0131s\u0131 yal\u0131t\u0131m\u0131 var ve Is\u0131 yal\u0131t\u0131m\u0131 olmayan binalar\u0131n ekonomiye maliyeti her y\u0131l 10 milyar dolara yak\u0131n. Is\u0131 yal\u0131t\u0131m\u0131 [&hellip;]<\/p>\n","protected":false},"author":1,"featured_media":19890,"comment_status":"open","ping_status":"open","sticky":false,"template":"","format":"standard","meta":[],"categories":[53,52],"tags":[488,63,67,1009,165,103,148,12,11565,11566,380,11564,11563,793,5737],"views":679,"_links":{"self":[{"href":"https:\/\/www.enerjigazetesi.ist\/en\/wp-json\/wp\/v2\/posts\/19889"}],"collection":[{"href":"https:\/\/www.enerjigazetesi.ist\/en\/wp-json\/wp\/v2\/posts"}],"about":[{"href":"https:\/\/www.enerjigazetesi.ist\/en\/wp-json\/wp\/v2\/types\/post"}],"author":[{"embeddable":true,"href":"https:\/\/www.enerjigazetesi.ist\/en\/wp-json\/wp\/v2\/users\/1"}],"replies":[{"embeddable":true,"href":"https:\/\/www.enerjigazetesi.ist\/en\/wp-json\/wp\/v2\/comments?post=19889"}],"version-history":[{"count":1,"href":"https:\/\/www.enerjigazetesi.ist\/en\/wp-json\/wp\/v2\/posts\/19889\/revisions"}],"predecessor-version":[{"id":19891,"href":"https:\/\/www.enerjigazetesi.ist\/en\/wp-json\/wp\/v2\/posts\/19889\/revisions\/19891"}],"wp:featuredmedia":[{"embeddable":true,"href":"https:\/\/www.enerjigazetesi.ist\/en\/wp-json\/wp\/v2\/media\/19890"}],"wp:attachment":[{"href":"https:\/\/www.enerjigazetesi.ist\/en\/wp-json\/wp\/v2\/media?parent=19889"}],"wp:term":[{"taxonomy":"category","embeddable":true,"href":"https:\/\/www.enerjigazetesi.ist\/en\/wp-json\/wp\/v2\/categories?post=19889"},{"taxonomy":"post_tag","embeddable":true,"href":"https:\/\/www.enerjigazetesi.ist\/en\/wp-json\/wp\/v2\/tags?post=19889"}],"curies":[{"name":"wp","href":"https:\/\/api.w.org\/{rel}","templated":true}]}}