{"id":198849,"date":"2025-07-25T19:24:49","date_gmt":"2025-07-25T16:24:49","guid":{"rendered":"https:\/\/www.enerjigazetesi.ist\/?p=198849"},"modified":"2025-07-25T19:24:49","modified_gmt":"2025-07-25T16:24:49","slug":"7554-sayili-yasa-ile-temiz-enerji-yatirimlari-ivme-kazanacak","status":"publish","type":"post","link":"https:\/\/www.enerjigazetesi.ist\/en\/7554-sayili-yasa-ile-temiz-enerji-yatirimlari-ivme-kazanacak\/","title":{"rendered":"(Turkish) 7554 Say\u0131l\u0131 Yasa ile Temiz Enerji Yat\u0131r\u0131mlar\u0131 \u0130vme Kazanacak"},"content":{"rendered":"<p class=\"qtranxs-available-languages-message qtranxs-available-languages-message-en\">Sorry, this entry is only available in <a href=\"https:\/\/www.enerjigazetesi.ist\/tr\/wp-json\/wp\/v2\/posts\/198849\" class=\"qtranxs-available-language-link qtranxs-available-language-link-tr\" title=\"Turkish\">Turkish<\/a>. For the sake of viewer convenience, the content is shown below in the alternative language. You may click the link to switch the active language.<\/p><p><\/p>\n<h2>T\u00fcrkiye B\u00fcy\u00fck Millet Meclisi\u2019nde (TBMM) uzun g\u00f6r\u00fc\u015fmeler sonucunda kabul edilen, maden ve \u00e7evre yasalar\u0131nda \u00f6nemli de\u011fi\u015fikler getiren 7554 say\u0131l\u0131 kanun, 24 Temmuz tarihli Resm\u00ee Gazete\u2019de yay\u0131nlanarak y\u00fcr\u00fcrl\u00fc\u011fe girdi. Yasan\u0131n temiz enerji sekt\u00f6r\u00fcne etkilerini de\u011ferlendiren Enerji Sanayicileri ve \u0130\u015f \u0130nsanlar\u0131 Derne\u011fi (ENS\u0130A) Y\u00f6netim Kurulu Ba\u015fkan\u0131 Alper Kalayc\u0131, ba\u015fta \u00c7evresel Etki De\u011ferlendirme (\u00c7ED) s\u00fcre\u00e7lerinde sadele\u015fme \u00f6ng\u00f6ren yasan\u0131n, yenilenebilir enerji yat\u0131r\u0131mlar\u0131nda \u00c7ED raporunu \u00f6n \u015fart olmaktan \u00e7\u0131kard\u0131\u011f\u0131n\u0131, \u00c7ED d\u0131\u015f\u0131ndaki izin s\u00fcre\u00e7lerinin ise e\u015fzamanl\u0131 olarak ba\u015flat\u0131lmas\u0131n\u0131n \u00f6n\u00fcn\u00fc a\u00e7t\u0131\u011f\u0131n\u0131 s\u00f6yledi.<\/h2>\n<p><img loading=\"lazy\" class=\"size-full wp-image-198850 aligncenter\" src=\"https:\/\/www.enerjigazetesi.ist\/wp-content\/uploads\/2025\/07\/7554-sayili-yasa-ile-temiz-enerji-yatirimlari-ivme-kazanacak_8263292.jpg\" alt=\"\" width=\"550\" height=\"326\" srcset=\"https:\/\/www.enerjigazetesi.ist\/wp-content\/uploads\/2025\/07\/7554-sayili-yasa-ile-temiz-enerji-yatirimlari-ivme-kazanacak_8263292.jpg 550w, https:\/\/www.enerjigazetesi.ist\/wp-content\/uploads\/2025\/07\/7554-sayili-yasa-ile-temiz-enerji-yatirimlari-ivme-kazanacak_8263292-300x178.jpg 300w, https:\/\/www.enerjigazetesi.ist\/wp-content\/uploads\/2025\/07\/7554-sayili-yasa-ile-temiz-enerji-yatirimlari-ivme-kazanacak_8263292-500x296.jpg 500w, https:\/\/www.enerjigazetesi.ist\/wp-content\/uploads\/2025\/07\/7554-sayili-yasa-ile-temiz-enerji-yatirimlari-ivme-kazanacak_8263292-80x47.jpg 80w\" sizes=\"(max-width: 550px) 100vw, 550px\" \/><\/p>\n<h3><strong>\u00c7ED KAYNAKLI KAMU KAYBI YOK<\/strong><\/h3>\n<p>\u00c7ED izni al\u0131n\u00acmadan yat\u0131r\u0131m yap\u0131lamayaca\u011f\u0131 i\u00e7in herhangi bir kamu kayb\u0131n\u0131n da ya\u015fanmayaca\u011f\u0131na, d\u00fczenlemenin enerji yat\u0131r\u0131mlar\u0131n\u0131n b\u00fcrokrasi s\u00fcre\u00e7lerinde \u00f6nemli \u00f6l\u00e7\u00fcde sadele\u015fme sa\u011flayaca\u011f\u0131na i\u015faret eden Kalayc\u0131, bu durumun yabanc\u0131 yat\u0131r\u0131mc\u0131lar i\u00e7in de daha motive edici bir yat\u0131r\u0131m iklimi olu\u015fturaca\u011f\u0131n\u0131 belirtti.<\/p>\n<p>Uzun izin s\u00fcre\u00e7lerinin yat\u0131r\u0131mc\u0131lar i\u00e7in ciddi s\u0131k\u0131nt\u0131lar bar\u0131nd\u0131rd\u0131\u011f\u0131na de\u011finen ENS\u0130A Ba\u015fkan\u0131 Alper Kalayc\u0131, \u015f\u00f6yle devam etti:<br \/>\n<em>\u201c\u00c7ED s\u00fcreci tamamlanmadan imar plan\u0131, ruhsat al\u0131m\u0131 gibi di\u011fer a\u015famalara ge\u00e7ilemiyordu. Art\u0131k yat\u0131r\u0131mc\u0131lar \u00c7ED ba\u015fvurular\u0131 devam ederken, di\u011fer s\u00fcre\u00e7lere de ba\u015fvurabilecek. Bu \u015fekilde birbiri ard\u0131na olan s\u00fcre\u00e7leri \u00fcst \u00fcste bindirme \u015fans\u0131 olacak ve s\u00fcre\u00e7 k\u0131salacak. Bu yasa ile bekleme a\u015famas\u0131nda olan yat\u0131r\u0131mlar\u0131n da sahaya inmesinin h\u0131zlanaca\u011f\u0131n\u0131 \u00f6ng\u00f6r\u00fcyoruz. Ayr\u0131ca r\u00fczg\u00e2r enerjisinde projeye ba\u015flama ile devreye aras\u0131nda ge\u00e7en s\u00fcrenin yakla\u015f\u0131k 5 y\u0131ldan iki y\u0131l\u0131n alt\u0131na inmesi ile Avrupa&#8217;daki bir\u00e7ok \u00fclkeden bile daha iyi noktaya y\u00fckselmi\u015f olaca\u011f\u0131z.\u201d<\/em> dedi.<\/p>\n<p><strong>TAVAN F\u0130YATTA \u0130Y\u0130LE\u015eME BEKLENT\u0130S\u0130<\/strong><\/p>\n<p>Elektrik piyasas\u0131ndaki tavan uygulamas\u0131 ile da\u011f\u0131t\u0131m ve iletim bedellerinde s\u0131kl\u0131kla ya\u015fanan de\u011fi\u015fikliklerin sat\u0131\u015f fiyatlar\u0131 \u00fczerinde bask\u0131 yaratt\u0131\u011f\u0131n\u0131 kaydeden Kalayc\u0131, enerji b\u00fcrokrasisinin bu y\u00f6nde ataca\u011f\u0131 olumlu ad\u0131mlar\u0131n yabanc\u0131 yat\u0131r\u0131mc\u0131n\u0131n ilgisini daha da art\u0131raca\u011f\u0131n\u0131n alt\u0131n\u0131 \u00e7izdi.T\u00fcrkiye\u2019nin 2035 y\u0131l\u0131 r\u00fczg\u00e2r ve g\u00fcne\u015f enerjisi toplam\u0131nda 120 bin Megavat (MW) kurulu g\u00fc\u00e7 hedefledi\u011fini hat\u0131rlatan Alper Kalayc\u0131, bu \u00f6nemli hedeflerin ger\u00e7ekle\u015fmesi i\u00e7in her y\u0131l r\u00fczg\u00e2r enerjisinde 3 bin MW, g\u00fcne\u015f enerjisinde 5 bin 500 MW kurulu g\u00fcc\u00fcn devreye al\u0131nmas\u0131 gerekti\u011fini, yasan\u0131n ard\u0131ndan ilgili alt mevzuatlar\u0131n da s\u00fcratle yay\u0131nlanmas\u0131n\u0131 beklediklerini vurgulad\u0131.<\/p>\n<p>Yasan\u0131n 15\u2019inci maddesine ili\u015fkin ise \u00e7ekinceleri oldu\u011funu belirten Kalayc\u0131, bu maddede \u201cOrman vas\u0131fl\u0131 ta\u015f\u0131nmazlarda r\u00fczg\u00e2r veya g\u00fcne\u015f enerjisine dayal\u0131 elektrik \u00fcretim tesislerinin kurulabilmesine ili\u015fkin izin s\u00fcrecinin de sadele\u015ftirildi\u011fini kaydeden Kalayc\u0131, \u015fu de\u011ferlendirmeyi yapt\u0131:<\/p>\n<h3><strong>ORMAN ARAZ\u0130LER\u0130NE D\u0130KKAT<\/strong><\/h3>\n<p><em>\u201cENS\u0130A olarak \u00fczerinde orman olmasa da vasf\u0131 orman olan arazilerde ve tar\u0131m arazilerinde g\u00fcne\u015f enerjisi santrallerinim kurulmas\u0131n\u0131n do\u011fru bulmad\u0131\u011f\u0131m\u0131z\u0131 daha \u00f6nce pek \u00e7ok kez kamuoyumuz ile payla\u015fm\u0131\u015ft\u0131k. Hatta 2020 y\u0131l\u0131nda \u0130zmir\u2019in Karaburun il\u00e7esinde bir zeytinli\u011fin kesilerek yerine g\u00fcne\u015f enerjisi santrali yap\u0131lmas\u0131na kar\u015f\u0131 tepkimizi de koymu\u015ftuk. Planlanan t\u00fcm yat\u0131r\u0131mlar\u0131n do\u011faya zarar vermeden, yasa ve y\u00f6netmeliklerde belirlenen teknik ve \u00e7evresel uygunluk \u015fartlar\u0131ndan \u00f6d\u00fcn verilmeden in\u015fa edilmesini savunuyoruz. Son y\u0131llarda s\u0131cak yaz aylar\u0131nda \u00e7ok b\u00fcy\u00fck \u00f6l\u00e7ekli orman alan\u0131m\u0131z\u0131 maalesef kaybettik. Sadece \u0130zmir\u2019de bu y\u0131l\u0131n Haziran ve Temmuz aylar\u0131nda 25 bin hektar\u0131n \u00fczerinde orman ve mera alan\u0131m\u0131z yand\u0131. Bu alanlar\u0131n vas\u0131flar\u0131n\u0131 kaybetmeden yeniden eski haline getirilmesini ve enerji santralleri de dahil olmak \u00fczere kesinlikle yap\u0131la\u015fmaya a\u00e7\u0131lmamas\u0131 gerekti\u011fini savunuyoruz.\u201d<\/em><\/p>\n<p>GES kurulumlar\u0131n\u0131n geni\u015f arazi ihtiyac\u0131 do\u011furdu\u011funa de\u011finen Kalayc\u0131, ge\u00e7mi\u015f y\u0131llarda r\u00fczg\u00e2r enerjisi santralleri ile hibrit santral olarak kurgulanan, e\u015fde\u011fer kurulu g\u00fc\u00e7 i\u00e7in lisans muafiyeti kazanan g\u00fcne\u015f enerjisi santrallerinin orman vas\u0131fl\u0131 alanlarda sorun yaratt\u0131\u011f\u0131n\u0131 hat\u0131rlatt\u0131.<\/p>\n<p>Yasada acele kamula\u015ft\u0131rma karar s\u00fcre\u00e7lerinin h\u0131zland\u0131r\u0131ld\u0131\u011f\u0131n\u0131 da s\u00f6zlerine ekleyen Alper Kalayc\u0131, \u00f6zellikle Ege B\u00f6lgesi\u2019ndeki r\u00fczg\u00e2r ve g\u00fcne\u015f enerjisi yat\u0131r\u0131mlar\u0131nda baz\u0131 tepkilere sahne olan s\u00fcrecin, yat\u0131r\u0131mc\u0131 \u015firketler ve kamu otoriteleri taraf\u0131ndan hassasiyetle y\u00fcr\u00fct\u00fclmesi gerekti\u011fine dikkat \u00e7ekti.<\/p>\n<p>Yay\u0131na Alan: Alperen ERTA\u015e-<a href=\"http:\/\/alperen.ertas@enerjigazetesi.ist\">alperen.ertas@enerjigazetesi.ist<\/a><\/p>","protected":false},"excerpt":{"rendered":"<p>Sorry, this entry is only available in Turkish. For the sake of viewer convenience, the content is shown below in the alternative language. You may click the link to switch the active language. T\u00fcrkiye B\u00fcy\u00fck Millet Meclisi\u2019nde (TBMM) uzun g\u00f6r\u00fc\u015fmeler sonucunda kabul edilen, maden ve \u00e7evre yasalar\u0131nda \u00f6nemli de\u011fi\u015fikler getiren 7554 say\u0131l\u0131 kanun, 24 Temmuz [&hellip;]<\/p>\n","protected":false},"author":19,"featured_media":198850,"comment_status":"open","ping_status":"open","sticky":false,"template":"","format":"standard","meta":[],"categories":[51,53,49,50],"tags":[116949,116948],"views":8,"_links":{"self":[{"href":"https:\/\/www.enerjigazetesi.ist\/en\/wp-json\/wp\/v2\/posts\/198849"}],"collection":[{"href":"https:\/\/www.enerjigazetesi.ist\/en\/wp-json\/wp\/v2\/posts"}],"about":[{"href":"https:\/\/www.enerjigazetesi.ist\/en\/wp-json\/wp\/v2\/types\/post"}],"author":[{"embeddable":true,"href":"https:\/\/www.enerjigazetesi.ist\/en\/wp-json\/wp\/v2\/users\/19"}],"replies":[{"embeddable":true,"href":"https:\/\/www.enerjigazetesi.ist\/en\/wp-json\/wp\/v2\/comments?post=198849"}],"version-history":[{"count":0,"href":"https:\/\/www.enerjigazetesi.ist\/en\/wp-json\/wp\/v2\/posts\/198849\/revisions"}],"wp:featuredmedia":[{"embeddable":true,"href":"https:\/\/www.enerjigazetesi.ist\/en\/wp-json\/wp\/v2\/media\/198850"}],"wp:attachment":[{"href":"https:\/\/www.enerjigazetesi.ist\/en\/wp-json\/wp\/v2\/media?parent=198849"}],"wp:term":[{"taxonomy":"category","embeddable":true,"href":"https:\/\/www.enerjigazetesi.ist\/en\/wp-json\/wp\/v2\/categories?post=198849"},{"taxonomy":"post_tag","embeddable":true,"href":"https:\/\/www.enerjigazetesi.ist\/en\/wp-json\/wp\/v2\/tags?post=198849"}],"curies":[{"name":"wp","href":"https:\/\/api.w.org\/{rel}","templated":true}]}}