{"id":19880,"date":"2013-12-25T11:02:05","date_gmt":"2013-12-25T08:02:05","guid":{"rendered":"https:\/\/www.enerjigazetesi.ist\/?p=19880"},"modified":"2013-12-25T11:02:42","modified_gmt":"2013-12-25T08:02:42","slug":"vodafone-hizli-internet-icin-teiasin-elektrik-hatlarini-kiraladi","status":"publish","type":"post","link":"https:\/\/www.enerjigazetesi.ist\/en\/vodafone-hizli-internet-icin-teiasin-elektrik-hatlarini-kiraladi\/","title":{"rendered":"(Turkish) Vodafone, H\u0131zl\u0131 \u0130nternet \u0130\u00e7in TE\u0130A\u015e\u2019\u0131n Elektrik Hatlar\u0131n\u0131 Kiralad\u0131&#8230;"},"content":{"rendered":"<p class=\"qtranxs-available-languages-message qtranxs-available-languages-message-en\">Sorry, this entry is only available in <a href=\"https:\/\/www.enerjigazetesi.ist\/tr\/wp-json\/wp\/v2\/posts\/19880\" class=\"qtranxs-available-language-link qtranxs-available-language-link-tr\" title=\"Turkish\">Turkish<\/a>. For the sake of viewer convenience, the content is shown below in the alternative language. You may click the link to switch the active language.<\/p><p><strong>T\u00fcrkiye Elektrik \u0130letim A\u015e\u2019nin (TE\u0130A\u015e) fiber altyap\u0131 ihalelerini GSM \u015firketi Vodafone T\u00fcrkiye ald\u0131. Proje kapsam\u0131nda ek fiber optik hat yat\u0131r\u0131m\u0131 d\u00e2hil 300 milyon TL\u2019lik yat\u0131r\u0131m ger\u00e7ekle\u015ftirilecek. Kurulacak olan a\u011f, Vodafone\u2019un d\u00fcnya genelinde 1 milyon kilometreyi a\u015fan fiber \u015febekesine entegre olacak. B\u00f6ylelikle T\u00fcrkiye, Avrupa\u2019dan Asya\u2019ya ula\u015fan ses ve veri a\u011f\u0131n\u0131n k\u00f6pr\u00fcs\u00fc konumuna gelecek.<\/strong><\/p>\n<p>Vodafone T\u00fcrkiye, TE\u0130A\u015e\u2019\u0131n enerji iletim hat<a href=\"https:\/\/www.enerjigazetesi.ist\/wp-content\/uploads\/2013\/12\/vodafone-hizli-internet-icin-teiasin-elektrik-hatlarini-kiraladi.jpg\"><img loading=\"lazy\" class=\"alignleft size-medium wp-image-19881\" title=\"vodafone-hizli-internet-icin-teiasin-elektrik-hatlarini-kiraladi\" src=\"https:\/\/www.enerjigazetesi.ist\/wp-content\/uploads\/2013\/12\/vodafone-hizli-internet-icin-teiasin-elektrik-hatlarini-kiraladi-300x209.jpg\" alt=\"\" width=\"300\" height=\"209\" srcset=\"https:\/\/www.enerjigazetesi.ist\/wp-content\/uploads\/2013\/12\/vodafone-hizli-internet-icin-teiasin-elektrik-hatlarini-kiraladi-300x209.jpg 300w, https:\/\/www.enerjigazetesi.ist\/wp-content\/uploads\/2013\/12\/vodafone-hizli-internet-icin-teiasin-elektrik-hatlarini-kiraladi-71x50.jpg 71w, https:\/\/www.enerjigazetesi.ist\/wp-content\/uploads\/2013\/12\/vodafone-hizli-internet-icin-teiasin-elektrik-hatlarini-kiraladi.jpg 400w\" sizes=\"(max-width: 300px) 100vw, 300px\" \/><\/a>lar\u0131nda bulunan fiber optik kablolar\u0131n\u0131n kullan\u0131m hakk\u0131 ihalelerini 45 milyon 699 bin Euro (128 milyon TL) bedelle 15 y\u0131ll\u0131\u011f\u0131na ald\u0131. Ald\u0131klar\u0131 ihalenin \u00f6nemine de\u011finen Vodafone T\u00fcrkiye \u0130cra Kurulu Ba\u015fkan\u0131 G\u00f6khan \u00d6\u011f\u00fct, \u201cB\u00fct\u00fcnle\u015fik telekom\u00fcnikasyondan mobil ihtiya\u00e7lara kadar, T\u00fcrkiye\u2019yi dijitalle\u015fmeye g\u00f6t\u00fcrecek ve yeni d\u00fcnyan\u0131n merkezindeki en \u00f6nemli akt\u00f6rlerden biri k\u0131lacak fiber \u015febekemizi, TE\u0130A\u015e\u2019tan kullan\u0131m hakk\u0131n\u0131 ald\u0131\u011f\u0131m\u0131z fiber hatlarla g\u00fc\u00e7lendiriyoruz.\u201d dedi. \u0130ki y\u0131l i\u00e7inde ana hatlar\u0131 mevcut \u015febekelerine eklemek i\u00e7in yeni fiber a\u011flar in\u015fa edeceklerini s\u00f6yleyen \u00d6\u011f\u00fct, \u201cYakla\u015f\u0131k 300 milyon TL\u2019lik altyap\u0131 yat\u0131r\u0131m\u0131yla olu\u015fturaca\u011f\u0131m\u0131z bu yeni a\u011f\u0131m\u0131zla, Vodafone T\u00fcrkiye\u2019nin fiber \u015febekesini 2,5 kat\u0131 b\u00fcy\u00fckl\u00fc\u011fe eri\u015ftirmeyi planl\u0131yoruz.<\/p>\n<p>Mevcut 1 milyon kilometrelik Vodafone global fiber \u015febekesine entegre olacak a\u011f\u0131m\u0131z sayesinde \u00fclkemiz, Avrupa\u2019dan Hindistan\u2019a ula\u015fan ses ve veri a\u011f\u0131n\u0131n k\u00f6pr\u00fcs\u00fc g\u00f6revini \u00fcstlenecek.\u201d \u015feklinde konu\u015ftu. \u00d6\u011f\u00fct, TE\u0130A\u015e\u2019la yap\u0131lan \u00e7al\u0131\u015fma sonucunda T\u00fcrkiye i\u00e7i fiber a\u011f uzunluklar\u0131n\u0131n yap\u0131lacak yat\u0131r\u0131mla birlikte 16 bin kilometreye ula\u015faca\u011f\u0131 bilgisini verdi. G\u00f6khan \u00d6\u011f\u00fct, t\u00fcm GSM operat\u00f6rlerinin ortak altyap\u0131 kullan\u0131mlar\u0131na ili\u015fkin ise, \u201cYat\u0131r\u0131m \u00e7al\u0131\u015fmam\u0131z kapsam\u0131nda di\u011fer operat\u00f6rlerin kullanmak istedi\u011fi hatlar\u0131m\u0131z varsa bunu payla\u015fmaya haz\u0131r\u0131z.\u201d dedi.<\/p>\n<p>Vodafone\u2019un TE\u0130A\u015e\u2019tan kullan\u0131m hakk\u0131n\u0131 ald\u0131\u011f\u0131 fiber a\u011f, ilk etapta 3\u00d7100 Gbps\u2019lik kapasite sunacak. Ek yat\u0131r\u0131mlarla kurulacak olan yeni fiber optik a\u011fla birlikte maksimum kapasite 80\u00d7100 Gbps\u2019ye eri\u015fecek.<\/p>\n<p>Kaynak: <a href=\"http:\/\/enerjienstitusu.com\/2013\/12\/25\/vodafone-hizli-internet-icin-teiasin-elektrik-hatlarini-kiraladi\/\" target=\"_blank\">Enerji Enstit\u00fcs\u00fc<\/a><\/p>","protected":false},"excerpt":{"rendered":"<p>Sorry, this entry is only available in Turkish. For the sake of viewer convenience, the content is shown below in the alternative language. You may click the link to switch the active language.T\u00fcrkiye Elektrik \u0130letim A\u015e\u2019nin (TE\u0130A\u015e) fiber altyap\u0131 ihalelerini GSM \u015firketi Vodafone T\u00fcrkiye ald\u0131. Proje kapsam\u0131nda ek fiber optik hat yat\u0131r\u0131m\u0131 d\u00e2hil 300 milyon [&hellip;]<\/p>\n","protected":false},"author":1,"featured_media":19881,"comment_status":"open","ping_status":"open","sticky":false,"template":"","format":"standard","meta":[],"categories":[51,53,157],"tags":[63,67,1009,165,11559,11562,11561,1582,3479,11560],"views":875,"_links":{"self":[{"href":"https:\/\/www.enerjigazetesi.ist\/en\/wp-json\/wp\/v2\/posts\/19880"}],"collection":[{"href":"https:\/\/www.enerjigazetesi.ist\/en\/wp-json\/wp\/v2\/posts"}],"about":[{"href":"https:\/\/www.enerjigazetesi.ist\/en\/wp-json\/wp\/v2\/types\/post"}],"author":[{"embeddable":true,"href":"https:\/\/www.enerjigazetesi.ist\/en\/wp-json\/wp\/v2\/users\/1"}],"replies":[{"embeddable":true,"href":"https:\/\/www.enerjigazetesi.ist\/en\/wp-json\/wp\/v2\/comments?post=19880"}],"version-history":[{"count":3,"href":"https:\/\/www.enerjigazetesi.ist\/en\/wp-json\/wp\/v2\/posts\/19880\/revisions"}],"predecessor-version":[{"id":19884,"href":"https:\/\/www.enerjigazetesi.ist\/en\/wp-json\/wp\/v2\/posts\/19880\/revisions\/19884"}],"wp:featuredmedia":[{"embeddable":true,"href":"https:\/\/www.enerjigazetesi.ist\/en\/wp-json\/wp\/v2\/media\/19881"}],"wp:attachment":[{"href":"https:\/\/www.enerjigazetesi.ist\/en\/wp-json\/wp\/v2\/media?parent=19880"}],"wp:term":[{"taxonomy":"category","embeddable":true,"href":"https:\/\/www.enerjigazetesi.ist\/en\/wp-json\/wp\/v2\/categories?post=19880"},{"taxonomy":"post_tag","embeddable":true,"href":"https:\/\/www.enerjigazetesi.ist\/en\/wp-json\/wp\/v2\/tags?post=19880"}],"curies":[{"name":"wp","href":"https:\/\/api.w.org\/{rel}","templated":true}]}}