{"id":198795,"date":"2025-07-24T14:04:49","date_gmt":"2025-07-24T11:04:49","guid":{"rendered":"https:\/\/www.enerjigazetesi.ist\/?p=198795"},"modified":"2025-07-24T14:04:49","modified_gmt":"2025-07-24T11:04:49","slug":"netas-ve-aspilsan-enerjiden-stratejik-is-birligi","status":"publish","type":"post","link":"https:\/\/www.enerjigazetesi.ist\/en\/netas-ve-aspilsan-enerjiden-stratejik-is-birligi\/","title":{"rendered":"(Turkish) Neta\u015f ve ASP\u0130LSAN Enerji&#8217;den Stratejik \u0130\u015f Birli\u011fi"},"content":{"rendered":"<p class=\"qtranxs-available-languages-message qtranxs-available-languages-message-en\">Sorry, this entry is only available in <a href=\"https:\/\/www.enerjigazetesi.ist\/tr\/wp-json\/wp\/v2\/posts\/198795\" class=\"qtranxs-available-language-link qtranxs-available-language-link-tr\" title=\"Turkish\">Turkish<\/a>. For the sake of viewer convenience, the content is shown below in the alternative language. You may click the link to switch the active language.<\/p><p><\/p>\n<h2>Neta\u015f ve ASP\u0130LSAN Enerji, y\u00fcksek katma de\u011ferli \u00fcr\u00fcn ve \u00e7\u00f6z\u00fcmler geli\u015ftirmek \u00fczere g\u00fc\u00e7lerini birle\u015ftirdi. IDEF 2025 Fuar\u0131 kapsam\u0131nda imzalanan stratejik i\u015f birli\u011fi anla\u015fmas\u0131, ba\u015fta savunma sanayii olmak \u00fczere, enerji depolama ve kesintisiz g\u00fc\u00e7 sistemleri gibi kritik alanlarda yerli ve milli teknolojilerin geli\u015ftirilmesini hedefliyor.<\/h2>\n<p><img loading=\"lazy\" class=\"aligncenter wp-image-198796 size-full\" src=\"https:\/\/www.enerjigazetesi.ist\/wp-content\/uploads\/2025\/07\/netas-ve-aspilsan-enerji-den-yuksek-teknoloji-alaninda-stratejik-is-birligi_7833625.jpg\" alt=\"\" width=\"550\" height=\"326\" srcset=\"https:\/\/www.enerjigazetesi.ist\/wp-content\/uploads\/2025\/07\/netas-ve-aspilsan-enerji-den-yuksek-teknoloji-alaninda-stratejik-is-birligi_7833625.jpg 550w, https:\/\/www.enerjigazetesi.ist\/wp-content\/uploads\/2025\/07\/netas-ve-aspilsan-enerji-den-yuksek-teknoloji-alaninda-stratejik-is-birligi_7833625-300x178.jpg 300w, https:\/\/www.enerjigazetesi.ist\/wp-content\/uploads\/2025\/07\/netas-ve-aspilsan-enerji-den-yuksek-teknoloji-alaninda-stratejik-is-birligi_7833625-500x296.jpg 500w, https:\/\/www.enerjigazetesi.ist\/wp-content\/uploads\/2025\/07\/netas-ve-aspilsan-enerji-den-yuksek-teknoloji-alaninda-stratejik-is-birligi_7833625-80x47.jpg 80w\" sizes=\"(max-width: 550px) 100vw, 550px\" \/><br \/>\nAnla\u015fma \u00e7er\u00e7evesinde iki kurum, m\u00fchendislik g\u00fc\u00e7lerini ortak Ar-Ge ve \u00fcr\u00fcn geli\u015ftirme faaliyetlerinde birle\u015ftirecek. Yapay zek\u00e2 destekli kestirimci bak\u0131m, uzaktan izleme, y\u00f6netim ve orkestrasyon altyap\u0131lar\u0131n\u0131n yerli imkanlarla geli\u015ftirilmesi planlan\u0131rken, kesintisiz g\u00fc\u00e7 sistemleri alan\u0131nda da \u015febeke istikrar\u0131n\u0131 destekleyecek ve acil durumlarda devreye girecek yedek g\u00fc\u00e7 \u00e7\u00f6z\u00fcmleri olu\u015fturulacak.<\/p>\n<p><strong>\u0130\u015f birli\u011fi hakk\u0131nda de\u011ferlendirmede bulunan Neta\u015f CEO\u2019su Sinan Dumlu,<\/strong> <em>\u201cASP\u0130LSAN Enerji gibi yerli teknolojilere \u00f6nc\u00fcl\u00fck eden bir kurulu\u015fla stratejik ortakl\u0131k kurmaktan memnuniyet duyuyoruz. Neta\u015f\u2019\u0131n haberle\u015fme ve sistem entegrasyonundaki k\u00f6kl\u00fc tecr\u00fcbesi ile ASP\u0130LSAN\u2019\u0131n enerji alan\u0131ndaki uzmanl\u0131\u011f\u0131n\u0131 bir araya getirerek, savunma sanayiinin yan\u0131 s\u0131ra sivil ve kritik altyap\u0131lara y\u00f6nelik y\u00fcksek katma de\u011ferli \u00e7\u00f6z\u00fcmler geli\u015ftirmeyi ama\u00e7l\u0131yoruz,\u201d<\/em> dedi.<\/p>\n<p><strong>ASP\u0130LSAN Enerji Genel M\u00fcd\u00fcr\u00fc Prof. Dr. Ahmet Turan \u00d6zdemir<\/strong> ise enerji sistemlerinin dijitalle\u015fmesine dikkat \u00e7ekerek, <em>\u201cEnerji depolama, kesintisiz g\u00fc\u00e7 sistemleri ve uzaktan y\u00f6netim gibi alanlarda teknolojik g\u00fcc\u00fcm\u00fcz\u00fc art\u0131racak bu i\u015f birli\u011fi sayesinde, hem yerli \u00fcretim kapasitemizi geni\u015fletecek hem de \u00fclkemize stratejik katk\u0131 sunmaya devam edece\u011fiz,\u201d<\/em> ifadelerini kulland\u0131.<\/p>\n<p>Anla\u015fmayla ilgili de\u011ferlendirmede bulunan <strong>Milli Savunma Bakan Yard\u0131mc\u0131s\u0131 ve Neta\u015f Y\u00f6netim Kurulu Ba\u015fkan Vekili \u015euay Alpay<\/strong> da, bu stratejik i\u015f birli\u011finin T\u00fcrkiye\u2019nin y\u00fcksek teknoloji ekosistemine s\u00fcrd\u00fcr\u00fclebilir \u00e7\u00f6z\u00fcmler kazand\u0131raca\u011f\u0131n\u0131 ve yerli m\u00fchendislik yetkinliklerinin k\u00fcresel arenaya ta\u015f\u0131nmas\u0131nda \u00f6nemli bir ad\u0131m oldu\u011funu vurgulad\u0131.<\/p>\n<p>Yay\u0131na Alan: Alperen ERTA\u015e-<a href=\"http:\/\/alperen.ertas@enerjigazetesi.ist\">alperen.ertas@enerjigazetesi.ist<\/a><\/p>","protected":false},"excerpt":{"rendered":"<p>Sorry, this entry is only available in Turkish. For the sake of viewer convenience, the content is shown below in the alternative language. You may click the link to switch the active language. Neta\u015f ve ASP\u0130LSAN Enerji, y\u00fcksek katma de\u011ferli \u00fcr\u00fcn ve \u00e7\u00f6z\u00fcmler geli\u015ftirmek \u00fczere g\u00fc\u00e7lerini birle\u015ftirdi. IDEF 2025 Fuar\u0131 kapsam\u0131nda imzalanan stratejik i\u015f birli\u011fi [&hellip;]<\/p>\n","protected":false},"author":19,"featured_media":198796,"comment_status":"open","ping_status":"open","sticky":false,"template":"","format":"standard","meta":[],"categories":[51,53],"tags":[61,116942],"views":14,"_links":{"self":[{"href":"https:\/\/www.enerjigazetesi.ist\/en\/wp-json\/wp\/v2\/posts\/198795"}],"collection":[{"href":"https:\/\/www.enerjigazetesi.ist\/en\/wp-json\/wp\/v2\/posts"}],"about":[{"href":"https:\/\/www.enerjigazetesi.ist\/en\/wp-json\/wp\/v2\/types\/post"}],"author":[{"embeddable":true,"href":"https:\/\/www.enerjigazetesi.ist\/en\/wp-json\/wp\/v2\/users\/19"}],"replies":[{"embeddable":true,"href":"https:\/\/www.enerjigazetesi.ist\/en\/wp-json\/wp\/v2\/comments?post=198795"}],"version-history":[{"count":0,"href":"https:\/\/www.enerjigazetesi.ist\/en\/wp-json\/wp\/v2\/posts\/198795\/revisions"}],"wp:featuredmedia":[{"embeddable":true,"href":"https:\/\/www.enerjigazetesi.ist\/en\/wp-json\/wp\/v2\/media\/198796"}],"wp:attachment":[{"href":"https:\/\/www.enerjigazetesi.ist\/en\/wp-json\/wp\/v2\/media?parent=198795"}],"wp:term":[{"taxonomy":"category","embeddable":true,"href":"https:\/\/www.enerjigazetesi.ist\/en\/wp-json\/wp\/v2\/categories?post=198795"},{"taxonomy":"post_tag","embeddable":true,"href":"https:\/\/www.enerjigazetesi.ist\/en\/wp-json\/wp\/v2\/tags?post=198795"}],"curies":[{"name":"wp","href":"https:\/\/api.w.org\/{rel}","templated":true}]}}