{"id":198743,"date":"2025-07-23T15:27:37","date_gmt":"2025-07-23T12:27:37","guid":{"rendered":"https:\/\/www.enerjigazetesi.ist\/?p=198743"},"modified":"2025-07-23T15:27:37","modified_gmt":"2025-07-23T12:27:37","slug":"senver-25te-kazananlar-belli-oldu","status":"publish","type":"post","link":"https:\/\/www.enerjigazetesi.ist\/en\/senver-25te-kazananlar-belli-oldu\/","title":{"rendered":"(Turkish) &#8217;SENVER-25&#8217;te Kazananlar Belli Oldu"},"content":{"rendered":"<p class=\"qtranxs-available-languages-message qtranxs-available-languages-message-en\">Sorry, this entry is only available in <a href=\"https:\/\/www.enerjigazetesi.ist\/tr\/wp-json\/wp\/v2\/posts\/198743\" class=\"qtranxs-available-language-link qtranxs-available-language-link-tr\" title=\"Turkish\">Turkish<\/a>. For the sake of viewer convenience, the content is shown below in the alternative language. You may click the link to switch the active language.<\/p><p><\/p>\n<h2>T\u00fcrkiye\u2019nin enerji verimlili\u011fi hedeflerine yakla\u015fmas\u0131n\u0131 ve \u00e7evreye duyarl\u0131 projelerin yayg\u0131nla\u015fmas\u0131n\u0131 sa\u011flamak amac\u0131yla bu y\u0131l 25\u2019incisi d\u00fczenlenen Sanayide Enerji Verimlili\u011fi Proje Yar\u0131\u015fmas\u0131\u2019n\u0131 (SENVER-25) kazananlar belli oldu. Enerjisini verimli kullanan 7 sanayi kurulu\u015fu \u00f6d\u00fcle lay\u0131k g\u00f6r\u00fcld\u00fc.<\/h2>\n<p><img loading=\"lazy\" class=\"aligncenter wp-image-198744 size-full\" src=\"https:\/\/www.enerjigazetesi.ist\/wp-content\/uploads\/2025\/07\/dynupload_202507221023.jpg\" alt=\"\" width=\"550\" height=\"362\" srcset=\"https:\/\/www.enerjigazetesi.ist\/wp-content\/uploads\/2025\/07\/dynupload_202507221023.jpg 550w, https:\/\/www.enerjigazetesi.ist\/wp-content\/uploads\/2025\/07\/dynupload_202507221023-300x197.jpg 300w, https:\/\/www.enerjigazetesi.ist\/wp-content\/uploads\/2025\/07\/dynupload_202507221023-500x329.jpg 500w, https:\/\/www.enerjigazetesi.ist\/wp-content\/uploads\/2025\/07\/dynupload_202507221023-76x50.jpg 76w\" sizes=\"(max-width: 550px) 100vw, 550px\" \/><\/p>\n<h3><strong>41 Proje Yar\u0131\u015ft\u0131<\/strong><\/h3>\n<p>Enerji ve Tabii Kaynaklar Bakanl\u0131\u011f\u0131 taraf\u0131ndan d\u00fczenlenen 25\u2019inci Sanayide Enerji Verimlili\u011fi Proje Yar\u0131\u015fmas\u0131\u2019na, T\u00fcrkiye\u2019nin \u00e7e\u015fitli illerinde faaliyet g\u00f6steren toplam 32 end\u00fcstriyel i\u015fletme, 41 proje ile kat\u0131ld\u0131.<\/p>\n<h3><strong>7 Projeye \u00d6d\u00fcl<\/strong><\/h3>\n<p>Projeler, end\u00fcstriyel i\u015fletmelerin y\u0131ll\u0131k toplam enerji t\u00fcketimlerine g\u00f6re farkl\u0131 kategorilerde de\u011ferlendirildi. Bakanl\u0131k yetkilileri, T\u00fcrkiye Odalar ve Borsalar Birli\u011fi y\u00f6neticileri ve akademisyenlerden olu\u015fan j\u00fcri, yapt\u0131\u011f\u0131 de\u011ferlendirme sonucunda yenilik\u00e7i ve teknolojik \u00e7\u00f6z\u00fcmleriyle dikkat \u00e7eken toplam 7 projeyi \u00f6d\u00fcllendirdi.<\/p>\n<h3>Y\u0131ll\u0131k toplam enerji t\u00fcketimi 1.001 TEP ila 50.000 TEP aras\u0131nda olan ve ilk 3\u2019e girerek \u00f6d\u00fcle lay\u0131k g\u00f6r\u00fclen firmalar ve projeleri \u015f\u00f6yle:<\/h3>\n<h3>1-<strong>TOFA\u015e<\/strong><\/h3>\n<p>Proje:\u00a0Yapay Zek\u00e2 Destekli Enerji Merkezi Is\u0131tma Sistemi: D\u0131\u015f Hava Optimizasyonu ile Verimlilik ve S\u00fcrd\u00fcr\u00fclebilirlik Projesi<\/p>\n<h3>2-\u00a0<strong>Hekimhan Madencilik \u0130thalat \u0130hracat San. ve Tic. A.\u015e.<\/strong><\/h3>\n<p>Proje: K\u00f6m\u00fcr De\u011firmeni Enerji Verimlili\u011fi Projesi<\/p>\n<h3>3-\u00a0<strong>Brisa Bridgestone Sabanc\u0131 Lastik Sanayi ve Ticaret A.\u015e. \u0130zmit Fabrikas\u0131<\/strong><\/h3>\n<p>Proje: \u0130zmit Tesisleri \u0130klimlendirmede At\u0131k Is\u0131 Geri D\u00f6n\u00fc\u015f\u00fcm Projesi<\/p>\n<p><strong>J\u00fcri \u00d6zel \u00d6d\u00fcl\u00fc<\/strong><\/p>\n<p>Bu kategoride J\u00fcri \u00d6zel \u00d6d\u00fcl\u00fc\u2019n\u00fc \u201cTesis \u0130\u00e7erisinde Buhar Verimlili\u011fi Projeleri\u201d ile\u00a0 <strong>Marsa Ya\u011f Sanayi ve Tic. A.\u015e.<\/strong>\u00a0kazand\u0131.<\/p>\n<h3>Y\u0131ll\u0131k toplam enerji t\u00fcketimi 50.001 TEP ve \u00fczeri firmalar\u0131n de\u011ferlendirmeye al\u0131nd\u0131\u011f\u0131 kategoride ba\u015far\u0131l\u0131 olan sanayi kurulu\u015flar\u0131 ve projeleri de \u015fu \u015fekilde s\u0131raland\u0131:<\/h3>\n<h3>1-<strong>T\u00fcpra\u015f K\u0131r\u0131kkale Rafinerisi<\/strong><\/h3>\n<p>Proje: K\u0131r\u0131kkale Rafinerisi Enerji Verimlili\u011fi \u00c7al\u0131\u015fmalar\u0131<\/p>\n<h3>2<strong>-Petkim Petrokimya Holding A.\u015e.<\/strong><\/h3>\n<p>Proje: Enerji LP ve Kolon Optimizasyonu Projesi<\/p>\n<h3>3<strong>-Nuh \u00c7imento San. A.\u015e.\u00a0\u00a0\u00a0\u00a0<\/strong><\/h3>\n<p>Proje: Koca Yusuf \u00c7oklu Hava \u015eoklama Sistemi Projesi<\/p>\n<h3><strong>\u00d6d\u00fcl T\u00f6reni Ekim\u2019de<\/strong><\/h3>\n<p>SENVER-25\u2019te dereceye giren i\u015fletmeler, \u00f6d\u00fcllerini Ekim ay\u0131nda d\u00fczenlenecek Enerji Verimlili\u011fi Forum ve Fuar\u0131\u2019nda alacak.<\/p>\n<p>Kaynak:\u00a0<a href=\"https:\/\/enerji.gov.tr\/haber-detay?id=21538\">ETKB<\/a><\/p>\n<p>Yay\u0131na Alan: Alperen ERTA\u015e-<a href=\"http:\/\/alperen.ertas@enerjigazetesi.ist\">alperen.ertas@enerjigazetesi.ist<\/a><\/p>","protected":false},"excerpt":{"rendered":"<p>Sorry, this entry is only available in Turkish. For the sake of viewer convenience, the content is shown below in the alternative language. You may click the link to switch the active language. T\u00fcrkiye\u2019nin enerji verimlili\u011fi hedeflerine yakla\u015fmas\u0131n\u0131 ve \u00e7evreye duyarl\u0131 projelerin yayg\u0131nla\u015fmas\u0131n\u0131 sa\u011flamak amac\u0131yla bu y\u0131l 25\u2019incisi d\u00fczenlenen Sanayide Enerji Verimlili\u011fi Proje Yar\u0131\u015fmas\u0131\u2019n\u0131 (SENVER-25) [&hellip;]<\/p>\n","protected":false},"author":19,"featured_media":198744,"comment_status":"open","ping_status":"open","sticky":false,"template":"","format":"standard","meta":[],"categories":[53,52],"tags":[116940,116939],"views":13,"_links":{"self":[{"href":"https:\/\/www.enerjigazetesi.ist\/en\/wp-json\/wp\/v2\/posts\/198743"}],"collection":[{"href":"https:\/\/www.enerjigazetesi.ist\/en\/wp-json\/wp\/v2\/posts"}],"about":[{"href":"https:\/\/www.enerjigazetesi.ist\/en\/wp-json\/wp\/v2\/types\/post"}],"author":[{"embeddable":true,"href":"https:\/\/www.enerjigazetesi.ist\/en\/wp-json\/wp\/v2\/users\/19"}],"replies":[{"embeddable":true,"href":"https:\/\/www.enerjigazetesi.ist\/en\/wp-json\/wp\/v2\/comments?post=198743"}],"version-history":[{"count":0,"href":"https:\/\/www.enerjigazetesi.ist\/en\/wp-json\/wp\/v2\/posts\/198743\/revisions"}],"wp:featuredmedia":[{"embeddable":true,"href":"https:\/\/www.enerjigazetesi.ist\/en\/wp-json\/wp\/v2\/media\/198744"}],"wp:attachment":[{"href":"https:\/\/www.enerjigazetesi.ist\/en\/wp-json\/wp\/v2\/media?parent=198743"}],"wp:term":[{"taxonomy":"category","embeddable":true,"href":"https:\/\/www.enerjigazetesi.ist\/en\/wp-json\/wp\/v2\/categories?post=198743"},{"taxonomy":"post_tag","embeddable":true,"href":"https:\/\/www.enerjigazetesi.ist\/en\/wp-json\/wp\/v2\/tags?post=198743"}],"curies":[{"name":"wp","href":"https:\/\/api.w.org\/{rel}","templated":true}]}}