{"id":1987,"date":"2012-09-14T09:05:29","date_gmt":"2012-09-14T06:05:29","guid":{"rendered":"https:\/\/www.enerjigazetesi.ist\/?p=1987"},"modified":"2012-11-22T11:08:27","modified_gmt":"2012-11-22T08:08:27","slug":"enerji-tasarrufunda-cita-yukseliyor","status":"publish","type":"post","link":"https:\/\/www.enerjigazetesi.ist\/en\/enerji-tasarrufunda-cita-yukseliyor\/","title":{"rendered":"(Turkish) Enerji Tasarrufunda \u00c7\u0131ta Y\u00fckseliyor"},"content":{"rendered":"<p class=\"qtranxs-available-languages-message qtranxs-available-languages-message-en\">Sorry, this entry is only available in <a href=\"https:\/\/www.enerjigazetesi.ist\/tr\/wp-json\/wp\/v2\/posts\/1987\" class=\"qtranxs-available-language-link qtranxs-available-language-link-tr\" title=\"Turkish\">Turkish<\/a>. For the sake of viewer convenience, the content is shown below in the alternative language. You may click the link to switch the active language.<\/p><p><\/p>\n<div id=\"newsSpot\"><strong>G\u00fcn\u00fcm\u00fcz\u00fcn en \u00f6nemli sorunlar\u0131ndan biri de enerji t\u00fcketimi. Her g\u00fcn yeni yeni teknoloji \u00fcr\u00fcnleriyle tan\u0131\u015f\u0131yoruz. Bunlar\u0131n\u00a0 hemen hemen hepsi \u00e7al\u0131\u015fmak, hizmet vermek i\u00e7in bir enerjiye ihtiya\u00e7 duyuyor.<\/strong><\/div>\n<div id=\"newsText\">\n<p>Sat\u0131n ald\u0131\u011f\u0131m\u0131z mobil cihazlar\u0131n pil t\u00fcketimine dikkat ederken beyaz e\u015fya gibi evde s\u00fcrekli \u00e7al\u0131\u015facak cihazlar\u0131n da az enerji t\u00fcketmesi gerekiyor. Yoksa sat\u0131n ald\u0131\u011f\u0131m\u0131z bir \u00fcr\u00fcne \u00f6dedi\u011fimiz fiyat\u0131n birka\u00e7 kat\u0131n\u0131 enerji t\u00fcketimine harcayabiliriz. Pillerin daha uzun s\u00fcre kullan\u0131labilmesi, cihazlar\u0131n daha az enerji ile \u00e7al\u0131\u015fabilmesi, Avrupa\u2019n\u0131n en b\u00fcy\u00fck t\u00fcketici elektroni\u011fi ve ev aletleri fuar\u0131 IFA\u2019n\u0131n da g\u00fcndemindeydi.<\/p>\n<p><img loading=\"lazy\" class=\"wp-image-1988 alignright\" title=\"GERMANY\/\" src=\"https:\/\/www.enerjigazetesi.ist\/wp-content\/uploads\/2012\/09\/enerji-tasarrufunda-cita-yukseliyor-300x206.jpg\" alt=\"\" width=\"300\" height=\"206\" srcset=\"https:\/\/www.enerjigazetesi.ist\/wp-content\/uploads\/2012\/09\/enerji-tasarrufunda-cita-yukseliyor-300x206.jpg 300w, https:\/\/www.enerjigazetesi.ist\/wp-content\/uploads\/2012\/09\/enerji-tasarrufunda-cita-yukseliyor-72x50.jpg 72w, https:\/\/www.enerjigazetesi.ist\/wp-content\/uploads\/2012\/09\/enerji-tasarrufunda-cita-yukseliyor.jpg 446w\" sizes=\"(max-width: 300px) 100vw, 300px\" \/>Onun i\u00e7in fuarda sergilenen \u00fcr\u00fcnlerden dikkat \u00e7ekenler <strong>A+++<\/strong> \u00fcr\u00fcnlerdi. Her art\u0131 i\u015fareti hem markan\u0131n enerji tasarrufuna verdi\u011fi \u00f6nemi hem de kullan\u0131ma sunulan cihaz\u0131n kullan\u0131c\u0131s\u0131na sat\u0131n alma sonras\u0131 ne kadar az y\u00fck olaca\u011f\u0131n\u0131n g\u00f6stergesiydi. Daha \u00f6nce A+ \u00fcr\u00fcnleri g\u00f6rmeye al\u0131\u015fk\u0131nken, bu defa bir\u00e7ok \u00fcr\u00fcnde art\u0131lar\u0131n say\u0131s\u0131 3\u2019e y\u00fckselmi\u015fti. Tasarruflu \u00fcr\u00fcnleri ile \u00f6ne \u00e7\u0131kan yerli markalardan Ar\u00e7elik ve Beko da fuarda yeni \u00fcr\u00fcnlerini tan\u0131tt\u0131. Bu \u00fcr\u00fcnlerden EcoSmart serisinden A+++ enerji s\u0131n\u0131f\u0131nda d\u00fcnya rekoru sahibi 45 cm geni\u015fli\u011findeki DSFS 6835 X bula\u015f\u0131k makinesi, Almanya\u2019n\u0131n prestijli test kurumu Stiftung Warentest (StiWa) \u00f6d\u00fcll\u00fc ald\u0131. Beko\u2019nun EcoSmart serisinden CN 148250 X \u00fcr\u00fcn\u00fcn\u00fcn A+++ s\u0131n\u0131f\u0131ndaki di\u011fer \u00fcr\u00fcnlerden y\u00fczde 10 daha fazla enerji verimlili\u011fi ve y\u00fczde 55 daha az enerji t\u00fcketimi sa\u011flad\u0131\u011f\u0131 belirtiliyor. Demek ki bundan sonra cihazlarda dizayn, kullan\u0131labilirlik gibi enerji t\u00fcketimi de \u00f6n planda olacak ve sat\u0131n alma kararlar\u0131n\u0131 etkileyecek.<\/p>\n<p>Berlin\u2019de, 31 A\u011fustos-5 Eyl\u00fcl tarihlerinde ger\u00e7ekle\u015ftirilen IFA\u2019n\u0131n bu y\u0131lki odak noktalar\u0131ndan biri de \u2018dokunma\u2019 idi. \u00c7\u00fcnk\u00fc art\u0131k, cep telefonu, tablet bilgisayar, TV gibi g\u00f6rd\u00fc\u011f\u00fcm\u00fcz bir\u00e7ok ekrana dokunabiliyoruz. Dokunma o kadar al\u0131\u015fkanl\u0131k haline gelmeye ba\u015flad\u0131 ki hen\u00fcz e\u011fitim \u00e7a\u011f\u0131nda bile olmayan \u00e7ocuklar\u0131n eline bir cihaz verdi\u011finizde hemen ekran\u0131na dokunarak bir \u015feyler yapmaya \u00e7al\u0131\u015f\u0131yorlar. Microsoft\u2019un da yeniledi\u011fi program\u0131 ile bu dokunmay\u0131 yayg\u0131nla\u015ft\u0131rmaya b\u00fcy\u00fck katk\u0131da bulunaca\u011f\u0131 sergilenen Windows 8\u2019li cihazlar\u0131n say\u0131s\u0131n\u0131n fazla olmas\u0131 g\u00f6steriyor.<\/p>\n<p>Fuarda bir ba\u015fka dikkat \u00e7eken geli\u015fme ise g\u00f6r\u00fcnt\u00fcleme teknolojileri alan\u0131nda kalitenin y\u00fckselmeye ba\u015flam\u0131\u015f olmas\u0131yd\u0131. Full HD \u00e7\u00f6z\u00fcn\u00fcrl\u00fc\u011fe tam da al\u0131\u015f\u0131rken, HD kalitesinin 4 kat\u0131 y\u00fcksek g\u00f6r\u00fcnt\u00fc kalitesi sunan 4K\u2019l\u0131 \u00fcr\u00fcnler tan\u0131t\u0131lmaya ba\u015fland\u0131. Sony\u2019nin 4K TV modelinden sonra Toshiba da 84 in\u00e7 ekran b\u00fcy\u00fckl\u00fc\u011f\u00fcne sahip 4K \u00e7\u00f6z\u00fcn\u00fcrl\u00fckteki televizyon modelini IFA\u2019da tan\u0131tt\u0131. 3840 x 2160 piksel \u00e7\u00f6z\u00fcn\u00fcrl\u00fck sundu\u011fu a\u00e7\u0131klanan yeni \u00fcr\u00fcn 1 y\u0131l sonra ABD ve Avrupa\u2019da sat\u0131\u015fa sunulacak.<\/p>\n<p>Windows 8\u2019li cihazlar\u0131n yan\u0131 s\u0131ra Google\u2019\u0131n Android i\u015fletim sistemini ta\u015f\u0131yan \u00fcr\u00fcnler de olduk\u00e7a cazip. Bunlardan biri Samsung\u2019un Android\u2019li kameras\u0131. \u0130nternete ba\u011flanan, sim kartl\u0131 \u00fcr\u00fcn, yak\u0131n gelecekte kullan\u0131ma sunulacak cihazlar hakk\u0131nda da \u00f6n bilgi veriyor. Demek ki sim kartl\u0131 buzdolaplar\u0131 ve \u00e7ama\u015f\u0131r makinelerinin pazara sunulma zaman\u0131 geldi.<\/p>\n<div><strong>Aksiyon K\u00f6\u015fe Yazar\u0131<\/strong><\/div>\n<div><strong>Mehmet \u00a0SAK\u0130N<\/strong><\/div>\n<div><\/div>\n<div>Kaynak: <a href=\"http:\/\/www.aksiyon.com.tr\/aksiyon\/haber-33565-enerji-tasarrufunda-cita-yukseliyor.html\" target=\"_blank\">Aksiyon<\/a><\/div>\n<\/div>\n<p><\/p>","protected":false},"excerpt":{"rendered":"<p>Sorry, this entry is only available in Turkish. For the sake of viewer convenience, the content is shown below in the alternative language. You may click the link to switch the active language. G\u00fcn\u00fcm\u00fcz\u00fcn en \u00f6nemli sorunlar\u0131ndan biri de enerji t\u00fcketimi. Her g\u00fcn yeni yeni teknoloji \u00fcr\u00fcnleriyle tan\u0131\u015f\u0131yoruz. Bunlar\u0131n\u00a0 hemen hemen hepsi \u00e7al\u0131\u015fmak, hizmet vermek [&hellip;]<\/p>\n","protected":false},"author":1,"featured_media":1988,"comment_status":"open","ping_status":"open","sticky":false,"template":"","format":"standard","meta":[],"categories":[53,52,157],"tags":[103,528,148,12,529],"views":716,"_links":{"self":[{"href":"https:\/\/www.enerjigazetesi.ist\/en\/wp-json\/wp\/v2\/posts\/1987"}],"collection":[{"href":"https:\/\/www.enerjigazetesi.ist\/en\/wp-json\/wp\/v2\/posts"}],"about":[{"href":"https:\/\/www.enerjigazetesi.ist\/en\/wp-json\/wp\/v2\/types\/post"}],"author":[{"embeddable":true,"href":"https:\/\/www.enerjigazetesi.ist\/en\/wp-json\/wp\/v2\/users\/1"}],"replies":[{"embeddable":true,"href":"https:\/\/www.enerjigazetesi.ist\/en\/wp-json\/wp\/v2\/comments?post=1987"}],"version-history":[{"count":7,"href":"https:\/\/www.enerjigazetesi.ist\/en\/wp-json\/wp\/v2\/posts\/1987\/revisions"}],"predecessor-version":[{"id":1992,"href":"https:\/\/www.enerjigazetesi.ist\/en\/wp-json\/wp\/v2\/posts\/1987\/revisions\/1992"}],"wp:featuredmedia":[{"embeddable":true,"href":"https:\/\/www.enerjigazetesi.ist\/en\/wp-json\/wp\/v2\/media\/1988"}],"wp:attachment":[{"href":"https:\/\/www.enerjigazetesi.ist\/en\/wp-json\/wp\/v2\/media?parent=1987"}],"wp:term":[{"taxonomy":"category","embeddable":true,"href":"https:\/\/www.enerjigazetesi.ist\/en\/wp-json\/wp\/v2\/categories?post=1987"},{"taxonomy":"post_tag","embeddable":true,"href":"https:\/\/www.enerjigazetesi.ist\/en\/wp-json\/wp\/v2\/tags?post=1987"}],"curies":[{"name":"wp","href":"https:\/\/api.w.org\/{rel}","templated":true}]}}