{"id":198639,"date":"2025-07-21T12:55:25","date_gmt":"2025-07-21T09:55:25","guid":{"rendered":"https:\/\/www.enerjigazetesi.ist\/?p=198639"},"modified":"2025-07-21T12:55:25","modified_gmt":"2025-07-21T09:55:25","slug":"kuresel-enerji-talebi-en-yuksek-seviyeye-ulasti","status":"publish","type":"post","link":"https:\/\/www.enerjigazetesi.ist\/en\/kuresel-enerji-talebi-en-yuksek-seviyeye-ulasti\/","title":{"rendered":"(Turkish) K\u00fcresel Enerji Talebi En Y\u00fcksek Seviyeye Ula\u015ft\u0131!"},"content":{"rendered":"<p class=\"qtranxs-available-languages-message qtranxs-available-languages-message-en\">Sorry, this entry is only available in <a href=\"https:\/\/www.enerjigazetesi.ist\/tr\/wp-json\/wp\/v2\/posts\/198639\" class=\"qtranxs-available-language-link qtranxs-available-language-link-tr\" title=\"Turkish\">Turkish<\/a>. For the sake of viewer convenience, the content is shown below in the alternative language. You may click the link to switch the active language.<\/p><p><\/p>\n<h2><strong>KPMG ve Enerji Enstit\u00fcs\u00fc i\u015f birli\u011fi ile haz\u0131rlanan 2024 D\u00fcnya Enerji \u0130statistik Raporu\u2019na g\u00f6re, 2024 y\u0131l\u0131nda k\u00fcresel enerji talebi, bir \u00f6nceki y\u0131la g\u00f6re y\u00fczde 2\u2019den biraz fazla artarak t\u00fcm zamanlar\u0131n en y\u00fcksek seviyesine ula\u015ft\u0131. Elektrik talebi ise y\u00fczde 4\u2019ten fazla art\u0131\u015f g\u00f6stererek, elektrifikasyonun h\u0131z kazanmas\u0131yla genel enerji t\u00fcketiminin \u00fczerinde bir seyir izlemeye devam etti. \u00d6te yandan, k\u00fcresel CO\u2082 emisyonlar\u0131 da y\u00fczde 1 artarak \u00fcst \u00fcste d\u00f6rd\u00fcnc\u00fc y\u0131l rekor seviyeye ula\u015ft\u0131.<\/strong><\/h2>\n<p><strong><img loading=\"lazy\" class=\"aligncenter wp-image-198640 size-full\" src=\"https:\/\/www.enerjigazetesi.ist\/wp-content\/uploads\/2025\/07\/kuresel-enerji-talebi.jpg\" alt=\"\" width=\"550\" height=\"330\" srcset=\"https:\/\/www.enerjigazetesi.ist\/wp-content\/uploads\/2025\/07\/kuresel-enerji-talebi.jpg 550w, https:\/\/www.enerjigazetesi.ist\/wp-content\/uploads\/2025\/07\/kuresel-enerji-talebi-300x180.jpg 300w, https:\/\/www.enerjigazetesi.ist\/wp-content\/uploads\/2025\/07\/kuresel-enerji-talebi-500x300.jpg 500w, https:\/\/www.enerjigazetesi.ist\/wp-content\/uploads\/2025\/07\/kuresel-enerji-talebi-80x48.jpg 80w\" sizes=\"(max-width: 550px) 100vw, 550px\" \/><\/strong><\/p>\n<p>KPMG\u2019nin Enerji Enstit\u00fcs\u00fc (EI) i\u015f birli\u011fi ile haz\u0131rlad\u0131\u011f\u0131 D\u00fcnya Enerji \u0130statistik Raporu\u2019nun 2024 y\u0131l\u0131n\u0131 i\u00e7eren y\u0131ll\u0131k sonu\u00e7lar\u0131 yay\u0131mland\u0131. 74 y\u0131ld\u0131r yay\u0131mlanan rapor, T\u00fcrkiye de dahil d\u00fcnya genelinde kapsaml\u0131 analizler sunarak de\u011fi\u015fen enerji d\u00fcnyas\u0131na y\u00f6nelik \u00f6nemli veriler sunuyor. Raporda, yenilenebilir enerji kaynaklar\u0131n\u0131n b\u00fcy\u00fcmesi, fosil yak\u0131t t\u00fcketimindeki de\u011fi\u015fim ve jeopolitik geli\u015fmelerin enerji piyasalar\u0131na etkisi gibi sekt\u00f6r\u00fc \u015fekillendiren \u00f6nemli e\u011filimler de ele al\u0131n\u0131yor.<\/p>\n<h3><strong>T\u00fcrkiye, Avrupa\u2019da y\u00fckselen enerji oyuncusu<\/strong><\/h3>\n<p>Raporda T\u00fcrkiye&#8217;nin 2024 y\u0131l\u0131ndaki enerji arz\u0131na dair veriler de dikkat \u00e7ekiyor. \u00dclke baz\u0131ndaki verilere g\u00f6re T\u00fcrkiye\u2019nin toplam enerji arz\u0131 2024 y\u0131l\u0131nda 7,02 EJ (exajoule) seviyesine y\u00fckseldi. Bu, bir \u00f6nceki y\u0131la g\u00f6re yakla\u015f\u0131k y\u00fczde 5,1 oran\u0131nda bir art\u0131\u015f anlam\u0131na geliyor. Bu art\u0131\u015f oran\u0131, T\u00fcrkiye\u2019yi Avrupa\u2019da en h\u0131zl\u0131 b\u00fcy\u00fcyen enerji arz\u0131na sahip \u00fclkelerden biri haline getirdi. T\u00fcrkiye bu rakamlara g\u00f6re y\u00fczde 1,2\u2019lik pay\u0131 ile Avrupa\u2019da en fazla enerji arz\u0131 pay\u0131na sahip \u00fc\u00e7\u00fcnc\u00fc \u00fclke oldu. Birinci s\u0131rada y\u00fczde 1,7 ile Almanya, ikinci s\u0131rada ise y\u00fczde 1,5 ile Fransa yer al\u0131yor. Birle\u015fik Krall\u0131k ise y\u00fczde 1,1\u2019lik pay\u0131 ile T\u00fcrkiye\u2019yi takip ediyor. Ayr\u0131ca T\u00fcrkiye, 2014\u20132024 d\u00f6neminde y\u0131ll\u0131k ortalama y\u00fczde 3,5 b\u00fcy\u00fcme oran\u0131 ile Avrupa\u2019daki en h\u0131zl\u0131 enerji arz\u0131 b\u00fcy\u00fcmesi g\u00f6steren ilk \u00fclke oldu.<\/p>\n<div id=\"attachment_198641\" style=\"width: 560px\" class=\"wp-caption aligncenter\"><img aria-describedby=\"caption-attachment-198641\" loading=\"lazy\" class=\"wp-image-198641 size-full\" src=\"https:\/\/www.enerjigazetesi.ist\/wp-content\/uploads\/2025\/07\/Hakan-Demirelli.jpg\" alt=\"\" width=\"550\" height=\"367\" srcset=\"https:\/\/www.enerjigazetesi.ist\/wp-content\/uploads\/2025\/07\/Hakan-Demirelli.jpg 550w, https:\/\/www.enerjigazetesi.ist\/wp-content\/uploads\/2025\/07\/Hakan-Demirelli-300x200.jpg 300w, https:\/\/www.enerjigazetesi.ist\/wp-content\/uploads\/2025\/07\/Hakan-Demirelli-500x334.jpg 500w, https:\/\/www.enerjigazetesi.ist\/wp-content\/uploads\/2025\/07\/Hakan-Demirelli-75x50.jpg 75w, https:\/\/www.enerjigazetesi.ist\/wp-content\/uploads\/2025\/07\/Hakan-Demirelli-450x300.jpg 450w\" sizes=\"(max-width: 550px) 100vw, 550px\" \/><p id=\"caption-attachment-198641\" class=\"wp-caption-text\">KPMG T\u00fcrkiye Enerji Sekt\u00f6r\u00fc Lideri Hakan Demirelli<\/p><\/div>\n<h3><strong>Kar\u015f\u0131t dinamiklerin y\u00f6n verdi\u011fi k\u00fcresel enerji sistemi olu\u015ftu<\/strong><\/h3>\n<p>Sonu\u00e7lar\u0131 de\u011ferlendiren <strong>KPMG T\u00fcrkiye Enerji Sekt\u00f6r\u00fc Lideri Hakan Demirelli<\/strong>,<em> \u201cK\u00fcresel enerji talebi artmaya devam ederken kar\u015f\u0131t dinamiklerin y\u00f6n verdi\u011fi bir k\u00fcresel enerji sistemi ortaya \u00e7\u0131k\u0131yor. Elektrifikasyon h\u0131z kazan\u0131yor, ancak fosil yak\u0131tlar\u0131n kullan\u0131m\u0131 da art\u0131yor; yenilenebilir enerji kaynaklar\u0131 h\u0131zla yayg\u0131nla\u015f\u0131yor, fakat iklim hedeflerine ula\u015fmakta yetersiz kal\u0131yor. Liderler, art\u0131k karma\u015f\u0131k bir enerji d\u00f6n\u00fc\u015f\u00fcm\u00fcn\u00fc y\u00f6netmek zorunda. Bu konjonkt\u00fcr i\u00e7erisinde enerji arz\u0131nda kaydetti\u011fi ilerleme ile T\u00fcrkiye, Avrupa\u2019n\u0131n en h\u0131zl\u0131 y\u00fckselen oyuncular\u0131ndan biri haline geldi. Bu ba\u015far\u0131, \u00fclkemizin enerji g\u00fcvenli\u011fini g\u00fc\u00e7lendirme ve ekonomik b\u00fcy\u00fcmeyi destekleme hedefleri a\u00e7\u0131s\u0131ndan olduk\u00e7a \u00f6nemli.&#8221;<\/em> dedi.<\/p>\n<h3>Olduk\u00e7a kapsaml\u0131 haz\u0131rlanan raporda daha bir\u00e7ok \u00f6nemli bulgu da yer al\u0131yor. Bunlardan baz\u0131lar\u0131 \u015fu \u015fekilde:<\/h3>\n<h3><strong>Fosil yak\u0131tlar\u0131n kullan\u0131m\u0131 artmaya devam ediyor<\/strong><\/h3>\n<p>Temiz enerjideki h\u0131zl\u0131 b\u00fcy\u00fcmeye ra\u011fmen, fosil yak\u0131tlar k\u00fcresel enerji dengesinin merkezinde yer almaya devam ediyor. 2024 y\u0131l\u0131nda k\u00fcresel petrol \u00fcretimi y\u00fczde 0,6 artarak g\u00fcnl\u00fck 97 milyon varile ula\u015ft\u0131; bunun y\u00fczde 66\u2019s\u0131 OPEC d\u0131\u015f\u0131ndaki \u00fclkelerden sa\u011fland\u0131. ABD ise tarihinde ilk kez g\u00fcnl\u00fck 20 milyon varilin \u00fczerinde petrol \u00fcreterek Suudi Arabistan ve Rusya\u2019n\u0131n toplam \u00fcretimini geride b\u0131rakt\u0131.<\/p>\n<h3><strong>\u00c7in yenilenebilir enerjide liderli\u011fini peki\u015ftiriyor<\/strong><\/h3>\n<p>ABD ve Avrupa fosil yak\u0131t kullan\u0131m\u0131nda dura\u011fan bir s\u00fcrece girmi\u015f g\u00f6r\u00fcnse de Avrupa\u2019daki yenilenebilir enerji yat\u0131r\u0131mlar\u0131 artan faiz oranlar\u0131 ve tedarik zinciri bask\u0131lar\u0131ndan dolay\u0131 yava\u015flad\u0131. \u00d6te yandan \u00c7in, 2024 y\u0131l\u0131nda ABD, Avrupa ve Hindistan\u2019\u0131n toplam\u0131ndan daha fazla yenilenebilir enerji kapasitesini devreye alarak k\u00fcresel enerji d\u00f6n\u00fc\u015f\u00fcm\u00fcndeki liderli\u011fini g\u00fc\u00e7lendirdi.<\/p>\n<h3><strong>R\u00fczg\u00e2r ve g\u00fcne\u015f enerjisi b\u00fcy\u00fcmeye \u00f6nc\u00fcl\u00fck ediyor<\/strong><\/h3>\n<p>R\u00fczg\u00e2r ve g\u00fcne\u015f enerjisinin toplam \u00fcretimi 2024 y\u0131l\u0131nda y\u00fczde 16\u2019n\u0131n \u00fczerinde artt\u0131. Bu oran, toplam enerji talebindeki art\u0131\u015f h\u0131z\u0131n\u0131n neredeyse dokuz kat\u0131. Ancak yenilenebilir enerji kaynaklar\u0131, \u00f6zellikle altyap\u0131 ve yat\u0131r\u0131m\u0131n yetersiz oldu\u011fu b\u00f6lgelerde, h\u0131zla artan k\u00fcresel enerji ihtiyac\u0131n\u0131 tek ba\u015f\u0131na kar\u015f\u0131lamak i\u00e7in h\u00e2l\u00e2 yetersiz.<\/p>\n<h3><strong>Geli\u015fmekte olan piyasalar, d\u00f6n\u00fc\u015f\u00fcm\u00fcn merkezinde <\/strong><\/h3>\n<p>Son on y\u0131lda, OECD d\u0131\u015f\u0131 \u00fclkeler yenilenebilir enerji yat\u0131r\u0131mlar\u0131n\u0131 OECD \u00fclkelerine g\u00f6re iki kat daha h\u0131zl\u0131 art\u0131rmaya devam ediyor. Enerji talebi ve yat\u0131r\u0131mlar da giderek bu h\u0131zl\u0131 b\u00fcy\u00fcyen pazarlara y\u00f6neliyor.<\/p>\n<p>Yay\u0131na Alan: Alperen ERTA\u015e-<a href=\"http:\/\/alperen.ertas@enerjigazetesi.ist\">alperen.ertas@enerjigazetesi.ist<\/a><\/p>","protected":false},"excerpt":{"rendered":"<p>Sorry, this entry is only available in Turkish. For the sake of viewer convenience, the content is shown below in the alternative language. You may click the link to switch the active language. KPMG ve Enerji Enstit\u00fcs\u00fc i\u015f birli\u011fi ile haz\u0131rlanan 2024 D\u00fcnya Enerji \u0130statistik Raporu\u2019na g\u00f6re, 2024 y\u0131l\u0131nda k\u00fcresel enerji talebi, bir \u00f6nceki y\u0131la [&hellip;]<\/p>\n","protected":false},"author":19,"featured_media":198640,"comment_status":"open","ping_status":"open","sticky":false,"template":"","format":"standard","meta":[],"categories":[51,53],"tags":[67,116934],"views":21,"_links":{"self":[{"href":"https:\/\/www.enerjigazetesi.ist\/en\/wp-json\/wp\/v2\/posts\/198639"}],"collection":[{"href":"https:\/\/www.enerjigazetesi.ist\/en\/wp-json\/wp\/v2\/posts"}],"about":[{"href":"https:\/\/www.enerjigazetesi.ist\/en\/wp-json\/wp\/v2\/types\/post"}],"author":[{"embeddable":true,"href":"https:\/\/www.enerjigazetesi.ist\/en\/wp-json\/wp\/v2\/users\/19"}],"replies":[{"embeddable":true,"href":"https:\/\/www.enerjigazetesi.ist\/en\/wp-json\/wp\/v2\/comments?post=198639"}],"version-history":[{"count":0,"href":"https:\/\/www.enerjigazetesi.ist\/en\/wp-json\/wp\/v2\/posts\/198639\/revisions"}],"wp:featuredmedia":[{"embeddable":true,"href":"https:\/\/www.enerjigazetesi.ist\/en\/wp-json\/wp\/v2\/media\/198640"}],"wp:attachment":[{"href":"https:\/\/www.enerjigazetesi.ist\/en\/wp-json\/wp\/v2\/media?parent=198639"}],"wp:term":[{"taxonomy":"category","embeddable":true,"href":"https:\/\/www.enerjigazetesi.ist\/en\/wp-json\/wp\/v2\/categories?post=198639"},{"taxonomy":"post_tag","embeddable":true,"href":"https:\/\/www.enerjigazetesi.ist\/en\/wp-json\/wp\/v2\/tags?post=198639"}],"curies":[{"name":"wp","href":"https:\/\/api.w.org\/{rel}","templated":true}]}}