{"id":198628,"date":"2025-07-19T13:46:55","date_gmt":"2025-07-19T10:46:55","guid":{"rendered":"https:\/\/www.enerjigazetesi.ist\/?p=198628"},"modified":"2025-07-19T13:55:44","modified_gmt":"2025-07-19T10:55:44","slug":"elektrik-dagitim-sektorunde-tuketici-sayisi-51-milyona-yaklasti","status":"publish","type":"post","link":"https:\/\/www.enerjigazetesi.ist\/en\/elektrik-dagitim-sektorunde-tuketici-sayisi-51-milyona-yaklasti\/","title":{"rendered":"(Turkish) Elektrik Da\u011f\u0131t\u0131m Sekt\u00f6r\u00fcnde T\u00fcketici Say\u0131s\u0131 51 Milyona Yakla\u015ft\u0131"},"content":{"rendered":"<p class=\"qtranxs-available-languages-message qtranxs-available-languages-message-en\">Sorry, this entry is only available in <a href=\"https:\/\/www.enerjigazetesi.ist\/tr\/wp-json\/wp\/v2\/posts\/198628\" class=\"qtranxs-available-language-link qtranxs-available-language-link-tr\" title=\"Turkish\">Turkish<\/a>. For the sake of viewer convenience, the content is shown below in the alternative language. You may click the link to switch the active language.<\/p><p><\/p>\n<h2>T\u00fcrkiye genelinde hizmet veren 21 da\u011f\u0131t\u0131m \u015firketinin \u00e7at\u0131 \u00f6rg\u00fct\u00fc Elektrik Da\u011f\u0131t\u0131m Hizmetleri Derne\u011fi (Elder), ba\u015fta \u00fclke genelinde yap\u0131lan toplam yat\u0131r\u0131m tutar\u0131, elektrik t\u00fcketim ve \u00fcretim rakamlar\u0131 olmak \u00fczere trafo, hat uzunluklar\u0131, abone say\u0131s\u0131 gibi pek \u00e7ok veriyi i\u00e7eren, 2024 y\u0131l\u0131na ait \u201cElektrik Da\u011f\u0131t\u0131m Sekt\u00f6r Raporu\u201dnu yay\u0131nlad\u0131.<\/h2>\n<p><img loading=\"lazy\" class=\"aligncenter wp-image-198629\" src=\"https:\/\/www.enerjigazetesi.ist\/wp-content\/uploads\/2025\/07\/WhatsApp-Image-2025-07-18-at-12.44.14.jpg\" alt=\"\" width=\"550\" height=\"499\" srcset=\"https:\/\/www.enerjigazetesi.ist\/wp-content\/uploads\/2025\/07\/WhatsApp-Image-2025-07-18-at-12.44.14.jpg 529w, https:\/\/www.enerjigazetesi.ist\/wp-content\/uploads\/2025\/07\/WhatsApp-Image-2025-07-18-at-12.44.14-300x272.jpg 300w, https:\/\/www.enerjigazetesi.ist\/wp-content\/uploads\/2025\/07\/WhatsApp-Image-2025-07-18-at-12.44.14-441x400.jpg 441w, https:\/\/www.enerjigazetesi.ist\/wp-content\/uploads\/2025\/07\/WhatsApp-Image-2025-07-18-at-12.44.14-55x50.jpg 55w, https:\/\/www.enerjigazetesi.ist\/wp-content\/uploads\/2025\/07\/WhatsApp-Image-2025-07-18-at-12.44.14-500x454.jpg 500w\" sizes=\"(max-width: 550px) 100vw, 550px\" \/><\/p>\n<p><strong>Elder Genel Sekreteri Fakir H\u00fcseyin Erdo\u011fan,<\/strong> raporun \u00f6n s\u00f6z\u00fcnde yapt\u0131\u011f\u0131 de\u011ferlendirmede, \u201c<em>Art\u0131k enerji d\u00f6n\u00fc\u015f\u00fcm\u00fcn\u00fc \u2018elektrik \u00e7a\u011f\u0131\u2019 olarak tan\u0131ml\u0131yoruz. Sanayiden tar\u0131ma, binalardan ula\u015f\u0131m sekt\u00f6r\u00fcne kadar hayat\u0131n her alan\u0131nda bu d\u00f6n\u00fc\u015f\u00fcm her ge\u00e7en g\u00fcn daha derin hissediliyor. Elektrik enerjisinin temel enerji t\u00fcketim formu haline gelmesi elektrik da\u011f\u0131t\u0131m \u015febekelerinin bu d\u00f6n\u00fc\u015f\u00fcm\u00fcn omurgas\u0131 olmas\u0131 nedeniyle da\u011f\u0131t\u0131m \u015firketlerine yeni sorumluluklar y\u00fckl\u00fcyor. <\/em><em>Elektrifikasyonun h\u0131zla yay\u0131lmas\u0131, yapay zek\u00e2, veri merkezleri, elektrikli ara\u00e7lar ve \u0131s\u0131 pompalar\u0131yla elektrik talebini art\u0131r\u0131yor. Da\u011f\u0131t\u0131k \u00fcretim, enerji depolama ve mikro \u015febekeler t\u00fcketicileri ayn\u0131 zamanda \u00fcretici konumuna getiriyor. \u0130klim krizinin etkileri ise daha diren\u00e7li ve esnek \u015febekeleri zorunlu k\u0131l\u0131yor. <\/em><em>Bu s\u00fcre\u00e7te da\u011f\u0131t\u0131m \u015firketlerinin sistem i\u015fletmecisine d\u00f6n\u00fc\u015fmesi gerekiyor. Avrupa\u2019da y\u0131lda 55-67 milyar avroluk da\u011f\u0131t\u0131m yat\u0131r\u0131m\u0131 yap\u0131lmas\u0131 bekleniyor. IEA\u2019ya g\u00f6re 2030\u2019a kadar k\u00fcresel \u015febeke yat\u0131r\u0131m\u0131 700 milyar dolara ula\u015fmal\u0131. T\u00fcrkiye\u2019de ise y\u0131ll\u0131k yakla\u015f\u0131k 2 milyar dolar olan \u015febeke yat\u0131r\u0131mlar\u0131n\u0131n art\u0131r\u0131lmas\u0131 gerekiyor. \u00a0IEA ayr\u0131ca, d\u00fcnya genelinde \u00f6nemli elektrik pazarlar\u0131ndaki k\u0131sa vadeli esneklik kapasitesinin 2030\u2019a kadar iki kat\u0131ndan fazla artmas\u0131n\u0131n zorunlu oldu\u011funu belirtiyor. Bu durum, ye\u015fil ve dijital d\u00f6n\u00fc\u015f\u00fcm yat\u0131r\u0131mlar\u0131n\u0131n ertelenemez oldu\u011funu bir kez daha ortaya koyuyor <\/em><em>Daha fazla yenilenebilir enerji ve kaliteli arz i\u00e7in ak\u0131ll\u0131, dijital, esnek ve s\u00fcrd\u00fcr\u00fclebilir \u015febekelere ihtiyac\u0131m\u0131z var. Bu yaln\u0131zca teknik mesele de\u011fil, ayn\u0131 zamanda ekonomik rekabet\u00e7ilik ve iklim politikalar\u0131 a\u00e7\u0131s\u0131ndan stratejik bir zorunluluk. Elektrik \u00e7a\u011f\u0131nda g\u00fc\u00e7l\u00fc bir gelecek ancak bug\u00fcn\u00fcn do\u011fru ad\u0131mlar\u0131yla in\u015fa edilebilir.\u201d <\/em>dedi.<\/p>\n<h3><strong>YATIRIMLARDA \u00d6NCEL\u0130K \u015eEBEKELERE <\/strong><\/h3>\n<p><strong>\u00a0<\/strong>2024 y\u0131l\u0131nda T\u00fcrkiye genelinde elektrik da\u011f\u0131t\u0131m \u015firketleri onayl\u0131 birim bedellerine g\u00f6re toplam 52 milyar 465 milyon liral\u0131k yat\u0131r\u0131m ger\u00e7ekle\u015ftirdi. Bu yat\u0131r\u0131mlar\u0131n 40 milyar 972 milyon TL\u2019si \u015febeke yat\u0131r\u0131mlar\u0131, 3 milyar TL\u2019si \u015febeke i\u015fletim sistemleri yat\u0131r\u0131mlar\u0131, 7,6 milyar TL\u2019si yasal zorunluluk yat\u0131r\u0131mlar\u0131, 822 milyon TL\u2019si di\u011fer yat\u0131r\u0131m harcamalar\u0131 ve 37,9 milyon TL\u2019si Ar-Ge projelerinin yayg\u0131nla\u015ft\u0131r\u0131lmas\u0131 amac\u0131yla kullan\u0131ld\u0131.<\/p>\n<p>B\u00f6lgesel bazda en y\u00fcksek yat\u0131r\u0131m\u0131 5 milyar 77 milyon TL ile Meram EDA\u015e, ard\u0131ndan 4,5 milyar TL ile Dicle EDA\u015e ve 4,2 milyar TL ile Toroslar EDA\u015e ger\u00e7ekle\u015ftirdi.<\/p>\n<h3><strong>ELEKTR\u0130K T\u00dcKET\u0130M\u0130NDE 279 TWH \u0130LE REKOR <\/strong><\/h3>\n<p>Rapora g\u00f6re, 2024 y\u0131l\u0131 sonu itibar\u0131yla da\u011f\u0131t\u0131m ve iletim seviyesinden ba\u011fl\u0131 t\u00fcketicilerin toplam elektrik t\u00fcketimi 279,04 teravatsaat (TWh) ile tarihi bir seviyeye ula\u015ft\u0131. Bu miktar\u0131n 207,3 TWh\u2019si da\u011f\u0131t\u0131m seviyesinden, 71,74 TWh\u2019si ise iletim seviyesinden geldi. En y\u00fcksek t\u00fcketim 36,9 TWh ile Toroslar EDA\u015e b\u00f6lgesinde, en d\u00fc\u015f\u00fck t\u00fcketim ise 2,65 TWh ile Vang\u00f6l\u00fc EDA\u015e b\u00f6lgesinde ger\u00e7ekle\u015fti.<\/p>\n<p>T\u00fcketim da\u011f\u0131l\u0131m\u0131nda en b\u00fcy\u00fck pay\u0131 sanayi sekt\u00f6r\u00fc ald\u0131:<\/p>\n<p>-Sanayi: 113,95 TWh (y\u00fczde 40,84)<\/p>\n<p>-Mesken: 75,09 TWh (y\u00fczde 26,91)<\/p>\n<p>-Kamu ve \u00f6zel hizmet sekt\u00f6r\u00fc + di\u011fer: 71,86 TWh (y\u00fczde 25,75)<\/p>\n<p>-Tar\u0131msal sulama: 12,41 TWh (y\u00fczde 4,45)<\/p>\n<p>-Ayd\u0131nlatma: 5,73 TWh (y\u00fczde 2,05)<\/p>\n<p>2023 y\u0131l\u0131na g\u00f6re toplam elektrik t\u00fcketiminde yakla\u015f\u0131k y\u00fczde 5,76 oran\u0131nda art\u0131\u015f ya\u015fand\u0131.<\/p>\n<p><strong>ELEKTR\u0130K \u00dcRET\u0130M\u0130NDE ARTI\u015e<\/strong><\/p>\n<p>Serbest \u00fcretim \u015firketleri, E\u00dcA\u015e, i\u015fletme hakk\u0131 devri ve yap-i\u015flet-devret santrallerinin \u00fcretimini kapsayan toplam lisansl\u0131 elektrik \u00fcretimi, ge\u00e7en y\u0131l bir \u00f6nceki y\u0131la g\u00f6re y\u00fczde 4,9 artarak 326 bin 843 GWh olarak ger\u00e7ekle\u015fti. Lisansl\u0131 elektrik \u00fcretiminin kaynaklara g\u00f6re da\u011f\u0131l\u0131m\u0131na bak\u0131ld\u0131\u011f\u0131nda, do\u011fal gaz santrallerinin pay\u0131ndaki gerileme s\u00fcrd\u00fc. 2023 y\u0131l\u0131nda lisansl\u0131 elektrik \u00fcretiminin y\u00fczde 21,9\u2019u do\u011fal gaz santralleri taraf\u0131ndan kar\u015f\u0131lan\u0131rken 2024\u2019te bu oran y\u00fczde 19,9\u2019a geriledi. Bu d\u00f6nemde ithal k\u00f6m\u00fcr\u00fcn pay\u0131 y\u00fczde 23,3\u2019ten y\u00fczde 23,1\u2019e, yerli k\u00f6m\u00fcr\u00fcn pay\u0131 y\u00fczde 15,1\u2019den y\u00fczde 14,5\u2019e, jeotermalin pay\u0131 da y\u00fczde 3,6\u2019dan y\u00fczde 3,4\u2019e indi Hidroelektri\u011fin pay\u0131 y\u00fczde 20,5\u2019ten y\u00fczde 22,9\u2019a \u00e7\u0131karken r\u00fczg\u00e2r\u0131n pay\u0131 da y\u00fczde 10,9\u2019dan y\u00fczde 11,2\u2019ye y\u00fckseldi.<\/p>\n<p>Yay\u0131na Alan: Alperen ERTA\u015e-<a href=\"http:\/\/alperen.ertas@enerjigazetesi.ist\">alperen.ertas@enerjigazetesi.ist<\/a><\/p>","protected":false},"excerpt":{"rendered":"<p>Sorry, this entry is only available in Turkish. For the sake of viewer convenience, the content is shown below in the alternative language. You may click the link to switch the active language. T\u00fcrkiye genelinde hizmet veren 21 da\u011f\u0131t\u0131m \u015firketinin \u00e7at\u0131 \u00f6rg\u00fct\u00fc Elektrik Da\u011f\u0131t\u0131m Hizmetleri Derne\u011fi (Elder), ba\u015fta \u00fclke genelinde yap\u0131lan toplam yat\u0131r\u0131m tutar\u0131, elektrik [&hellip;]<\/p>\n","protected":false},"author":19,"featured_media":198629,"comment_status":"open","ping_status":"open","sticky":false,"template":"","format":"standard","meta":[],"categories":[51,53],"tags":[51264,67],"views":14,"_links":{"self":[{"href":"https:\/\/www.enerjigazetesi.ist\/en\/wp-json\/wp\/v2\/posts\/198628"}],"collection":[{"href":"https:\/\/www.enerjigazetesi.ist\/en\/wp-json\/wp\/v2\/posts"}],"about":[{"href":"https:\/\/www.enerjigazetesi.ist\/en\/wp-json\/wp\/v2\/types\/post"}],"author":[{"embeddable":true,"href":"https:\/\/www.enerjigazetesi.ist\/en\/wp-json\/wp\/v2\/users\/19"}],"replies":[{"embeddable":true,"href":"https:\/\/www.enerjigazetesi.ist\/en\/wp-json\/wp\/v2\/comments?post=198628"}],"version-history":[{"count":0,"href":"https:\/\/www.enerjigazetesi.ist\/en\/wp-json\/wp\/v2\/posts\/198628\/revisions"}],"wp:featuredmedia":[{"embeddable":true,"href":"https:\/\/www.enerjigazetesi.ist\/en\/wp-json\/wp\/v2\/media\/198629"}],"wp:attachment":[{"href":"https:\/\/www.enerjigazetesi.ist\/en\/wp-json\/wp\/v2\/media?parent=198628"}],"wp:term":[{"taxonomy":"category","embeddable":true,"href":"https:\/\/www.enerjigazetesi.ist\/en\/wp-json\/wp\/v2\/categories?post=198628"},{"taxonomy":"post_tag","embeddable":true,"href":"https:\/\/www.enerjigazetesi.ist\/en\/wp-json\/wp\/v2\/tags?post=198628"}],"curies":[{"name":"wp","href":"https:\/\/api.w.org\/{rel}","templated":true}]}}