{"id":198575,"date":"2025-07-18T14:04:43","date_gmt":"2025-07-18T11:04:43","guid":{"rendered":"https:\/\/www.enerjigazetesi.ist\/?p=198575"},"modified":"2025-07-19T14:06:15","modified_gmt":"2025-07-19T11:06:15","slug":"efor-caydan-elaziga-gunes-enerjisi-yatirimi","status":"publish","type":"post","link":"https:\/\/www.enerjigazetesi.ist\/en\/efor-caydan-elaziga-gunes-enerjisi-yatirimi\/","title":{"rendered":"(Turkish) Efor \u00c7ay\u2019dan Elaz\u0131\u011f\u2019a G\u00fcne\u015f Enerjisi Yat\u0131r\u0131m\u0131"},"content":{"rendered":"<p class=\"qtranxs-available-languages-message qtranxs-available-languages-message-en\">Sorry, this entry is only available in <a href=\"https:\/\/www.enerjigazetesi.ist\/tr\/wp-json\/wp\/v2\/posts\/198575\" class=\"qtranxs-available-language-link qtranxs-available-language-link-tr\" title=\"Turkish\">Turkish<\/a>. For the sake of viewer convenience, the content is shown below in the alternative language. You may click the link to switch the active language.<\/p><p><\/p>\n<h2><strong>Efor \u00c7ay, s\u00fcrd\u00fcr\u00fclebilirlik odakl\u0131 b\u00fcy\u00fcme stratejisi kapsam\u0131nda yenilenebilir enerji yat\u0131r\u0131mlar\u0131n\u0131 kararl\u0131l\u0131kla s\u00fcrd\u00fcr\u00fcyor. Bu kapsamda \u015firket, Elaz\u0131\u011f\u2019da 10 MW AC ve 11.9 MWp DC kurulu g\u00fcce sahip g\u00fcne\u015f enerjisi santrali kuracak.<\/strong><\/h2>\n<p><strong> <img loading=\"lazy\" class=\"aligncenter wp-image-198576 size-full\" src=\"https:\/\/www.enerjigazetesi.ist\/wp-content\/uploads\/2025\/07\/251A6350.jpg\" alt=\"\" width=\"550\" height=\"367\" srcset=\"https:\/\/www.enerjigazetesi.ist\/wp-content\/uploads\/2025\/07\/251A6350.jpg 550w, https:\/\/www.enerjigazetesi.ist\/wp-content\/uploads\/2025\/07\/251A6350-300x200.jpg 300w, https:\/\/www.enerjigazetesi.ist\/wp-content\/uploads\/2025\/07\/251A6350-500x334.jpg 500w, https:\/\/www.enerjigazetesi.ist\/wp-content\/uploads\/2025\/07\/251A6350-75x50.jpg 75w, https:\/\/www.enerjigazetesi.ist\/wp-content\/uploads\/2025\/07\/251A6350-450x300.jpg 450w\" sizes=\"(max-width: 550px) 100vw, 550px\" \/><\/strong><\/p>\n<p>S\u00fcrd\u00fcr\u00fclebilir \u00fcretim hedefleri do\u011frultusunda enerji yat\u0131r\u0131mlar\u0131na h\u0131z kesmeden devam eden Efor Holding \u015firketlerinden Efor \u00c7ay, Elaz\u0131\u011f\u2019da hayata ge\u00e7irmeyi planlad\u0131\u011f\u0131 Efor 3 G\u00fcne\u015f Enerjisi Santrali (GES) projesi i\u00e7in 10 MW AC ve 11,9 MWp DC kurulu g\u00fcce sahip \u00e7a\u011fr\u0131 mektubunu ald\u0131.<\/p>\n<p>2026 y\u0131l\u0131 i\u00e7inde kurulum ve devreye alma \u00e7al\u0131\u015fmalar\u0131n\u0131n tamamlanmas\u0131 hedeflenen Efor 3 GES\u2019in, y\u0131ll\u0131k yakla\u015f\u0131k 23.000 MWh elektrik \u00fcretmesi \u00f6ng\u00f6r\u00fcl\u00fcyor. S\u00f6z konusu \u00fcretim kapasitesi, grubun enerji t\u00fcketim ihtiyac\u0131na katk\u0131 sa\u011flaman\u0131n yan\u0131 s\u0131ra \u00e7evresel s\u00fcrd\u00fcr\u00fclebilirli\u011fe de \u00f6nemli bir destek sunacak.<\/p>\n<h3><strong>Sadece \u00fcretime de\u011fil, do\u011faya da de\u011fer katmak istiyoruz<\/strong><\/h3>\n<p><strong>Efor Holding CEO\u2019su Ahmet Demir<\/strong>, konuyla ilgili yapt\u0131\u011f\u0131 de\u011ferlendirmede <em>&#8220;\u00dcretimin oldu\u011fu her alanda art\u0131k enerji verimlili\u011fi ve \u00e7evresel etkiyi g\u00f6z ard\u0131 etmek m\u00fcmk\u00fcn de\u011fil. Biz de Efor Holding olarak sadece \u00fcretime de\u011fil, do\u011faya da de\u011fer katmak istiyoruz. Elaz\u0131\u011f\u2019da hayata ge\u00e7irece\u011fimiz Efor 3 GES, bu yakla\u015f\u0131m\u0131m\u0131z\u0131n somut bir \u00f6rne\u011fi. Bu yat\u0131r\u0131m\u0131m\u0131zla hem kendi enerji ihtiyac\u0131m\u0131z\u0131 daha temiz kaynaklardan kar\u015f\u0131layacak hem de \u00fclkemizin ye\u015fil d\u00f6n\u00fc\u015f\u00fcm\u00fcne katk\u0131 sa\u011flayaca\u011f\u0131z.\u201d<\/em> dedi.<\/p>\n<p>Yenilenebilir enerji yat\u0131r\u0131mlar\u0131n\u0131n, Efor Holding\u2019in uzun vadeli vizyonunun temel ta\u015flar\u0131ndan biri oldu\u011funu vurgulayan Demir, \u00f6n\u00fcm\u00fczdeki d\u00f6nemde bu alandaki projelerin artarak devam edece\u011fini de belirtti.<\/p>\n<p>Efor Holding\u2019in yenilenebilir enerji alan\u0131ndaki yat\u0131r\u0131mlar\u0131 yaln\u0131zca Elaz\u0131\u011f\u2019la s\u0131n\u0131rl\u0131 de\u011fil. Grup b\u00fcnyesinde, Malatya Arapgir\u2019de 131.650 m\u00b2\u2019lik alanda kurulu GES projeleri g\u00fcvenli ve verimli enerji \u00fcretimi sa\u011flarken, Samsun\u2019daki 36 bin m\u00b2\u2019lik Efor G\u00fcbre tesisinde yer alan 2,56 MWp kapasiteli \u00e7at\u0131 tipi GES ile tesisin b\u00fcy\u00fck k\u0131sm\u0131 temiz enerjiyle \u00e7al\u0131\u015f\u0131yor. R\u00fczgar enerjisi taraf\u0131nda ise Sivas\u2019taki 160 MW kapasiteli Yellice RES projesi, y\u0131ll\u0131k 450 GWh \u00fcretim hacmi ve \u00f6nemli karbon azalt\u0131m\u0131 katk\u0131s\u0131yla \u00f6ne \u00e7\u0131k\u0131yor. \u0130stanbul\u2019un \u00c7atalca ve Silivri il\u00e7elerinde geli\u015ftirilen toplam 49,5 MW kapasiteli r\u00fczgar enerjisi santrali projesiyle de Efor Holding, farkl\u0131 kaynaklardan elde edilen temiz enerji \u00fcretimini \u00fclke geneline yaymaya devam ediyor.<\/p>\n<p>Yay\u0131na Alan: Alperen ERTA\u015e-<a href=\"http:\/\/alperen.ertas@enerjigazetesi.ist\">alperen.ertas@enerjigazetesi.ist<\/a><\/p>","protected":false},"excerpt":{"rendered":"<p>Sorry, this entry is only available in Turkish. For the sake of viewer convenience, the content is shown below in the alternative language. You may click the link to switch the active language. Efor \u00c7ay, s\u00fcrd\u00fcr\u00fclebilirlik odakl\u0131 b\u00fcy\u00fcme stratejisi kapsam\u0131nda yenilenebilir enerji yat\u0131r\u0131mlar\u0131n\u0131 kararl\u0131l\u0131kla s\u00fcrd\u00fcr\u00fcyor. Bu kapsamda \u015firket, Elaz\u0131\u011f\u2019da 10 MW AC ve 11.9 MWp [&hellip;]<\/p>\n","protected":false},"author":19,"featured_media":198576,"comment_status":"open","ping_status":"open","sticky":false,"template":"","format":"standard","meta":[],"categories":[53,49],"tags":[],"views":16,"_links":{"self":[{"href":"https:\/\/www.enerjigazetesi.ist\/en\/wp-json\/wp\/v2\/posts\/198575"}],"collection":[{"href":"https:\/\/www.enerjigazetesi.ist\/en\/wp-json\/wp\/v2\/posts"}],"about":[{"href":"https:\/\/www.enerjigazetesi.ist\/en\/wp-json\/wp\/v2\/types\/post"}],"author":[{"embeddable":true,"href":"https:\/\/www.enerjigazetesi.ist\/en\/wp-json\/wp\/v2\/users\/19"}],"replies":[{"embeddable":true,"href":"https:\/\/www.enerjigazetesi.ist\/en\/wp-json\/wp\/v2\/comments?post=198575"}],"version-history":[{"count":0,"href":"https:\/\/www.enerjigazetesi.ist\/en\/wp-json\/wp\/v2\/posts\/198575\/revisions"}],"wp:featuredmedia":[{"embeddable":true,"href":"https:\/\/www.enerjigazetesi.ist\/en\/wp-json\/wp\/v2\/media\/198576"}],"wp:attachment":[{"href":"https:\/\/www.enerjigazetesi.ist\/en\/wp-json\/wp\/v2\/media?parent=198575"}],"wp:term":[{"taxonomy":"category","embeddable":true,"href":"https:\/\/www.enerjigazetesi.ist\/en\/wp-json\/wp\/v2\/categories?post=198575"},{"taxonomy":"post_tag","embeddable":true,"href":"https:\/\/www.enerjigazetesi.ist\/en\/wp-json\/wp\/v2\/tags?post=198575"}],"curies":[{"name":"wp","href":"https:\/\/api.w.org\/{rel}","templated":true}]}}