{"id":198529,"date":"2025-07-18T12:17:00","date_gmt":"2025-07-18T09:17:00","guid":{"rendered":"https:\/\/www.enerjigazetesi.ist\/?p=198529"},"modified":"2025-07-18T12:17:47","modified_gmt":"2025-07-18T09:17:47","slug":"humanis-enerjisinin-yuzde-81ini-gunesten-karsiliyor","status":"publish","type":"post","link":"https:\/\/www.enerjigazetesi.ist\/en\/humanis-enerjisinin-yuzde-81ini-gunesten-karsiliyor\/","title":{"rendered":"(Turkish) Humanis Enerjisinin Y\u00fczde 81\u2019ini G\u00fcne\u015ften Kar\u015f\u0131l\u0131yor"},"content":{"rendered":"<p class=\"qtranxs-available-languages-message qtranxs-available-languages-message-en\">Sorry, this entry is only available in <a href=\"https:\/\/www.enerjigazetesi.ist\/tr\/wp-json\/wp\/v2\/posts\/198529\" class=\"qtranxs-available-language-link qtranxs-available-language-link-tr\" title=\"Turkish\">Turkish<\/a>. For the sake of viewer convenience, the content is shown below in the alternative language. You may click the link to switch the active language.<\/p><p><\/p>\n<h2><strong>Humanis, yenilenebilir enerji yat\u0131r\u0131mlar\u0131 ve veriye dayal\u0131 enerji y\u00f6netimiyle sekt\u00f6r\u00fcne \u00f6nc\u00fcl\u00fck ediyor. D\u00fc\u015f\u00fck karbonlu gelecek hedefiyle \u015firket, yenilenebilir enerji yat\u0131r\u0131mlar\u0131 ile somut sonu\u00e7lar elde etmeye devam ediyor. 2025 y\u0131l\u0131 itibar\u0131yla, enerji ihtiyac\u0131n\u0131n y\u00fczde 81\u2019i ni g\u00fcne\u015fin s\u0131n\u0131rs\u0131z ve temiz g\u00fcc\u00fcnden kar\u015f\u0131l\u0131yor. \u00a0\u00d6te yandan Humanis, T\u00fcrkiye EN-VER\u0130M 100 ara\u015ft\u0131rmas\u0131nda ilk 50 firma aras\u0131nda yer alan tek ila\u00e7 \u015firketi olma \u00f6zelli\u011fiyle de \u00f6ne \u00e7\u0131k\u0131yor.<\/strong><\/h2>\n<p><img loading=\"lazy\" class=\"aligncenter wp-image-198532 size-full\" src=\"https:\/\/www.enerjigazetesi.ist\/wp-content\/uploads\/2025\/07\/1752742522_G__rsel__3_.jpg\" alt=\"\" width=\"550\" height=\"413\" srcset=\"https:\/\/www.enerjigazetesi.ist\/wp-content\/uploads\/2025\/07\/1752742522_G__rsel__3_.jpg 550w, https:\/\/www.enerjigazetesi.ist\/wp-content\/uploads\/2025\/07\/1752742522_G__rsel__3_-300x225.jpg 300w, https:\/\/www.enerjigazetesi.ist\/wp-content\/uploads\/2025\/07\/1752742522_G__rsel__3_-500x375.jpg 500w, https:\/\/www.enerjigazetesi.ist\/wp-content\/uploads\/2025\/07\/1752742522_G__rsel__3_-67x50.jpg 67w\" sizes=\"(max-width: 550px) 100vw, 550px\" \/><\/p>\n<p>&nbsp;<\/p>\n<p><em>\u201cHerkes i\u00e7in s\u00fcrd\u00fcr\u00fclebilir sa\u011fl\u0131k\u201d<\/em> anlay\u0131\u015f\u0131yla faaliyetlerini s\u00fcrd\u00fcren Humanis, 22 Haziran D\u00fcnya Yenilenebilir Enerji G\u00fcn\u00fc\u2019nde yenilenebilir enerji vizyonunu ve yat\u0131r\u0131mlar\u0131n\u0131 payla\u015ft\u0131. Enerji y\u00f6netimini stratejik bir \u00f6ncelik olarak g\u00f6ren Humanis, \u00fcretim ve operasyon s\u00fcre\u00e7lerinde verimlili\u011fi art\u0131rmak ve \u00e7evresel etkileri azaltmak amac\u0131yla b\u00fct\u00fcnc\u00fcl bir enerji stratejisi y\u00fcr\u00fct\u00fcyor.<strong>\u00a0<\/strong>Humanis\u2019in enerji verimlili\u011fi politikas\u0131, enerji fark\u0131ndal\u0131\u011f\u0131n\u0131n art\u0131r\u0131lmas\u0131, \u00e7al\u0131\u015fan kat\u0131l\u0131m\u0131yla verimli enerji kullan\u0131m\u0131n\u0131n sa\u011flanmas\u0131 ve yenilenebilir enerji kaynaklar\u0131na ge\u00e7i\u015fin h\u0131zland\u0131r\u0131lmas\u0131n\u0131 hedefliyor. \u015eirket, enerji t\u00fcketiminin dijital sistemlerle izlenmesine \u00f6ncelik verirken, karbon emisyonlar\u0131n\u0131 azaltmak i\u00e7in de \u00e7e\u015fitli uygulamalar\u0131 devreye al\u0131yor. Teknolojik geli\u015fmelere uyumlu yat\u0131r\u0131m kararlar\u0131 almay\u0131 \u00f6nemseyen Humanis, t\u00fcm bu s\u00fcre\u00e7lerde yasal gerekliliklere tam uyum sa\u011flamay\u0131 ve payda\u015flar\u0131yla \u015feffaf bir ileti\u015fim anlay\u0131\u015f\u0131n\u0131 benimsiyor.<\/p>\n<p>&nbsp;<\/p>\n<h3><strong>Enerji t\u00fcketiminin y\u00fczde 81\u2019ini GES\u2019 ten kar\u015f\u0131l\u0131yor<\/strong><\/h3>\n<p>\u00c7at\u0131 g\u00fcne\u015f enerjisi sisteminin (GES) ard\u0131ndan hayata ge\u00e7irdi\u011fi arazi GES yat\u0131r\u0131m\u0131yla birlikte Humanis\u2019 in yenilenebilir enerji kurulu g\u00fcc\u00fc 6 MW\u2019a ula\u015ft\u0131. 2025 Ocak<strong>\u00a0<\/strong>ay\u0131 itibar\u0131yla \u015firket, GES\u2019ten sa\u011flad\u0131\u011f\u0131 enerji oran\u0131n\u0131 y\u00fczde 81\u2019e y\u00fckselti. \u00d6zellikle Mart ve Nisan aylar\u0131nda elektrik t\u00fcketiminin tamam\u0131n\u0131 g\u00fcne\u015f enerjisinden kar\u015f\u0131lad\u0131. Bununla birlikte Humanis, tedarik etti\u011fi elektrik enerjisinde de I-REC sertifikal\u0131 yenilenebilir kaynaklar\u0131 tercih ediyor. Science Based Targets initiative (SBTi) do\u011frultusunda, 2030 y\u0131l\u0131na kadar karbon emisyonlar\u0131n\u0131 azaltma taahh\u00fcd\u00fcn\u00fc s\u00fcrd\u00fcren Humanis, bu hedefi yaln\u0131zca bir \u00e7evre taahh\u00fcd\u00fc olarak de\u011fil; iklimle uyumlu b\u00fcy\u00fcme modelinin temel ta\u015f\u0131 olarak g\u00f6r\u00fcyor.<\/p>\n<p>&nbsp;<\/p>\n<h3><strong>Enerji et\u00fctleriyle operasyonel tasarruf sa\u011fl\u0131yor<\/strong><\/h3>\n<p>Humanis, enerji y\u00f6netim stratejisinin temel unsurlar\u0131ndan biri olarak enerji et\u00fctlerine b\u00fcy\u00fck \u00f6nem veriyor. Kapsaml\u0131 enerji et\u00fctleri arac\u0131l\u0131\u011f\u0131yla enerji yo\u011fun s\u00fcre\u00e7lerini analiz ediliyor, t\u00fcketimi azaltmaya y\u00f6nelik iyile\u015ftirme at\u0131l\u0131mlar\u0131n\u0131 devreye al\u0131yor. Bu veriye dayal\u0131 yakla\u015f\u0131m, hem operasyonel maliyetlerin azalmas\u0131n\u0131 hem de \u00e7evresel etkilerin en aza indirilmesini sa\u011fl\u0131yor. Ba\u015far\u0131l\u0131 enerji verimlili\u011fi projelerine imza atan Humanis, Turkish Time dergisinin T\u00fcrkiye EN-VER\u0130M 100 ara\u015ft\u0131rmas\u0131nda enerji verimlili\u011fine en fazla yat\u0131r\u0131m yapan ilk 50 firma aras\u0131nda yer ald\u0131. \u00dcstelik bu ba\u015far\u0131y\u0131 elde eden tek ila\u00e7 firmas\u0131 olarak sekt\u00f6r\u00fcnde \u00f6rnek te\u015fkil ediyor.<\/p>\n<p><img loading=\"lazy\" class=\"aligncenter wp-image-198530 size-full\" src=\"https:\/\/www.enerjigazetesi.ist\/wp-content\/uploads\/2025\/07\/1752742504_Humanis_Teknik_Operasyonlar_Genel_Muduru_Fatih_Elay.jpg\" alt=\"\" width=\"550\" height=\"364\" srcset=\"https:\/\/www.enerjigazetesi.ist\/wp-content\/uploads\/2025\/07\/1752742504_Humanis_Teknik_Operasyonlar_Genel_Muduru_Fatih_Elay.jpg 550w, https:\/\/www.enerjigazetesi.ist\/wp-content\/uploads\/2025\/07\/1752742504_Humanis_Teknik_Operasyonlar_Genel_Muduru_Fatih_Elay-300x199.jpg 300w, https:\/\/www.enerjigazetesi.ist\/wp-content\/uploads\/2025\/07\/1752742504_Humanis_Teknik_Operasyonlar_Genel_Muduru_Fatih_Elay-500x331.jpg 500w, https:\/\/www.enerjigazetesi.ist\/wp-content\/uploads\/2025\/07\/1752742504_Humanis_Teknik_Operasyonlar_Genel_Muduru_Fatih_Elay-76x50.jpg 76w\" sizes=\"(max-width: 550px) 100vw, 550px\" \/><\/p>\n<h3><\/h3>\n<h3><strong>Enerji bilincini kurum k\u00fclt\u00fcr\u00fc haline getiriyoruz<\/strong><\/h3>\n<p>S\u00fcrd\u00fcrd\u00fckleri enerji politikalar\u0131 \u00fczerine<strong>\u00a0Humanis Teknik Operasyonlar Genel M\u00fcd\u00fcr\u00fc Fatih Elay,\u00a0<\/strong>\u015funlar\u0131 s\u00f6yledi:<strong>\u00a0<\/strong><em>\u201cEnerji verimlili\u011fi ve yenilenebilir kaynak kullan\u0131m\u0131, bizim i\u00e7in bir tercih de\u011fil, gelece\u011fe kar\u015f\u0131 sorumlulu\u011fumuzun do\u011fal bir par\u00e7as\u0131d\u0131r. Humanis olarak, kaynaklar\u0131 daha verimli kullanmak ve karbon ayak izimizi azaltmak i\u00e7in kararl\u0131l\u0131kla \u00e7al\u0131\u015f\u0131yoruz. G\u00fcne\u015f enerjisi yat\u0131r\u0131mlar\u0131m\u0131z, enerji et\u00fctlerine dayal\u0131 iyile\u015ftirme ad\u0131mlar\u0131m\u0131zla, sadece bug\u00fcn\u00fc de\u011fil yar\u0131n\u0131 da g\u00f6zeten bir d\u00f6n\u00fc\u015f\u00fcm ger\u00e7ekle\u015ftiriyoruz. Bu d\u00f6n\u00fc\u015f\u00fcm\u00fcn merkezine \u00e7al\u0131\u015fanlar\u0131m\u0131z\u0131 koyarak enerji bilincini kurum k\u00fclt\u00fcr\u00fc haline getiriyoruz. Bug\u00fcn geldi\u011fimiz noktada, yaln\u0131zca sekt\u00f6r\u00fcm\u00fczde de\u011fil, \u00fclkemizin yenilenebilir enerji yolculu\u011funda da \u00f6nc\u00fc bir kurum olman\u0131n gururunu ya\u015f\u0131yoruz. Yar\u0131nlara daha temiz, daha ya\u015fanabilir bir d\u00fcnya b\u0131rakmak i\u00e7in \u00e7al\u0131\u015fmaya devam edece\u011fiz.\u201d <\/em>dedi.<\/p>\n<p>Yay\u0131na Alan: Alperen ERTA\u015e-<a href=\"http:\/\/alperen.ertas@enerjigazetesi.ist\">alperen.ertas@enerjigazetesi.ist<\/a><\/p>","protected":false},"excerpt":{"rendered":"<p>Sorry, this entry is only available in Turkish. For the sake of viewer convenience, the content is shown below in the alternative language. You may click the link to switch the active language. Humanis, yenilenebilir enerji yat\u0131r\u0131mlar\u0131 ve veriye dayal\u0131 enerji y\u00f6netimiyle sekt\u00f6r\u00fcne \u00f6nc\u00fcl\u00fck ediyor. D\u00fc\u015f\u00fck karbonlu gelecek hedefiyle \u015firket, yenilenebilir enerji yat\u0131r\u0131mlar\u0131 ile somut [&hellip;]<\/p>\n","protected":false},"author":19,"featured_media":198531,"comment_status":"open","ping_status":"open","sticky":false,"template":"","format":"standard","meta":[],"categories":[53,49],"tags":[2326,113578],"views":18,"_links":{"self":[{"href":"https:\/\/www.enerjigazetesi.ist\/en\/wp-json\/wp\/v2\/posts\/198529"}],"collection":[{"href":"https:\/\/www.enerjigazetesi.ist\/en\/wp-json\/wp\/v2\/posts"}],"about":[{"href":"https:\/\/www.enerjigazetesi.ist\/en\/wp-json\/wp\/v2\/types\/post"}],"author":[{"embeddable":true,"href":"https:\/\/www.enerjigazetesi.ist\/en\/wp-json\/wp\/v2\/users\/19"}],"replies":[{"embeddable":true,"href":"https:\/\/www.enerjigazetesi.ist\/en\/wp-json\/wp\/v2\/comments?post=198529"}],"version-history":[{"count":0,"href":"https:\/\/www.enerjigazetesi.ist\/en\/wp-json\/wp\/v2\/posts\/198529\/revisions"}],"wp:featuredmedia":[{"embeddable":true,"href":"https:\/\/www.enerjigazetesi.ist\/en\/wp-json\/wp\/v2\/media\/198531"}],"wp:attachment":[{"href":"https:\/\/www.enerjigazetesi.ist\/en\/wp-json\/wp\/v2\/media?parent=198529"}],"wp:term":[{"taxonomy":"category","embeddable":true,"href":"https:\/\/www.enerjigazetesi.ist\/en\/wp-json\/wp\/v2\/categories?post=198529"},{"taxonomy":"post_tag","embeddable":true,"href":"https:\/\/www.enerjigazetesi.ist\/en\/wp-json\/wp\/v2\/tags?post=198529"}],"curies":[{"name":"wp","href":"https:\/\/api.w.org\/{rel}","templated":true}]}}