{"id":198506,"date":"2025-07-14T13:24:33","date_gmt":"2025-07-14T10:24:33","guid":{"rendered":"https:\/\/www.enerjigazetesi.ist\/?p=198506"},"modified":"2025-07-14T13:24:33","modified_gmt":"2025-07-14T10:24:33","slug":"cinin-gunes-ve-ruzgar-yatirimi-2025te-520-gigavati-asacak","status":"publish","type":"post","link":"https:\/\/www.enerjigazetesi.ist\/en\/cinin-gunes-ve-ruzgar-yatirimi-2025te-520-gigavati-asacak\/","title":{"rendered":"(Turkish) \u00c7in\u2019in G\u00fcne\u015f ve R\u00fczg\u00e2r Yat\u0131r\u0131m\u0131 2025\u2019te 520 Gigavat\u0131 A\u015facak"},"content":{"rendered":"<p class=\"qtranxs-available-languages-message qtranxs-available-languages-message-en\">Sorry, this entry is only available in <a href=\"https:\/\/www.enerjigazetesi.ist\/tr\/wp-json\/wp\/v2\/posts\/198506\" class=\"qtranxs-available-language-link qtranxs-available-language-link-tr\" title=\"Turkish\">Turkish<\/a>. For the sake of viewer convenience, the content is shown below in the alternative language. You may click the link to switch the active language.<\/p><p><\/p>\n<h2><strong>D\u00fcnyan\u0131n en b\u00fcy\u00fck yenilenebilir enerji \u00fcreticisi \u00c7in\u2019in, 2025 y\u0131l\u0131 sonunda g\u00fcne\u015f ve r\u00fczgar enerjisinde toplam 520 gigavatl\u0131k yeni kapasite devreye almas\u0131 bekleniyor. B\u00f6ylece \u00fclkenin toplam elektrik kurulu g\u00fcc\u00fcn\u00fcn 4 bin gigavata yakla\u015faca\u011f\u0131 \u00f6ng\u00f6r\u00fcl\u00fcyor.<\/strong><\/h2>\n<p><img loading=\"lazy\" class=\"aligncenter wp-image-198507 size-full\" src=\"https:\/\/www.enerjigazetesi.ist\/wp-content\/uploads\/2025\/07\/renewable-1989416_1280-1-1200x1200-1.jpg\" alt=\"\" width=\"550\" height=\"366\" srcset=\"https:\/\/www.enerjigazetesi.ist\/wp-content\/uploads\/2025\/07\/renewable-1989416_1280-1-1200x1200-1.jpg 550w, https:\/\/www.enerjigazetesi.ist\/wp-content\/uploads\/2025\/07\/renewable-1989416_1280-1-1200x1200-1-300x200.jpg 300w, https:\/\/www.enerjigazetesi.ist\/wp-content\/uploads\/2025\/07\/renewable-1989416_1280-1-1200x1200-1-500x333.jpg 500w, https:\/\/www.enerjigazetesi.ist\/wp-content\/uploads\/2025\/07\/renewable-1989416_1280-1-1200x1200-1-75x50.jpg 75w, https:\/\/www.enerjigazetesi.ist\/wp-content\/uploads\/2025\/07\/renewable-1989416_1280-1-1200x1200-1-450x300.jpg 450w\" sizes=\"(max-width: 550px) 100vw, 550px\" \/><\/p>\n<p>2024\u2019\u00fcn ilk 5 ay\u0131nda \u00c7in, 260 gigavatl\u0131k yeni kapasite kurarak Almanya\u2019n\u0131n toplam elektrik g\u00fcc\u00fcne e\u015fde\u011fer bir b\u00fcy\u00fcme sa\u011flad\u0131. G\u00fcne\u015f enerjisi alan\u0131nda k\u00fcresel \u00fcretimin y\u00fczde 83\u2019\u00fcn\u00fc elinde bulunduran \u00c7in, bu y\u0131l 380 gigavat g\u00fcne\u015f ve 140 gigavat r\u00fczgar kapasitesi eklemeyi planl\u0131yor.<\/p>\n<p>Y\u0131l sonunda g\u00fcne\u015f ve r\u00fczgar\u0131n toplam elektrik kurulu g\u00fcc\u00fcndeki pay\u0131n\u0131n y\u00fczde 48\u2019e ula\u015fmas\u0131 hedefleniyor. \u00c7in, bu yat\u0131r\u0131mlarla 2060 karbon n\u00f6tr hedefi do\u011frultusunda ilerliyor.<\/p>\n<p>Yay\u0131na Alan: Alperen ERTA\u015e-<a href=\"http:\/\/alperen.ertas@enerjigazetesi.ist\">alperen.ertas@enerjigazetesi.ist<\/a><\/p>","protected":false},"excerpt":{"rendered":"<p>Sorry, this entry is only available in Turkish. For the sake of viewer convenience, the content is shown below in the alternative language. You may click the link to switch the active language. D\u00fcnyan\u0131n en b\u00fcy\u00fck yenilenebilir enerji \u00fcreticisi \u00c7in\u2019in, 2025 y\u0131l\u0131 sonunda g\u00fcne\u015f ve r\u00fczgar enerjisinde toplam 520 gigavatl\u0131k yeni kapasite devreye almas\u0131 bekleniyor. [&hellip;]<\/p>\n","protected":false},"author":19,"featured_media":198507,"comment_status":"open","ping_status":"open","sticky":false,"template":"","format":"standard","meta":[],"categories":[53,49,50],"tags":[62418,116924],"views":9,"_links":{"self":[{"href":"https:\/\/www.enerjigazetesi.ist\/en\/wp-json\/wp\/v2\/posts\/198506"}],"collection":[{"href":"https:\/\/www.enerjigazetesi.ist\/en\/wp-json\/wp\/v2\/posts"}],"about":[{"href":"https:\/\/www.enerjigazetesi.ist\/en\/wp-json\/wp\/v2\/types\/post"}],"author":[{"embeddable":true,"href":"https:\/\/www.enerjigazetesi.ist\/en\/wp-json\/wp\/v2\/users\/19"}],"replies":[{"embeddable":true,"href":"https:\/\/www.enerjigazetesi.ist\/en\/wp-json\/wp\/v2\/comments?post=198506"}],"version-history":[{"count":0,"href":"https:\/\/www.enerjigazetesi.ist\/en\/wp-json\/wp\/v2\/posts\/198506\/revisions"}],"wp:featuredmedia":[{"embeddable":true,"href":"https:\/\/www.enerjigazetesi.ist\/en\/wp-json\/wp\/v2\/media\/198507"}],"wp:attachment":[{"href":"https:\/\/www.enerjigazetesi.ist\/en\/wp-json\/wp\/v2\/media?parent=198506"}],"wp:term":[{"taxonomy":"category","embeddable":true,"href":"https:\/\/www.enerjigazetesi.ist\/en\/wp-json\/wp\/v2\/categories?post=198506"},{"taxonomy":"post_tag","embeddable":true,"href":"https:\/\/www.enerjigazetesi.ist\/en\/wp-json\/wp\/v2\/tags?post=198506"}],"curies":[{"name":"wp","href":"https:\/\/api.w.org\/{rel}","templated":true}]}}