{"id":198488,"date":"2025-07-14T12:39:46","date_gmt":"2025-07-14T09:39:46","guid":{"rendered":"https:\/\/www.enerjigazetesi.ist\/?p=198488"},"modified":"2025-07-14T14:50:16","modified_gmt":"2025-07-14T11:50:16","slug":"istanbulda-barajlarda-atik-temizligi","status":"publish","type":"post","link":"https:\/\/www.enerjigazetesi.ist\/en\/istanbulda-barajlarda-atik-temizligi\/","title":{"rendered":"(Turkish) \u0130stanbul&#8217;da Barajlarda At\u0131k Temizli\u011fi Yap\u0131ld\u0131"},"content":{"rendered":"<p class=\"qtranxs-available-languages-message qtranxs-available-languages-message-en\">Sorry, this entry is only available in <a href=\"https:\/\/www.enerjigazetesi.ist\/tr\/wp-json\/wp\/v2\/posts\/198488\" class=\"qtranxs-available-language-link qtranxs-available-language-link-tr\" title=\"Turkish\">Turkish<\/a>. For the sake of viewer convenience, the content is shown below in the alternative language. You may click the link to switch the active language.<\/p><p><\/p>\n<h2><strong>\u0130stanbul\u2019un su kaynaklar\u0131n\u0131 ve \u00e7evre sa\u011fl\u0131\u011f\u0131n\u0131 korumak i\u00e7in s\u00fcrd\u00fcr\u00fclen \u00e7evre temizlik \u00e7al\u0131\u015fmalar\u0131 kapsam\u0131nda baraj havzalar\u0131nda geni\u015f \u00e7apl\u0131 bir temizlik operasyonu ger\u00e7ekle\u015ftirildi. \u0130STA\u00c7 A\u015e\u2019nin koordinasyonunda y\u00fcr\u00fct\u00fclen \u00e7al\u0131\u015fmalarda 5 ton at\u0131k titizlikle topland\u0131.<\/strong><\/h2>\n<p><img loading=\"lazy\" class=\"size-full wp-image-198489 aligncenter\" src=\"https:\/\/www.enerjigazetesi.ist\/wp-content\/uploads\/2025\/07\/1751018997_MHR_8427.jpg\" alt=\"\" width=\"550\" height=\"367\" srcset=\"https:\/\/www.enerjigazetesi.ist\/wp-content\/uploads\/2025\/07\/1751018997_MHR_8427.jpg 550w, https:\/\/www.enerjigazetesi.ist\/wp-content\/uploads\/2025\/07\/1751018997_MHR_8427-300x200.jpg 300w, https:\/\/www.enerjigazetesi.ist\/wp-content\/uploads\/2025\/07\/1751018997_MHR_8427-500x334.jpg 500w, https:\/\/www.enerjigazetesi.ist\/wp-content\/uploads\/2025\/07\/1751018997_MHR_8427-75x50.jpg 75w, https:\/\/www.enerjigazetesi.ist\/wp-content\/uploads\/2025\/07\/1751018997_MHR_8427-450x300.jpg 450w\" sizes=\"(max-width: 550px) 100vw, 550px\" \/><\/p>\n<p>At\u0131k y\u00f6netimini \u00e7evreye duyarl\u0131, s\u0131f\u0131r at\u0131k bilinciyle, s\u00fcrd\u00fcr\u00fclebilir ve yenilik\u00e7i y\u00f6ntemlerle ger\u00e7ekle\u015ftiren \u0130stanbul B\u00fcy\u00fck\u015fehir Belediyesi (\u0130BB) i\u015ftiraki \u0130STA\u00c7 A\u015e Terkos, B\u00fcy\u00fck\u00e7ekmece, Sazl\u0131dere, \u00d6merli ve Esenceli barajlar\u0131nda e\u015f zamanl\u0131 olarak temizlik \u00e7al\u0131\u015fmas\u0131 ger\u00e7ekle\u015ftirdi.<\/p>\n<p>Yakla\u015f\u0131k \u00fc\u00e7 g\u00fcn s\u00fcren temizlik faaliyetlerinde toplam 21 ara\u00e7 kullan\u0131ld\u0131 ve 135 temizlik personeli g\u00f6rev ald\u0131. Baraj havzalar\u0131nda yap\u0131lan kapsaml\u0131 \u00e7al\u0131\u015fmalarda, \u00e7evreye zarar verebilecek kat\u0131 at\u0131klar \u00f6zenle toplanarak bertaraf edildi. Elde edilen verilere g\u00f6re, yaz aylar\u0131ndan kaynaklanan<strong>\u00a0<\/strong>su seviyesinin d\u00fc\u015fmesi nedeniyle g\u00fcn y\u00fcz\u00fcne \u00e7\u0131kan<strong>\u00a0<\/strong>toplam 5 ton (5000 kilogram) at\u0131k toplanarak \u0130STA\u00c7\u2019\u0131n modern geri kazan\u0131m tesislerine sevk edildi. Burada \u00e7evresel geri d\u00f6n\u00fc\u015f\u00fcm s\u00fcre\u00e7lerine dahil edilen at\u0131klar hem do\u011fan\u0131n korunmas\u0131na katk\u0131 sa\u011flad\u0131 hem de s\u00fcrd\u00fcr\u00fclebilir at\u0131k y\u00f6netimi politikalar\u0131n\u0131n bir par\u00e7as\u0131 haline geldi.<\/p>\n<p>Yay\u0131na Alan: Alperen ERTA\u015e-<a href=\"http:\/\/alperen.ertas@enerjigazetesi.ist\">alperen.ertas@enerjigazetesi.ist<\/a><\/p>","protected":false},"excerpt":{"rendered":"<p>Sorry, this entry is only available in Turkish. For the sake of viewer convenience, the content is shown below in the alternative language. You may click the link to switch the active language. \u0130stanbul\u2019un su kaynaklar\u0131n\u0131 ve \u00e7evre sa\u011fl\u0131\u011f\u0131n\u0131 korumak i\u00e7in s\u00fcrd\u00fcr\u00fclen \u00e7evre temizlik \u00e7al\u0131\u015fmalar\u0131 kapsam\u0131nda baraj havzalar\u0131nda geni\u015f \u00e7apl\u0131 bir temizlik operasyonu ger\u00e7ekle\u015ftirildi. \u0130STA\u00c7 [&hellip;]<\/p>\n","protected":false},"author":19,"featured_media":198489,"comment_status":"open","ping_status":"open","sticky":false,"template":"","format":"standard","meta":[],"categories":[53],"tags":[116921,116919],"views":23,"_links":{"self":[{"href":"https:\/\/www.enerjigazetesi.ist\/en\/wp-json\/wp\/v2\/posts\/198488"}],"collection":[{"href":"https:\/\/www.enerjigazetesi.ist\/en\/wp-json\/wp\/v2\/posts"}],"about":[{"href":"https:\/\/www.enerjigazetesi.ist\/en\/wp-json\/wp\/v2\/types\/post"}],"author":[{"embeddable":true,"href":"https:\/\/www.enerjigazetesi.ist\/en\/wp-json\/wp\/v2\/users\/19"}],"replies":[{"embeddable":true,"href":"https:\/\/www.enerjigazetesi.ist\/en\/wp-json\/wp\/v2\/comments?post=198488"}],"version-history":[{"count":0,"href":"https:\/\/www.enerjigazetesi.ist\/en\/wp-json\/wp\/v2\/posts\/198488\/revisions"}],"wp:featuredmedia":[{"embeddable":true,"href":"https:\/\/www.enerjigazetesi.ist\/en\/wp-json\/wp\/v2\/media\/198489"}],"wp:attachment":[{"href":"https:\/\/www.enerjigazetesi.ist\/en\/wp-json\/wp\/v2\/media?parent=198488"}],"wp:term":[{"taxonomy":"category","embeddable":true,"href":"https:\/\/www.enerjigazetesi.ist\/en\/wp-json\/wp\/v2\/categories?post=198488"},{"taxonomy":"post_tag","embeddable":true,"href":"https:\/\/www.enerjigazetesi.ist\/en\/wp-json\/wp\/v2\/tags?post=198488"}],"curies":[{"name":"wp","href":"https:\/\/api.w.org\/{rel}","templated":true}]}}